{"id":149956,"date":"2022-02-25T19:45:00","date_gmt":"2022-02-25T18:45:00","guid":{"rendered":"http:\/\/www.tucomarca.com\/wordpress\/segunda\/?p=149956"},"modified":"2022-02-25T19:58:31","modified_gmt":"2022-02-25T18:58:31","slug":"la-generalitat-ofrece-su-total-apoyo-al-pueblo-ucraniano-y-muestra-su-rechazo-frontal-a-la-agresion-brutal-y-contraria-a-la-legalidad-internacional-por-parte-de-rusia","status":"publish","type":"post","link":"https:\/\/www.tucomarca.com\/wordpress\/segunda\/la-generalitat-ofrece-su-total-apoyo-al-pueblo-ucraniano-y-muestra-su-rechazo-frontal-a-la-agresion-brutal-y-contraria-a-la-legalidad-internacional-por-parte-de-rusia\/","title":{"rendered":"La Generalitat ofrece su \u00abtotal apoyo\u00bb al pueblo ucraniano y muestra su rechazo frontal a la agresi\u00f3n \u00abbrutal\u00bb y \u00abcontraria a la legalidad internacional\u00bb por parte de Rusia"},"content":{"rendered":"\n<p><strong>El president traslada a la representaci\u00f3n diplom\u00e1tica de Ucrania en la Comunitat Valenciana que el Consell garantiza \u00abtoda la ayuda humanitaria y el refugio que sea requerido para dar respuesta a la vertiente humana del conflicto\u00bb<\/strong><\/p>\n\n\n\n<p><strong>Ximo Puig anuncia que la Generalitat pondr\u00e1 en marcha de inmediato una comisi\u00f3n de seguimiento que tiene por objeto mitigar las consecuencias econ\u00f3micas del ataque a Ucrania y apoyar a las empresas valencianas afectadas por esta situaci\u00f3n<\/strong><\/p>\n\n\n\n<p>El president de la Generalitat, Ximo Puig, ha expresado su \u00abtotal apoyo\u00bb al pueblo ucraniano y ha expresado su rechazo \u00abfrontal\u00bb a la agresi\u00f3n militar \u00abbrutal\u00bb, \u00abinjustificada\u00bb y \u00abcontraria a cualquier legalidad internacional\u00bb cometida hacia este pa\u00eds por parte del Gobierno ruso.&nbsp;<\/p>\n\n\n\n<p>As\u00ed lo ha expresado tras mantener una reuni\u00f3n en el Palau con la c\u00f3nsul general de Ucrania en Barcelona, Anastasia Nehoda; el c\u00f3nsul honorario de Ucrania en Valencia, Pablo Gil; el representante del Colegio Nacional de Abogados de Ucrania y presidente del Instituto 9 de Mayo, Andreu Yakubuv-Trembach y la coordinadora del colectivo de estudiantes en la Universitat de Val\u00e8ncia &#8216;Acci\u00f3 UV-Ucra\u00efna&#8217;, Tetyana Nizhelovska.&nbsp;<\/p>\n\n\n\n<p>El president ha trasladado en el encuentro a la representaci\u00f3n diplom\u00e1tica de Ucrania en la Comunitat Valenciana que el Consell ofrecer\u00e1 \u00abtoda la ayuda humanitaria y el refugio que sea requerido para dar respuesta a la vertiente humana del conflicto\u00bb y ha pedido a todos los municipios y al resto de instituciones valencianas que \u00abse sumen a esta respuesta humanitaria\u00bb.<\/p>\n\n\n\n<p>Asimismo, ha avanzado que la Generalitat pondr\u00e1 en marcha de inmediato una comisi\u00f3n de seguimiento que tiene por objeto \u00abmitigar\u00bb las consecuencias econ\u00f3micas que el ataque militar a Ucrania pueda tener para la Comunitat y apoyar a las empresas valencianas afectadas por esta situaci\u00f3n.<\/p>\n\n\n\n<p>El president ha ofrecido toda la solidaridad de la Comunitat con los ciudadanos y ciudadanas de Ucrania, \u00abque est\u00e1n siendo v\u00edctimas inocentes de una agresi\u00f3n profundamente injustificada, un ataque brutal con tr\u00e1gicas consecuencias\u00bb. Por ello, ha indicado, \u00abla Generalitat condena en\u00e9rgicamente la agresi\u00f3n militar del Gobierno de Putin contra Ucrania y rechaza frontalmente esta guerra\u00bb.<\/p>\n\n\n\n<p>Como ha manifestado, \u00abesta agresi\u00f3n es contraria a cualquier legalidad internacional y pone en riesgo la seguridad de todo el continente europeo, y, por ello, quiero expresar nuestro total apoyo al pueblo y al gobierno ucraniano, y a la soberan\u00eda y la integridad territorial de su pa\u00eds\u00bb.<\/p>\n\n\n\n<p>\u00abCompartimos los sentimientos de angustia de los m\u00e1s de 20.000 residentes ucranianos en nuestra tierra, la Comunitat Valenciana\u00bb, ha se\u00f1alado el president, quien ha garantizado que \u00abel sufrimiento de los inocentes ser\u00e1 atendido con los brazos abiertos por este pueblo hospitalario que es el pueblo valenciano\u00bb. La Comunitat es una de las autonom\u00edas con mayor presencia de personas procedentes de Ucrania, m\u00e1s de la mitad de ellas residentes en la provincia de Alicante.<\/p>\n\n\n\n<p>\u00abLo prioritario son las vidas y el dolor de tantas personas, de tantas familias; eso est\u00e1 por encima de cualquier otra consideraci\u00f3n\u00bb, ha agregado Puig, quien ha destacado tambi\u00e9n la importancia de evaluar el impacto econ\u00f3mico que tendr\u00e1 esta \u00abgrave agresi\u00f3n\u00bb, ante la cual la Comunitat Valenciana \u00abquiere estar preparada\u00bb. Por ello, ha avanzado que se crear\u00e1 \u00aben los pr\u00f3ximos d\u00edas\u00bb la comisi\u00f3n de seguimiento que se encargar\u00e1 de ello.<\/p>\n\n\n\n<p>\u00abSin duda, este es un momento tr\u00e1gico para Europa\u00bb, ha se\u00f1alado tambi\u00e9n el president, que se ha preguntado \u00abc\u00f3mo es posible que estemos saliendo de una pandemia, con todo el dolor que nos ha causado, y que ahora suframos una guerra en nuestro propio continente\u00bb. \u00abDesde luego, no tiene ning\u00fan sentido. No es el tiempo de la guerra. Nunca lo es. Y ahora menos. Este debe ser el tiempo de la paz, de la democracia y de la libertad. Esos son los valores que deben restablecerse y que la Comunitat Valenciana defender\u00e1 siempre\u00bb, ha enfatizado.<\/p>\n\n\n\n<p>En la reuni\u00f3n ha estado tambi\u00e9n presente el secretario auton\u00f3mico para la Uni\u00f3n Europea y Relaciones Externas, Joan Calabuig.<\/p>\n","protected":false},"excerpt":{"rendered":"<div class=\"mh-excerpt\">El president traslada a la representaci\u00f3n diplom\u00e1tica de Ucrania en la Comunitat Valenciana que el Consell garantiza \u00abtoda la ayuda humanitaria y el refugio que sea requerido para dar respuesta a la vertiente humana del <a class=\"mh-excerpt-more\" href=\"https:\/\/www.tucomarca.com\/wordpress\/segunda\/la-generalitat-ofrece-su-total-apoyo-al-pueblo-ucraniano-y-muestra-su-rechazo-frontal-a-la-agresion-brutal-y-contraria-a-la-legalidad-internacional-por-parte-de-rusia\/\" title=\"La Generalitat ofrece su \u00abtotal apoyo\u00bb al pueblo ucraniano y muestra su rechazo frontal a la agresi\u00f3n \u00abbrutal\u00bb y \u00abcontraria a la legalidad internacional\u00bb por parte de Rusia\">[+] <\/a><\/div>\n","protected":false},"author":1,"featured_media":149957,"comment_status":"open","ping_status":"open","sticky":false,"template":"","format":"standard","meta":{"footnotes":""},"categories":[128,8,72,142,3,116,45],"tags":[2142,16428,2972],"class_list":{"0":"post-149956","1":"post","2":"type-post","3":"status-publish","4":"format-standard","5":"has-post-thumbnail","7":"category-infraestructuras","8":"category-la-comarca","9":"category-sin-categorizar","10":"category-politica-la-comarca","11":"category-seccion","12":"category-sucesos-la-comarca","13":"category-ventana","14":"tag-la-comunitat","15":"tag-ucrania","16":"tag-ximo-puig"},"_links":{"self":[{"href":"https:\/\/www.tucomarca.com\/wordpress\/segunda\/wp-json\/wp\/v2\/posts\/149956","targetHints":{"allow":["GET"]}}],"collection":[{"href":"https:\/\/www.tucomarca.com\/wordpress\/segunda\/wp-json\/wp\/v2\/posts"}],"about":[{"href":"https:\/\/www.tucomarca.com\/wordpress\/segunda\/wp-json\/wp\/v2\/types\/post"}],"author":[{"embeddable":true,"href":"https:\/\/www.tucomarca.com\/wordpress\/segunda\/wp-json\/wp\/v2\/users\/1"}],"replies":[{"embeddable":true,"href":"https:\/\/www.tucomarca.com\/wordpress\/segunda\/wp-json\/wp\/v2\/comments?post=149956"}],"version-history":[{"count":0,"href":"https:\/\/www.tucomarca.com\/wordpress\/segunda\/wp-json\/wp\/v2\/posts\/149956\/revisions"}],"wp:featuredmedia":[{"embeddable":true,"href":"https:\/\/www.tucomarca.com\/wordpress\/segunda\/wp-json\/wp\/v2\/media\/149957"}],"wp:attachment":[{"href":"https:\/\/www.tucomarca.com\/wordpress\/segunda\/wp-json\/wp\/v2\/media?parent=149956"}],"wp:term":[{"taxonomy":"category","embeddable":true,"href":"https:\/\/www.tucomarca.com\/wordpress\/segunda\/wp-json\/wp\/v2\/categories?post=149956"},{"taxonomy":"post_tag","embeddable":true,"href":"https:\/\/www.tucomarca.com\/wordpress\/segunda\/wp-json\/wp\/v2\/tags?post=149956"}],"curies":[{"name":"wp","href":"https:\/\/api.w.org\/{rel}","templated":true}]}}