{"id":150010,"date":"2022-02-26T11:39:00","date_gmt":"2022-02-26T10:39:00","guid":{"rendered":"http:\/\/www.tucomarca.com\/wordpress\/segunda\/?p=150010"},"modified":"2022-02-28T13:40:21","modified_gmt":"2022-02-28T12:40:21","slug":"el-departamento-de-salud-de-la-ribera-cierra-la-campana-de-la-gripe-con-record-historico-de-vacunacion-en-mayores-de-64-anos","status":"publish","type":"post","link":"https:\/\/www.tucomarca.com\/wordpress\/segunda\/el-departamento-de-salud-de-la-ribera-cierra-la-campana-de-la-gripe-con-record-historico-de-vacunacion-en-mayores-de-64-anos\/","title":{"rendered":"El Departamento de Salud de la Ribera cierra la campa\u00f1a de la gripe con r\u00e9cord hist\u00f3rico de vacunaci\u00f3n en mayores de 64 a\u00f1os"},"content":{"rendered":"\n<h4 class=\"wp-block-heading\">El Departamento de Salud ha vacunado al 76% de las personas mayores de 64 a\u00f1os, el grupo de riesgo m\u00e1s importante contemplado en la campa\u00f1a<\/h4>\n\n\n\n<h4 class=\"wp-block-heading\">Se han administrado cerca de 56.100 dosis, el segundo mejor registro de los \u00faltimos 10 a\u00f1os<\/h4>\n\n\n\n<p>El Departamento de Salud de la Ribera ha finalizado la campa\u00f1a contra la gripe 2021-2022 con r\u00e9cord hist\u00f3rico de vacunaci\u00f3n en personas mayores de 64 a\u00f1os, el grupo de riesgo m\u00e1s importante en los que se recomienda la vacunaci\u00f3n.<\/p>\n\n\n\n<p>As\u00ed, desde el pasado 27 de octubre y hasta el 31 de enero, el Departamento de la Ribera ha vacunado a un total de 40.041 mayores de 64 a\u00f1os, el mejor registro de cobertura vacunal desde 2003, lo que le permite, adem\u00e1s, superar en 11 puntos el objetivo marcado por la Conselleria de Sanitat para esta temporada 2021-2022. &nbsp; &nbsp;<\/p>\n\n\n\n<p>Cabe destacar que en las 11 zonas b\u00e1sicas de este Departamento de Salud se ha superado el 70% de vacunaci\u00f3n para esta poblaci\u00f3n diana, llegando, incluso, a alcanzarse el 80% en algunos municipios.<\/p>\n\n\n\n<p>Seg\u00fan el director de Enfermer\u00eda de Atenci\u00f3n Primaria del Departamento de Salud de la Ribera, Carlos Herrero, \u201cdetr\u00e1s de estos altos \u00edndices de protecci\u00f3n contra la gripe, est\u00e1 el trabajo de todos los profesionales de Enfermer\u00eda de Atenci\u00f3n Primaria, que han llevado a cabo una gran labor de coordinaci\u00f3n para alcanzar estos magn\u00edficos resultados de cobertura vacunal\u201d.&nbsp; &nbsp;<\/p>\n\n\n\n<p><strong>M\u00e1s de 56.000 dosis administradas<\/strong><\/p>\n\n\n\n<p>A nivel global, el Departamento de Salud de la Ribera ha administrado un total de 56.043 dosis, su segundo mejor registro de los \u00faltimos 10 a\u00f1os. Del total de personas vacunadas, el 55% han sido mujeres y el 45%, hombres.<\/p>\n\n\n\n<p>En palabras de Herrero, \u201cesta campa\u00f1a de vacunaci\u00f3n ha supuesto un verdadero desaf\u00edo para la Atenci\u00f3n Primaria este a\u00f1o, ya que ha coincidido con la sexta ola de coronavirus, con un importante incremento de atenciones en los centros de salud, tanto f\u00edsica como telef\u00f3nicamente, y con la administraci\u00f3n de la dosis de recuerdo de la vacuna frente al coronavirus\u201d.<\/p>\n\n\n\n<p>\u201cLos resultados obtenidos en la campa\u00f1a de la vacunaci\u00f3n contra la gripe \u2013ha continuado Herrero- solo han podido ser posibles gracias a la implicaci\u00f3n, dedicaci\u00f3n y compromiso de nuestros profesionales de Enfermer\u00eda\u201d.<\/p>\n\n\n\n<p><strong>Profesionales sociosanitarios<\/strong><\/p>\n\n\n\n<p>Junto al grupo de mayores de 64 a\u00f1os, cabe destacar que el Departamento de Salud de la Ribera ha vacunado, a m\u00e1s de 3.000 profesionales sanitarios y sociosanitarios de la comarca (trabajadores de las residencias de mayores o con diversidad funcional, hospital y centros de salud), lo que ha supuesto superar el 94% de este colectivo. &nbsp;<\/p>\n","protected":false},"excerpt":{"rendered":"<div class=\"mh-excerpt\">El Departamento de Salud ha vacunado al 76% de las personas mayores de 64 a\u00f1os, el grupo de riesgo m\u00e1s importante contemplado en la campa\u00f1a Se han administrado cerca de 56.100 dosis, el segundo mejor <a class=\"mh-excerpt-more\" href=\"https:\/\/www.tucomarca.com\/wordpress\/segunda\/el-departamento-de-salud-de-la-ribera-cierra-la-campana-de-la-gripe-con-record-historico-de-vacunacion-en-mayores-de-64-anos\/\" title=\"El Departamento de Salud de la Ribera cierra la campa\u00f1a de la gripe con r\u00e9cord hist\u00f3rico de vacunaci\u00f3n en mayores de 64 a\u00f1os\">[+] <\/a><\/div>\n","protected":false},"author":12,"featured_media":150013,"comment_status":"open","ping_status":"open","sticky":false,"template":"","format":"standard","meta":{"footnotes":""},"categories":[69,119,128,8,42,3],"tags":[16434,14092,8694,16435],"class_list":{"0":"post-150010","1":"post","2":"type-post","3":"status-publish","4":"format-standard","5":"has-post-thumbnail","7":"category-alzira","8":"category-sanidad-la-comarca","9":"category-infraestructuras","10":"category-la-comarca","11":"category-la-ribera","12":"category-seccion","13":"tag-campana-de-la-gripe","14":"tag-departamento-de-salud-de-la-ribera","15":"tag-hospital-de-la-ribera","16":"tag-vacuna-gripe"},"_links":{"self":[{"href":"https:\/\/www.tucomarca.com\/wordpress\/segunda\/wp-json\/wp\/v2\/posts\/150010","targetHints":{"allow":["GET"]}}],"collection":[{"href":"https:\/\/www.tucomarca.com\/wordpress\/segunda\/wp-json\/wp\/v2\/posts"}],"about":[{"href":"https:\/\/www.tucomarca.com\/wordpress\/segunda\/wp-json\/wp\/v2\/types\/post"}],"author":[{"embeddable":true,"href":"https:\/\/www.tucomarca.com\/wordpress\/segunda\/wp-json\/wp\/v2\/users\/12"}],"replies":[{"embeddable":true,"href":"https:\/\/www.tucomarca.com\/wordpress\/segunda\/wp-json\/wp\/v2\/comments?post=150010"}],"version-history":[{"count":0,"href":"https:\/\/www.tucomarca.com\/wordpress\/segunda\/wp-json\/wp\/v2\/posts\/150010\/revisions"}],"wp:featuredmedia":[{"embeddable":true,"href":"https:\/\/www.tucomarca.com\/wordpress\/segunda\/wp-json\/wp\/v2\/media\/150013"}],"wp:attachment":[{"href":"https:\/\/www.tucomarca.com\/wordpress\/segunda\/wp-json\/wp\/v2\/media?parent=150010"}],"wp:term":[{"taxonomy":"category","embeddable":true,"href":"https:\/\/www.tucomarca.com\/wordpress\/segunda\/wp-json\/wp\/v2\/categories?post=150010"},{"taxonomy":"post_tag","embeddable":true,"href":"https:\/\/www.tucomarca.com\/wordpress\/segunda\/wp-json\/wp\/v2\/tags?post=150010"}],"curies":[{"name":"wp","href":"https:\/\/api.w.org\/{rel}","templated":true}]}}