{"id":150296,"date":"2022-03-02T10:15:00","date_gmt":"2022-03-02T09:15:00","guid":{"rendered":"http:\/\/www.tucomarca.com\/wordpress\/segunda\/?p=150296"},"modified":"2022-03-02T11:59:34","modified_gmt":"2022-03-02T10:59:34","slug":"ecologistes-en-accio-y-la-plataforma-aire-limpio-califican-de-noticia-excelente-el-cese-de-la-incineracion-de-residuos-peligrosos-en-bunol","status":"publish","type":"post","link":"https:\/\/www.tucomarca.com\/wordpress\/segunda\/ecologistes-en-accio-y-la-plataforma-aire-limpio-califican-de-noticia-excelente-el-cese-de-la-incineracion-de-residuos-peligrosos-en-bunol\/","title":{"rendered":"Ecologistes en Acci\u00f3 y la Plataforma Aire Limpio califican de \u00abnoticia excelente\u00bb el cese de la incineraci\u00f3n de residuos peligrosos en Bu\u00f1ol"},"content":{"rendered":"\n<p><strong>Los ecologistas celebran que la cementera de Bu\u00f1ol, ahora en manos de un nuevo propietario, \u00c7imsa, deje de incinerar residuos peligrosos como hac\u00eda Cemex.&nbsp;<\/strong><\/p>\n\n\n\n<p><strong>Es una vieja reivindicaci\u00f3n de la Plataforma Aire Limpio En Bu\u00f1ol-Chiva y de diversos Ayuntamientos y un clamor social en la comarca de la Hoya de Bu\u00f1ol, ya que esa incineraci\u00f3n generaba sustancias peligrosas para la salud humana.&nbsp;<\/strong><\/p>\n\n\n\n<p><strong>Sorprende que la Conselleria de Transici\u00f3n Ecol\u00f3gica alardee ahora de su intervenci\u00f3n en este tema cuando autoriz\u00f3 la quema de 30.000 toneladas de residuos peligrosos en fecha reciente de 16 de octubre de 2021, rechazando las alegaciones de los colectivos sociales, ecologistas y Ayuntamientos.&nbsp;<\/strong><\/p>\n\n\n\n<p><strong>La nueva propietaria de la cementera de Bu\u00f1ol (Cimsa Cementos Espa\u00f1a SAU) ha renunciado voluntariamente a incinerar residuos peligrosos, pr\u00e1ctica a la que se aferr\u00f3 Cemex Espa\u00f1a durante m\u00e1s de 15 a\u00f1os.&nbsp;<\/strong><\/p>\n\n\n\n<p>De una \u00abexcelente noticia\u00bb han calificado los ecologistas la renuncia voluntaria del nuevo propietario de cementera de Bu\u00f1ol, Cimsa Cementos Espa\u00f1a SAU, filial de la cementera turca \u00c7imsa, a incinerar residuos peligrosos en el proceso de elaboraci\u00f3n del cemento blanco. \u00abAunque se desconocen las circunstancias y t\u00e9rminos de esa renuncia, la calidad del aire y la salud ambiental de la comarca de la Hoya de Bu\u00f1ol ganar\u00e1 muchos enteros a partir de ahora\u00bb, han manifestado desde la Plataforma Aire Limpio.&nbsp;<\/p>\n\n\n\n<p>\u00abDesde noviembre de 2006 Cemex Espa\u00f1a SA tuvo autorizaci\u00f3n para incinerar en sus instalaciones en Bu\u00f1ol diversos tipos de residuos peligrosos y no peligrosos: disolventes industriales clorados y no clorados, combustibles l\u00edquidos que contienen sustancias peligrosas, lodos de tratamientos f\u00edsico-qu\u00edmicos que contienen sustancias peligrosas y rechazos del tratamiento de residuos urbanos\u00bb.&nbsp;<\/p>\n\n\n\n<p>\u00abEn 2011 Cemex present\u00f3 un proyecto para convertir la cementera de Bu\u00f1ol en una macroincineradora que pretend\u00eda incinerar 260.000 toneladas anuales de residuos peligrosos y no peligrosos, ampliando su capacidad en sus dos hornos de cemento blanco y gris\u00bb.&nbsp;<\/p>\n\n\n\n<p>\u00abDesde entonces se levant\u00f3 un poderoso movimiento social de oposici\u00f3n a la incineraci\u00f3n de residuos, con innumerables movilizaciones, presentaci\u00f3n de alegaciones y manifiestos y extendiendo la protesta hasta varios Ayuntamientos de la comarca\u00bb, tal como han recordado desde Aire Limpio.&nbsp;<\/p>\n\n\n\n<p>\u00abEn dos ocasiones la Conselleria competente estuvo a punto de acceder a esa solicitud. En septiembre de 2014 cuando gobernaba el PP y en junio de 2016 con el Bot\u00e0nic. A esas propuestas de resoluci\u00f3n en el tr\u00e1mite de audiencia Ecologistas en Acci\u00f3n present\u00f3 razonadas y potentes alegaciones que paralizaron el procedimiento. Finalmente en octubre de 2021 y desoyendo las alegaciones de colectivos sociales y Ayuntamientos,&nbsp;la Conselleria competente autoriz\u00f3 a Cemex a incinerar 123.000 toneladas anuales de 56 tipos de residuos no peligrosos en el \u00fanico horno de cemento blanco que quedaba tras el desmantelamiento del horno de cemento gris, y de 30.000 toneladas de disolventes y combustibles l\u00edquidos que contienen sustancias peligrosas. Esa cantidad de residuos era incluso superior a la solicitud inicial de Cemex en 2011\u00bb.&nbsp;<\/p>\n\n\n\n<p>\u00abTodav\u00eda esa Conselleria no se ha dignado a contestar el recurso de alzada contra esa autorizaci\u00f3n, que presentaron los ecologistas y diversos Ayuntamientos de la comarca\u00bb, han recordado.&nbsp;<\/p>\n\n\n\n<p>\u00abPor eso sorprende que ahora esa Conselleria saque pecho y valore positivamente esa renuncia de Cimsa pues supone la culminaci\u00f3n a un trabajo conjunto de la sociedad civil y ambiental de la comarca de la Hoya de Bu\u00f1ol, trabajo conjunto inexistente, pues la Conselleria y la Generalitat ha hecho o\u00eddos sordos al clamor contrario a la incineraci\u00f3n\u00bb, han criticado desde Aire Limpio.&nbsp;<\/p>\n\n\n\n<p>\u00abResulta pat\u00e9tico que la Conselleria aduzca ahora el principio de proximidad, ya que esos residuos peligrosos ten\u00edan su origen en su totalidad en otras Comunidades Aut\u00f3nomas, cuando hizo caso omiso de esa alegaci\u00f3n en el tr\u00e1mite de audiencia\u00bb.&nbsp;<\/p>\n\n\n\n<p>\u00abQueremos agradecer a la Plataforma Aire Limpio en La Hoya de Bu\u00f1ol-Chiva, a la ciudadan\u00eda responsable y a los Ayuntamientos que durante estos a\u00f1os han apoyado esa reivindicaci\u00f3n (Macastre, Cheste y Chiva los que m\u00e1s) y que han dado la cara frente al lobby incinerador de Cemex y a la Generalitat Valenciana\u00bb, han finalizado.&nbsp;<\/p>\n","protected":false},"excerpt":{"rendered":"<div class=\"mh-excerpt\">Los ecologistas celebran que la cementera de Bu\u00f1ol, ahora en manos de un nuevo propietario, \u00c7imsa, deje de incinerar residuos peligrosos como hac\u00eda Cemex.&nbsp; Es una vieja reivindicaci\u00f3n de la Plataforma Aire Limpio En Bu\u00f1ol-Chiva <a class=\"mh-excerpt-more\" href=\"https:\/\/www.tucomarca.com\/wordpress\/segunda\/ecologistes-en-accio-y-la-plataforma-aire-limpio-califican-de-noticia-excelente-el-cese-de-la-incineracion-de-residuos-peligrosos-en-bunol\/\" title=\"Ecologistes en Acci\u00f3 y la Plataforma Aire Limpio califican de \u00abnoticia excelente\u00bb el cese de la incineraci\u00f3n de residuos peligrosos en Bu\u00f1ol\">[+] <\/a><\/div>\n","protected":false},"author":1,"featured_media":83191,"comment_status":"open","ping_status":"open","sticky":false,"template":"","format":"standard","meta":{"footnotes":""},"categories":[18,119,128,8,72,10,117,142,3,116],"tags":[10385,255,14659,9827,5952],"class_list":{"0":"post-150296","1":"post","2":"type-post","3":"status-publish","4":"format-standard","5":"has-post-thumbnail","7":"category-bunol","8":"category-sanidad-la-comarca","9":"category-infraestructuras","10":"category-la-comarca","11":"category-sin-categorizar","12":"category-la-hoya","13":"category-medio-ambiente-la-comarca","14":"category-politica-la-comarca","15":"category-seccion","16":"category-sucesos-la-comarca","17":"tag-bunol","18":"tag-cemex","19":"tag-cimsa","20":"tag-incineracion","21":"tag-la-hoya-de-bunol-chiva"},"_links":{"self":[{"href":"https:\/\/www.tucomarca.com\/wordpress\/segunda\/wp-json\/wp\/v2\/posts\/150296","targetHints":{"allow":["GET"]}}],"collection":[{"href":"https:\/\/www.tucomarca.com\/wordpress\/segunda\/wp-json\/wp\/v2\/posts"}],"about":[{"href":"https:\/\/www.tucomarca.com\/wordpress\/segunda\/wp-json\/wp\/v2\/types\/post"}],"author":[{"embeddable":true,"href":"https:\/\/www.tucomarca.com\/wordpress\/segunda\/wp-json\/wp\/v2\/users\/1"}],"replies":[{"embeddable":true,"href":"https:\/\/www.tucomarca.com\/wordpress\/segunda\/wp-json\/wp\/v2\/comments?post=150296"}],"version-history":[{"count":0,"href":"https:\/\/www.tucomarca.com\/wordpress\/segunda\/wp-json\/wp\/v2\/posts\/150296\/revisions"}],"wp:featuredmedia":[{"embeddable":true,"href":"https:\/\/www.tucomarca.com\/wordpress\/segunda\/wp-json\/wp\/v2\/media\/83191"}],"wp:attachment":[{"href":"https:\/\/www.tucomarca.com\/wordpress\/segunda\/wp-json\/wp\/v2\/media?parent=150296"}],"wp:term":[{"taxonomy":"category","embeddable":true,"href":"https:\/\/www.tucomarca.com\/wordpress\/segunda\/wp-json\/wp\/v2\/categories?post=150296"},{"taxonomy":"post_tag","embeddable":true,"href":"https:\/\/www.tucomarca.com\/wordpress\/segunda\/wp-json\/wp\/v2\/tags?post=150296"}],"curies":[{"name":"wp","href":"https:\/\/api.w.org\/{rel}","templated":true}]}}