{"id":150538,"date":"2022-03-04T17:35:00","date_gmt":"2022-03-04T16:35:00","guid":{"rendered":"http:\/\/www.tucomarca.com\/wordpress\/segunda\/?p=150538"},"modified":"2022-03-04T20:58:07","modified_gmt":"2022-03-04T19:58:07","slug":"valoracion-positiva-en-cheste-del-acuerdo-para-la-disminucion-de-los-danos-agricolas-causados-por-los-conejos","status":"publish","type":"post","link":"https:\/\/www.tucomarca.com\/wordpress\/segunda\/valoracion-positiva-en-cheste-del-acuerdo-para-la-disminucion-de-los-danos-agricolas-causados-por-los-conejos\/","title":{"rendered":"Valoraci\u00f3n positiva en Cheste del acuerdo para la disminuci\u00f3n de los da\u00f1os agr\u00edcolas causados por los conejos"},"content":{"rendered":"\n<p>El pasado jueves, 24 de febrero, se celebr\u00f3 en el ayuntamiento una reuni\u00f3n entre el Club de Caza \u201cLa Perdiz\u201d, AFECO (Afectados por los conejos de monte), la Cooperativa Cheste Agraria y el Ayuntamiento, con el objetivo de hacer una valoraci\u00f3n de la eficacia del acuerdo que firmaron el pasado mes de julio para el control de la poblaci\u00f3n de conejos en Cheste y la reducci\u00f3n de da\u00f1os agr\u00edcolas en los cultivos.<\/p>\n\n\n\n<p>\u201cTodas las entidades firmantes hemos constatado el buen funcionamiento de este acuerdo y nos mostramos dispuestas a continuar colaborando dentro de este marco de actuaci\u00f3n\u201d, ha apuntado el concejal de Agricultura, Francisco Llorens. \u201cAdem\u00e1s, la comisi\u00f3n dependiente del Consejo Agrario que supervisa las actuaciones referentes a esta problem\u00e1tica va a continuar vigilando que las decisiones que se tomen vayan en la l\u00ednea de los objetivos de este pacto, que tan buenos resultados est\u00e1 dando\u201d.<\/p>\n\n\n\n<p><strong>Seguimiento del acuerdo<\/strong><\/p>\n\n\n\n<p>Seg\u00fan se expres\u00f3 en la reuni\u00f3n, desde la firma del pacto el Club de Caza \u201cLa Perdiz\u201d ha cumplido con sus compromisos, ampliando el per\u00edodo de caza hasta el plazo establecido por Conselleria, el 14 de marzo, con todas las artes y modalidades permitidas; admitiendo como miembros del club a todos aquellos vecinos de la poblaci\u00f3n interesados con licencia de caza, y autorizando el uso de hur\u00f3n en tierras de labor.<\/p>\n\n\n\n<p><strong>Medidas a partir del 14 de marzo<\/strong><\/p>\n\n\n\n<p>El Club de Caza \u201cLa Perdiz\u201d, ante el cierre de la ampliaci\u00f3n del per\u00edodo de caza, el pr\u00f3ximo 14 de marzo, ha informado de que los agricultores que vea da\u00f1os en sus parcelas o indicios de la presencia de conejos deber\u00e1n presentar una solicitud en el ayuntamiento para que se tomen medidas de control de la poblaci\u00f3n en sus parcelas, insistiendo en la importancia de que los afectados est\u00e9n presentes durante dichas actuaciones.<\/p>\n","protected":false},"excerpt":{"rendered":"<div class=\"mh-excerpt\">El pasado jueves, 24 de febrero, se celebr\u00f3 en el ayuntamiento una reuni\u00f3n entre el Club de Caza \u201cLa Perdiz\u201d, AFECO (Afectados por los conejos de monte), la Cooperativa Cheste Agraria y el Ayuntamiento, con <a class=\"mh-excerpt-more\" href=\"https:\/\/www.tucomarca.com\/wordpress\/segunda\/valoracion-positiva-en-cheste-del-acuerdo-para-la-disminucion-de-los-danos-agricolas-causados-por-los-conejos\/\" title=\"Valoraci\u00f3n positiva en Cheste del acuerdo para la disminuci\u00f3n de los da\u00f1os agr\u00edcolas causados por los conejos\">[+] <\/a><\/div>\n","protected":false},"author":1,"featured_media":128541,"comment_status":"open","ping_status":"open","sticky":false,"template":"","format":"standard","meta":{"footnotes":""},"categories":[169,17,128,8,10,117,3],"tags":[339,2970,5952],"class_list":{"0":"post-150538","1":"post","2":"type-post","3":"status-publish","4":"format-standard","5":"has-post-thumbnail","7":"category-agricultura-la-comarca","8":"category-cheste","9":"category-infraestructuras","10":"category-la-comarca","11":"category-la-hoya","12":"category-medio-ambiente-la-comarca","13":"category-seccion","14":"tag-cheste-2","15":"tag-conejos","16":"tag-la-hoya-de-bunol-chiva"},"_links":{"self":[{"href":"https:\/\/www.tucomarca.com\/wordpress\/segunda\/wp-json\/wp\/v2\/posts\/150538","targetHints":{"allow":["GET"]}}],"collection":[{"href":"https:\/\/www.tucomarca.com\/wordpress\/segunda\/wp-json\/wp\/v2\/posts"}],"about":[{"href":"https:\/\/www.tucomarca.com\/wordpress\/segunda\/wp-json\/wp\/v2\/types\/post"}],"author":[{"embeddable":true,"href":"https:\/\/www.tucomarca.com\/wordpress\/segunda\/wp-json\/wp\/v2\/users\/1"}],"replies":[{"embeddable":true,"href":"https:\/\/www.tucomarca.com\/wordpress\/segunda\/wp-json\/wp\/v2\/comments?post=150538"}],"version-history":[{"count":0,"href":"https:\/\/www.tucomarca.com\/wordpress\/segunda\/wp-json\/wp\/v2\/posts\/150538\/revisions"}],"wp:featuredmedia":[{"embeddable":true,"href":"https:\/\/www.tucomarca.com\/wordpress\/segunda\/wp-json\/wp\/v2\/media\/128541"}],"wp:attachment":[{"href":"https:\/\/www.tucomarca.com\/wordpress\/segunda\/wp-json\/wp\/v2\/media?parent=150538"}],"wp:term":[{"taxonomy":"category","embeddable":true,"href":"https:\/\/www.tucomarca.com\/wordpress\/segunda\/wp-json\/wp\/v2\/categories?post=150538"},{"taxonomy":"post_tag","embeddable":true,"href":"https:\/\/www.tucomarca.com\/wordpress\/segunda\/wp-json\/wp\/v2\/tags?post=150538"}],"curies":[{"name":"wp","href":"https:\/\/api.w.org\/{rel}","templated":true}]}}