{"id":15066,"date":"2013-06-07T11:54:33","date_gmt":"2013-06-07T10:54:33","guid":{"rendered":"http:\/\/www.tucomarca.com\/wordpress\/segunda\/?p=15066"},"modified":"2013-06-07T11:54:33","modified_gmt":"2013-06-07T10:54:33","slug":"guillermo-forment-seguira-al-frente-de-ugt-en-valencia-sur-y-el-interior","status":"publish","type":"post","link":"https:\/\/www.tucomarca.com\/wordpress\/segunda\/guillermo-forment-seguira-al-frente-de-ugt-en-valencia-sur-y-el-interior\/","title":{"rendered":"Guillermo Forment seguir\u00e1 al frente de UGT en Valencia sur y el interior"},"content":{"rendered":"<p>El IV Congreso Comarcal de la Uni\u00f3n Comarcal UGT-PV Val\u00e8ncia Sud i Interior elige su Comisi\u00f3n Ejecutiva, encabezada por Guillermo Forment Artero, con el 75% de los votos. El evento fue inaugurado por la Alcaldesa de Alaqu\u00e0s, Elvira Garc\u00eda Campos, en la Sala Xemeneia del Castell y clausurado por Conrado Hern\u00e1ndez M\u00e1s, Secretario General de UGT-PV.<\/p>\n<p>La Gesti\u00f3n de la Comisi\u00f3n Ejecutiva saliente fue respaldada por la unanimidad del Congreso que posteriormente apoyo mayoritariamente la Comisi\u00f3n Ejecutiva de la Uni\u00f3n Comarcal encabezada por Guilermo Forment Artero como Secretario General y compuesta por Roc\u00edo Briones Morales, Secretaria de Organizaci\u00f3n e Igualdad de G\u00e9nero; V\u00edctor Fuertes Melchor, Secretario de Pol\u00edtica social y Participaci\u00f3n; Milagros Fuertes Hern\u00e1ndez, Secretaria de Empleo y Formaci\u00f3n; y \u00c1ngel Cuquerella Sales Secretario de Acci\u00f3n Sindical y Salud Laboral. <\/p>\n<p>La nueva Comisi\u00f3n Ejecutiva se fija como objetivos de trabajo en seguir creciendo en afiliaci\u00f3n y representaci\u00f3n, incorporando a personas j\u00f3venes en las actividades principales y seguir defendiendo el empleo de calidad frente a los que solo defienden la rebaja de los datos estad\u00edsticos aunque para ello las personas pierdan calidad de vida y no puedan subsistir aunque tengan trabajo, debido a lo bajo de los salarios y de las condiciones laborales.<\/p>\n","protected":false},"excerpt":{"rendered":"<div class=\"mh-excerpt\">El IV Congreso Comarcal de la Uni\u00f3n Comarcal UGT-PV Val\u00e8ncia Sud i Interior elige su Comisi\u00f3n Ejecutiva, encabezada por Guillermo Forment Artero, con el 75% de los votos. El evento fue inaugurado por la Alcaldesa <a class=\"mh-excerpt-more\" href=\"https:\/\/www.tucomarca.com\/wordpress\/segunda\/guillermo-forment-seguira-al-frente-de-ugt-en-valencia-sur-y-el-interior\/\" title=\"Guillermo Forment seguir\u00e1 al frente de UGT en Valencia sur y el interior\">[+] <\/a><\/div>\n","protected":false},"author":2,"featured_media":0,"comment_status":"open","ping_status":"open","sticky":false,"template":"","format":"standard","meta":{"footnotes":""},"categories":[8,72,10,3],"tags":[1108,713,1107,738],"class_list":{"0":"post-15066","1":"post","2":"type-post","3":"status-publish","4":"format-standard","6":"category-la-comarca","7":"category-sin-categorizar","8":"category-la-hoya","9":"category-seccion","10":"tag-forment","11":"tag-interior","12":"tag-sur","13":"tag-ugt"},"_links":{"self":[{"href":"https:\/\/www.tucomarca.com\/wordpress\/segunda\/wp-json\/wp\/v2\/posts\/15066","targetHints":{"allow":["GET"]}}],"collection":[{"href":"https:\/\/www.tucomarca.com\/wordpress\/segunda\/wp-json\/wp\/v2\/posts"}],"about":[{"href":"https:\/\/www.tucomarca.com\/wordpress\/segunda\/wp-json\/wp\/v2\/types\/post"}],"author":[{"embeddable":true,"href":"https:\/\/www.tucomarca.com\/wordpress\/segunda\/wp-json\/wp\/v2\/users\/2"}],"replies":[{"embeddable":true,"href":"https:\/\/www.tucomarca.com\/wordpress\/segunda\/wp-json\/wp\/v2\/comments?post=15066"}],"version-history":[{"count":0,"href":"https:\/\/www.tucomarca.com\/wordpress\/segunda\/wp-json\/wp\/v2\/posts\/15066\/revisions"}],"wp:attachment":[{"href":"https:\/\/www.tucomarca.com\/wordpress\/segunda\/wp-json\/wp\/v2\/media?parent=15066"}],"wp:term":[{"taxonomy":"category","embeddable":true,"href":"https:\/\/www.tucomarca.com\/wordpress\/segunda\/wp-json\/wp\/v2\/categories?post=15066"},{"taxonomy":"post_tag","embeddable":true,"href":"https:\/\/www.tucomarca.com\/wordpress\/segunda\/wp-json\/wp\/v2\/tags?post=15066"}],"curies":[{"name":"wp","href":"https:\/\/api.w.org\/{rel}","templated":true}]}}