{"id":151539,"date":"2022-03-14T06:58:00","date_gmt":"2022-03-14T05:58:00","guid":{"rendered":"http:\/\/www.tucomarca.com\/wordpress\/segunda\/?p=151539"},"modified":"2022-03-14T21:19:12","modified_gmt":"2022-03-14T20:19:12","slug":"valencia-turisme-lleva-a-milan-la-practica-del-cicloturismo-en-la-provincia","status":"publish","type":"post","link":"https:\/\/www.tucomarca.com\/wordpress\/segunda\/valencia-turisme-lleva-a-milan-la-practica-del-cicloturismo-en-la-provincia\/","title":{"rendered":"Val\u00e8ncia Turisme lleva a Mil\u00e1n la pr\u00e1ctica del cicloturismo en la provincia"},"content":{"rendered":"\n<p>La Diputaci\u00f3 de Val\u00e8ncia, a trav\u00e9s de Val\u00e8ncia Turisme, ha promocionado la pr\u00e1ctica del cicloturismo en la provincia en la Feria Internacional de Turismo de Mil\u00e1n durante el pasado fin de semana, certamen dedicado a la bicicleta en todas sus modalidades, tanto deportivas (rutas en carretera o BTT) como tur\u00edsticas (de peque\u00f1o y gran recorrido).<\/p>\n\n\n\n<p>Val\u00e8ncia Turisme ha participado en la feria, que ha superado todas las expectativas de asistencia y se ha celebrado en la Fabbrica del Vapore de Mil\u00e1n, de la mano de Turisme Comunitat Valenciana, junto a Costa Blanca y Benidorm, con el objectivo de consolidar esta modalidad tur\u00edstica en el territorio valenciano y promocionar, a&nbsp; la vez, los diferentes destinos valencianos.<\/p>\n\n\n\n<p>Tras dos a\u00f1os sin poder tener presencia f\u00edsica en un evento tur\u00edstico italiano diridigo al p\u00fablico general, a causa de la pandemia, el visitante italiano &nbsp;ha respondido satisfactoriamente con su asistencia a la feria y ha demostrado su gran inter\u00e8s y apego al destino Val\u00e8ncia, para el que Italia constituye uno de sus principales mercados.<\/p>\n\n\n\n<p>La marca de la Diputaci\u00f3 ha contado en esta experiencia con la presencia de empresarios que respaldaron la promoci\u00f3n, realizada a partir de la presentaci\u00f3n del nuevo catalogo de Cicloturismo (editado en italiano), que recoge todas las empresas de la provincia especializadas en esta pr\u00e0ctica tur\u00edstico-deportiva.<\/p>\n\n\n\n<p>La acci\u00f3n promocional se complement\u00f3 con el Cat\u00e1logo de Producto Tur\u00edstico 2022 de la provincia de Val\u00e8ncia, que a\u00fana toda la oferta actual de turismo activo, cultural y gastron\u00f3mico, y con el Cat\u00e1logo de Profesionales, presentados tambi\u00e9n en soportes digitales y c\u00f3digos QR para facilitar la informaci\u00f3n al visitante.<\/p>\n","protected":false},"excerpt":{"rendered":"<div class=\"mh-excerpt\">La Diputaci\u00f3 de Val\u00e8ncia, a trav\u00e9s de Val\u00e8ncia Turisme, ha promocionado la pr\u00e1ctica del cicloturismo en la provincia en la Feria Internacional de Turismo de Mil\u00e1n durante el pasado fin de semana, certamen dedicado a <a class=\"mh-excerpt-more\" href=\"https:\/\/www.tucomarca.com\/wordpress\/segunda\/valencia-turisme-lleva-a-milan-la-practica-del-cicloturismo-en-la-provincia\/\" title=\"Val\u00e8ncia Turisme lleva a Mil\u00e1n la pr\u00e1ctica del cicloturismo en la provincia\">[+] <\/a><\/div>\n","protected":false},"author":12,"featured_media":151542,"comment_status":"open","ping_status":"open","sticky":false,"template":"","format":"standard","meta":{"footnotes":""},"categories":[128,8,72,7,142,3,45],"tags":[3677,16553,9841],"class_list":{"0":"post-151539","1":"post","2":"type-post","3":"status-publish","4":"format-standard","5":"has-post-thumbnail","7":"category-infraestructuras","8":"category-la-comarca","9":"category-sin-categorizar","10":"category-ocio-y-cultura","11":"category-politica-la-comarca","12":"category-seccion","13":"category-ventana","14":"tag-diputacio-de-valencia","15":"tag-feria-internacional-de-turismo-de-milan","16":"tag-valencia-turisme"},"_links":{"self":[{"href":"https:\/\/www.tucomarca.com\/wordpress\/segunda\/wp-json\/wp\/v2\/posts\/151539","targetHints":{"allow":["GET"]}}],"collection":[{"href":"https:\/\/www.tucomarca.com\/wordpress\/segunda\/wp-json\/wp\/v2\/posts"}],"about":[{"href":"https:\/\/www.tucomarca.com\/wordpress\/segunda\/wp-json\/wp\/v2\/types\/post"}],"author":[{"embeddable":true,"href":"https:\/\/www.tucomarca.com\/wordpress\/segunda\/wp-json\/wp\/v2\/users\/12"}],"replies":[{"embeddable":true,"href":"https:\/\/www.tucomarca.com\/wordpress\/segunda\/wp-json\/wp\/v2\/comments?post=151539"}],"version-history":[{"count":0,"href":"https:\/\/www.tucomarca.com\/wordpress\/segunda\/wp-json\/wp\/v2\/posts\/151539\/revisions"}],"wp:featuredmedia":[{"embeddable":true,"href":"https:\/\/www.tucomarca.com\/wordpress\/segunda\/wp-json\/wp\/v2\/media\/151542"}],"wp:attachment":[{"href":"https:\/\/www.tucomarca.com\/wordpress\/segunda\/wp-json\/wp\/v2\/media?parent=151539"}],"wp:term":[{"taxonomy":"category","embeddable":true,"href":"https:\/\/www.tucomarca.com\/wordpress\/segunda\/wp-json\/wp\/v2\/categories?post=151539"},{"taxonomy":"post_tag","embeddable":true,"href":"https:\/\/www.tucomarca.com\/wordpress\/segunda\/wp-json\/wp\/v2\/tags?post=151539"}],"curies":[{"name":"wp","href":"https:\/\/api.w.org\/{rel}","templated":true}]}}