{"id":151591,"date":"2022-03-15T09:00:00","date_gmt":"2022-03-15T08:00:00","guid":{"rendered":"http:\/\/www.tucomarca.com\/wordpress\/segunda\/?p=151591"},"modified":"2022-03-15T15:23:09","modified_gmt":"2022-03-15T14:23:09","slug":"riba-roja-solicita-al-ivace-subvenciones-de-16-millones-de-euros-destinados-a-la-mejora-y-el-desarrollo-de-los-poligonos-industriales-2","status":"publish","type":"post","link":"https:\/\/www.tucomarca.com\/wordpress\/segunda\/riba-roja-solicita-al-ivace-subvenciones-de-16-millones-de-euros-destinados-a-la-mejora-y-el-desarrollo-de-los-poligonos-industriales-2\/","title":{"rendered":"Riba-roja solicita al IVACE subvenciones de 1\u20196 millones de euros destinados a la mejora y el desarrollo de los pol\u00edgonos industriales"},"content":{"rendered":"\n<h4 class=\"wp-block-heading\">La propuesta municipal est\u00e1 enfocada a mejorar estas \u00e1reas<\/h4>\n\n\n\n<p>El Ayuntamiento de Riba-roja de T\u00faria ha solicitado al Instituto Valenciano de Competitividad Empresarial (IVACE) subvenciones de hasta 1\u20196 millones de euros para trabajos de mejoras en los pol\u00edgonos industriales de la localidad. La propuesta del gobierno municipal del PSPV corresponde a la convocatoria de 2022 cuyos proyectos se tienen que iniciar y concluir a lo largo de este mismo a\u00f1o.&nbsp;<\/p>\n\n\n\n<p>Las subvenciones solicitadas por Riba-roja de T\u00faria a la Generalitat se destinar\u00e1n al desarrollo de estas \u00e1reas industriales que se concentran en sus m\u00e1s de 6 millones de metros cuadrados de extensi\u00f3n. Las ayudas se enfocan no solo a los pol\u00edgonos industriales sino tambi\u00e9n al pol\u00edgono log\u00edstico valenciano (PLV), una de las \u00e1reas con mayor volumen empresarial del \u00e1mbito de la Comunitat Valenciana. &nbsp;<\/p>\n\n\n\n<p>De esta forma, las \u00e1reas que se beneficiar\u00e1n con las subvenciones concedidas por el Ivace se concentrar\u00e1n en hasta ocho zonas de actividad industrial de Riba-roja de T\u00faria en cuyas ubicaciones existen m\u00e1s de 2.000 empresas en total. Se trata de la zona 1 formada por el sector 12 y el pol\u00edgono de la Bassa, para los que se ha solicitado una subvenci\u00f3n de 197.065 euros. &nbsp;<\/p>\n\n\n\n<p>Las peticiones de subvenci\u00f3n para estas zonas se han tomado con los votos a favor del gobierno del PSPV, adem\u00e1s del Partido Popular, Comprom\u00eds, Esquerra Unida y Podem Riba-roja Pot, mientras que Ciudadanos y Vox han optado por la abstenci\u00f3n. De esta forma, para el sector 13 y la Masia de San Antonio de Poyo se han previsto otros 197.619 euros en total.&nbsp;<\/p>\n\n\n\n<p>Las solicitudes se encaminan, tambi\u00e9n, a la mejora de la zona del pol\u00edgono Casanova, con otros 199.288 euros, adem\u00e1s de los 198.931 euros para la zona 4 en la que se incluye el conocido sector 13. La zona 5 con los pol\u00edgonos industriales del Oliveral y el by-pass se dotan, seg\u00fan la previsi\u00f3n, con 197.443 euros. El parque log\u00edstico valenciano (PLV) se ha previsto una subvenci\u00f3n de 199.198 euros.&nbsp;<\/p>\n\n\n\n<p>Por \u00faltimo, para el Mas de Bal\u00f3 de Riba-roja de T\u00faria se destinar\u00e1n 198.179 euros y para el pol\u00edgono industrial de Entrevies se han dise\u00f1ado proyectos y mejora del \u00e1rea con hasta otros 199.982 euros en total. En t\u00e9rminos globales, la suma solicitada alcanza los citados 1\u20196 millones de euros solicitados a la Generalitat Valenciana que ahora deber\u00e1 atender esta solicitud. Las ayudas se conceden para proyectos de inversi\u00f3n para mejora, modernizaci\u00f3n y dotaci\u00f3n de infraestructuras y servicios en pol\u00edgonos, \u00e1reas industriales y enclaves tecnol\u00f3gicos de la Comunitat Valenciana.&nbsp;<\/p>\n\n\n\n<p>Cabe recordar que en los \u00faltimos a\u00f1os se han obtenido diversas subvenciones y ayudas econ\u00f3micas por parte de la Generalitat, a trav\u00e9s del Ivace, por valor de m\u00e1s de 3\u20194 millones de euros, entre los que se incluyen los 2\u20192 millones desarrollados y ejecutados a lo largo de los a\u00f1os 2018 y 2019, a los que se a\u00f1aden los 1\u20192 millones de euros gestionados durante el ejercicio econ\u00f3mico del a\u00f1o 2021.&nbsp;<\/p>\n\n\n\n<p>Precisamente, durante el pasado a\u00f1o se ejecut\u00f3 1 mill\u00f3n de euros adicional aportado por las propias arcas municipales de Riba-roja de T\u00faria, de forma que el montante global alcanzado rebasa los 2\u20192 millones de euros. El Ayuntamiento de Riba-roja de T\u00faria realiza tambi\u00e9n las tareas de mantenimiento de los pol\u00edgonos industriales por valor de otros 500.000 euros anuales, cuya vigencia se inici\u00f3 en el ejercicio del a\u00f1o 2017.&nbsp; &nbsp; &nbsp;<\/p>\n\n\n\n<p>En los \u00faltimos a\u00f1os se han llevado a cabo diversos proyectos y programas de mejora en las \u00e1reas industriales de Riba-roja de T\u00faria consistentes en materia de alumbrado, tareas de se\u00f1al\u00e9tica, instalaci\u00f3n de c\u00e1maras de seguridad, obras de saneamiento, un incremento de las zonas verdes existentes en diversas zonas y, por \u00faltimo, mejoras viarias.&nbsp; &nbsp;<\/p>\n\n\n\n<p>El alcalde de Riba-roja de T\u00faria, Robert Raga, ha afirmado que estas ayudas solicitadas al Ivace \u201cson una parte muy importante para continuar mejorando y dotando a nuestros pol\u00edgonos de las prestaciones y las condiciones \u00f3ptimas que al final servir\u00e1n como motor de crecimiento econ\u00f3mico y, al mismo tiempo, permitir\u00e1n la creaci\u00f3n de nuevos puestos de trabajo entre los vecinos de nuestro municipio\u201d.&nbsp;<\/p>\n","protected":false},"excerpt":{"rendered":"<div class=\"mh-excerpt\">La propuesta municipal est\u00e1 enfocada a mejorar estas \u00e1reas El Ayuntamiento de Riba-roja de T\u00faria ha solicitado al Instituto Valenciano de Competitividad Empresarial (IVACE) subvenciones de hasta 1\u20196 millones de euros para trabajos de mejoras <a class=\"mh-excerpt-more\" href=\"https:\/\/www.tucomarca.com\/wordpress\/segunda\/riba-roja-solicita-al-ivace-subvenciones-de-16-millones-de-euros-destinados-a-la-mejora-y-el-desarrollo-de-los-poligonos-industriales-2\/\" title=\"Riba-roja solicita al IVACE subvenciones de 1\u20196 millones de euros destinados a la mejora y el desarrollo de los pol\u00edgonos industriales\">[+] <\/a><\/div>\n","protected":false},"author":12,"featured_media":151596,"comment_status":"open","ping_status":"open","sticky":false,"template":"","format":"standard","meta":{"footnotes":""},"categories":[46,128,8,142,182,3],"tags":[10395,11139,15239,15023],"class_list":{"0":"post-151591","1":"post","2":"type-post","3":"status-publish","4":"format-standard","5":"has-post-thumbnail","7":"category-camp-de-turia","8":"category-infraestructuras","9":"category-la-comarca","10":"category-politica-la-comarca","11":"category-riba-roja","12":"category-seccion","13":"tag-camp-de-turia","14":"tag-ivace","15":"tag-poligonos-industriales-riba-roja","16":"tag-riba-roja-de-turia"},"_links":{"self":[{"href":"https:\/\/www.tucomarca.com\/wordpress\/segunda\/wp-json\/wp\/v2\/posts\/151591","targetHints":{"allow":["GET"]}}],"collection":[{"href":"https:\/\/www.tucomarca.com\/wordpress\/segunda\/wp-json\/wp\/v2\/posts"}],"about":[{"href":"https:\/\/www.tucomarca.com\/wordpress\/segunda\/wp-json\/wp\/v2\/types\/post"}],"author":[{"embeddable":true,"href":"https:\/\/www.tucomarca.com\/wordpress\/segunda\/wp-json\/wp\/v2\/users\/12"}],"replies":[{"embeddable":true,"href":"https:\/\/www.tucomarca.com\/wordpress\/segunda\/wp-json\/wp\/v2\/comments?post=151591"}],"version-history":[{"count":0,"href":"https:\/\/www.tucomarca.com\/wordpress\/segunda\/wp-json\/wp\/v2\/posts\/151591\/revisions"}],"wp:featuredmedia":[{"embeddable":true,"href":"https:\/\/www.tucomarca.com\/wordpress\/segunda\/wp-json\/wp\/v2\/media\/151596"}],"wp:attachment":[{"href":"https:\/\/www.tucomarca.com\/wordpress\/segunda\/wp-json\/wp\/v2\/media?parent=151591"}],"wp:term":[{"taxonomy":"category","embeddable":true,"href":"https:\/\/www.tucomarca.com\/wordpress\/segunda\/wp-json\/wp\/v2\/categories?post=151591"},{"taxonomy":"post_tag","embeddable":true,"href":"https:\/\/www.tucomarca.com\/wordpress\/segunda\/wp-json\/wp\/v2\/tags?post=151591"}],"curies":[{"name":"wp","href":"https:\/\/api.w.org\/{rel}","templated":true}]}}