{"id":1517,"date":"2012-05-14T09:42:13","date_gmt":"2012-05-14T09:42:13","guid":{"rendered":"http:\/\/www.tucomarca.com\/wordpress\/segunda\/?p=1517"},"modified":"2012-05-14T10:24:23","modified_gmt":"2012-05-14T10:24:23","slug":"el-chiva-b-y-el-cd-cheste-b-cierran-la-temporada-con-goleadas","status":"publish","type":"post","link":"https:\/\/www.tucomarca.com\/wordpress\/segunda\/el-chiva-b-y-el-cd-cheste-b-cierran-la-temporada-con-goleadas\/","title":{"rendered":"El Chiva B y el CD Cheste B cierran la temporada con goleadas"},"content":{"rendered":"<p>El Chiva B ha cerrado la temporada 2011-12 con una c\u00f3moda goleada (4-1) frente al Campamento, antepen\u00faltimo clasificado. Los de Gil han acabado la temporada en la sexta posici\u00f3n, por lo que para el pr\u00f3xim curso el reto ser\u00e1 conseguir estar entre quienes pelean por el ascenso.<\/p>\n<p>Por otra parte, el CD Cheste B se impuso a domicilio al CD Vida por un contundente 1-7 en un choque sin mayor historia y en el que los de Diego Ronda fueron muy superiores.<\/p>\n<p>M\u00e1s informaci\u00f3n en la edici\u00f3n impresa de este semanario este mismo jueves.<\/p>\n","protected":false},"excerpt":{"rendered":"<div class=\"mh-excerpt\">El Chiva B ha cerrado la temporada 2011-12 con una c\u00f3moda goleada (4-1) frente al Campamento, antepen\u00faltimo clasificado. Los de Gil han acabado la temporada en la sexta posici\u00f3n, por lo que para el pr\u00f3xim <a class=\"mh-excerpt-more\" href=\"https:\/\/www.tucomarca.com\/wordpress\/segunda\/el-chiva-b-y-el-cd-cheste-b-cierran-la-temporada-con-goleadas\/\" title=\"El Chiva B y el CD Cheste B cierran la temporada con goleadas\">[+] <\/a><\/div>\n","protected":false},"author":2,"featured_media":0,"comment_status":"open","ping_status":"open","sticky":false,"template":"","format":"standard","meta":{"footnotes":""},"categories":[50,17,16,6,10,3],"tags":[165],"class_list":{"0":"post-1517","1":"post","2":"type-post","3":"status-publish","4":"format-standard","6":"category-futbol-deportes","7":"category-cheste","8":"category-chiva","9":"category-deportes","10":"category-la-hoya","11":"category-seccion","12":"tag-goleadas"},"_links":{"self":[{"href":"https:\/\/www.tucomarca.com\/wordpress\/segunda\/wp-json\/wp\/v2\/posts\/1517","targetHints":{"allow":["GET"]}}],"collection":[{"href":"https:\/\/www.tucomarca.com\/wordpress\/segunda\/wp-json\/wp\/v2\/posts"}],"about":[{"href":"https:\/\/www.tucomarca.com\/wordpress\/segunda\/wp-json\/wp\/v2\/types\/post"}],"author":[{"embeddable":true,"href":"https:\/\/www.tucomarca.com\/wordpress\/segunda\/wp-json\/wp\/v2\/users\/2"}],"replies":[{"embeddable":true,"href":"https:\/\/www.tucomarca.com\/wordpress\/segunda\/wp-json\/wp\/v2\/comments?post=1517"}],"version-history":[{"count":0,"href":"https:\/\/www.tucomarca.com\/wordpress\/segunda\/wp-json\/wp\/v2\/posts\/1517\/revisions"}],"wp:attachment":[{"href":"https:\/\/www.tucomarca.com\/wordpress\/segunda\/wp-json\/wp\/v2\/media?parent=1517"}],"wp:term":[{"taxonomy":"category","embeddable":true,"href":"https:\/\/www.tucomarca.com\/wordpress\/segunda\/wp-json\/wp\/v2\/categories?post=1517"},{"taxonomy":"post_tag","embeddable":true,"href":"https:\/\/www.tucomarca.com\/wordpress\/segunda\/wp-json\/wp\/v2\/tags?post=1517"}],"curies":[{"name":"wp","href":"https:\/\/api.w.org\/{rel}","templated":true}]}}