{"id":15175,"date":"2013-06-11T18:46:54","date_gmt":"2013-06-11T17:46:54","guid":{"rendered":"http:\/\/www.tucomarca.com\/wordpress\/segunda\/?p=15175"},"modified":"2013-06-11T18:46:54","modified_gmt":"2013-06-11T17:46:54","slug":"el-circuito-de-cheste-celebra-este-fin-de-semana-la-segunda-cita-de-las-gp3-series","status":"publish","type":"post","link":"https:\/\/www.tucomarca.com\/wordpress\/segunda\/el-circuito-de-cheste-celebra-este-fin-de-semana-la-segunda-cita-de-las-gp3-series\/","title":{"rendered":"El Circuito de Cheste celebra este fin de semana la segunda cita de las GP3 Series"},"content":{"rendered":"<p>El Circuit de la Comunitat Valenciana Ricardo Tormo celebra este fin de semana la segunda cita de las GP3 Series, uno de los campeonatos de automovilismo que habitualmente celebra sus carreras junto a la F\u00f3rmula 1.<\/p>\n<p>Tras las dos primeras carreras celebradas en el Circuit de Catalunya con motivo del Gran Premio de Espa\u00f1a de F\u00f3rmula 1 Tio Ellinas es el l\u00edder de la clasificaci\u00f3n, el piloto chipriota fue el vencedor de la primera carrera y termin\u00f3 cuarto en la segunda por detr\u00e1s de Aaro Vainio que es tercero de la general, Kevin Korjus quinto y del suizo Patric Niederhauser que es el segundo de la clasificaci\u00f3n.<\/p>\n<p>Los espa\u00f1oles Carlos Sainz Jr (MW Arden) y Carmen Jord\u00e1 (Bamboo) tratar\u00e1n de sumar sus primeros puntos despu\u00e9s de la semana de entrenamientos que han protagonizado en el trazado de Hungaroring. El argentino Facu Regalia (ART) fue el m\u00e1s r\u00e1pido de esas dos jornadas de entrenamientos marcados por la lluvia.<\/p>\n<p>El objetivo de las GP3 Series es ofrecer a los j\u00f3venes pilotos la oportunidad de mostrar sus cualidades y continuar con su aprendizaje dentro del mundo de la Formula 1 y se sit\u00faa como un primer escal\u00f3n antes de las GP2 Series y de la Formula 1. Pilotos como Valtteri Bottas y Esteban Guti\u00e9rrez, ganadores de las GP3 Series en 2011 y 2012 ya forman parte de la parrilla de F1.<\/p>\n<p>Todas las carreras del calendario de GP3 Series se celebran junto a los Grandes Premios europeos de Formula 1 salvo esta cita que se celebra fuera del calendario en la que los j\u00f3venes talentos del automovilismo son los principales protagonistas del fin de semana.<\/p>\n<p>Los entrenamientos tendr\u00e1n lugar en la jornada del s\u00e1bado y las dos carreras el domingo a las 11 y a las 15 horas. La entrada es gratuita para todos los aficionados que adem\u00e1s podr\u00e1n disfrutar del espect\u00e1culo del Campeonato de Espa\u00f1a de Drifting en las instalaciones de Cheste.<\/p>\n","protected":false},"excerpt":{"rendered":"<div class=\"mh-excerpt\">El Circuit de la Comunitat Valenciana Ricardo Tormo celebra este fin de semana la segunda cita de las GP3 Series, uno de los campeonatos de automovilismo que habitualmente celebra sus carreras junto a la F\u00f3rmula <a class=\"mh-excerpt-more\" href=\"https:\/\/www.tucomarca.com\/wordpress\/segunda\/el-circuito-de-cheste-celebra-este-fin-de-semana-la-segunda-cita-de-las-gp3-series\/\" title=\"El Circuito de Cheste celebra este fin de semana la segunda cita de las GP3 Series\">[+] <\/a><\/div>\n","protected":false},"author":1,"featured_media":0,"comment_status":"open","ping_status":"open","sticky":false,"template":"","format":"standard","meta":{"footnotes":""},"categories":[17,6,10,91,3],"tags":[],"class_list":{"0":"post-15175","1":"post","2":"type-post","3":"status-publish","4":"format-standard","6":"category-cheste","7":"category-deportes","8":"category-la-hoya","9":"category-motociclismo","10":"category-seccion"},"_links":{"self":[{"href":"https:\/\/www.tucomarca.com\/wordpress\/segunda\/wp-json\/wp\/v2\/posts\/15175","targetHints":{"allow":["GET"]}}],"collection":[{"href":"https:\/\/www.tucomarca.com\/wordpress\/segunda\/wp-json\/wp\/v2\/posts"}],"about":[{"href":"https:\/\/www.tucomarca.com\/wordpress\/segunda\/wp-json\/wp\/v2\/types\/post"}],"author":[{"embeddable":true,"href":"https:\/\/www.tucomarca.com\/wordpress\/segunda\/wp-json\/wp\/v2\/users\/1"}],"replies":[{"embeddable":true,"href":"https:\/\/www.tucomarca.com\/wordpress\/segunda\/wp-json\/wp\/v2\/comments?post=15175"}],"version-history":[{"count":0,"href":"https:\/\/www.tucomarca.com\/wordpress\/segunda\/wp-json\/wp\/v2\/posts\/15175\/revisions"}],"wp:attachment":[{"href":"https:\/\/www.tucomarca.com\/wordpress\/segunda\/wp-json\/wp\/v2\/media?parent=15175"}],"wp:term":[{"taxonomy":"category","embeddable":true,"href":"https:\/\/www.tucomarca.com\/wordpress\/segunda\/wp-json\/wp\/v2\/categories?post=15175"},{"taxonomy":"post_tag","embeddable":true,"href":"https:\/\/www.tucomarca.com\/wordpress\/segunda\/wp-json\/wp\/v2\/tags?post=15175"}],"curies":[{"name":"wp","href":"https:\/\/api.w.org\/{rel}","templated":true}]}}