{"id":15177,"date":"2013-06-11T18:47:19","date_gmt":"2013-06-11T17:47:19","guid":{"rendered":"http:\/\/www.tucomarca.com\/wordpress\/segunda\/?p=15177"},"modified":"2013-06-11T18:47:19","modified_gmt":"2013-06-11T17:47:19","slug":"la-diputacion-ayudara-a-dos-aguas-a-arreglar-sus-caminos-rurales","status":"publish","type":"post","link":"https:\/\/www.tucomarca.com\/wordpress\/segunda\/la-diputacion-ayudara-a-dos-aguas-a-arreglar-sus-caminos-rurales\/","title":{"rendered":"La Diputaci\u00f3n ayudar\u00e1 a Dos Aguas a arreglar sus caminos rurales"},"content":{"rendered":"<figure id=\"attachment_15178\" aria-describedby=\"caption-attachment-15178\" style=\"width: 300px\" class=\"wp-caption alignleft\"><a href=\"https:\/\/www.tucomarca.com\/wordpress\/segunda\/wp-content\/uploads\/2013\/06\/DSC02123.jpg\"><img loading=\"lazy\" decoding=\"async\" class=\"size-medium wp-image-15178\" title=\"DSC02123\" src=\"https:\/\/www.tucomarca.com\/wordpress\/segunda\/wp-content\/uploads\/2013\/06\/DSC02123-300x168.jpg\" alt=\"Juan Jos\u00e9 Medina junto a Jos\u00e9 Ram\u00f3n Grau.\" width=\"300\" height=\"168\" srcset=\"https:\/\/www.tucomarca.com\/wordpress\/segunda\/wp-content\/uploads\/2013\/06\/DSC02123-300x168.jpg 300w, https:\/\/www.tucomarca.com\/wordpress\/segunda\/wp-content\/uploads\/2013\/06\/DSC02123-1024x575.jpg 1024w\" sizes=\"auto, (max-width: 300px) 100vw, 300px\" \/><\/a><figcaption id=\"caption-attachment-15178\" class=\"wp-caption-text\">Juan Jos\u00e9 Medina junto a Jos\u00e9 Ram\u00f3n Grau.<\/figcaption><\/figure>\n<p>El vicepresidente de la Diputaci\u00f3n, Juan Jos\u00e9 Medina ha recibido esta ma\u00f1ana al alcalde de Dos Aguas, Jos\u00e9 Ram\u00f3n Grau, quien le ha transmitido las necesidades m\u00e1s acuciantes que tienen en su municipio.<\/p>\n<p>Seg\u00fan ha comentado el alcalde \u201cla Diputaci\u00f3n siempre nos ayuda y ahora nos van a incluir dentro del PAP (Plan de Actuaciones Programadas) para que los trabajos que se necesitan hacer los contratemos con la gente parada y as\u00ed se hagan esos proyectos a la vez que se da trabajo a las personas.<\/p>\n<p>\u201cTambi\u00e9n vamos a arreglar los caminos de Dos Aguas gracias a la Diputaci\u00f3n porque el agricultor y las personas que pasan por estas v\u00edas necesita tenerlas en condiciones para circular\u201d ha a\u00f1adido Grau.<\/p>\n<p>Por \u00faltimo, el alcalde ha dicho que est\u00e1 muy ilusionado con el proyecto de las rutas tur\u00edsticas medioambientales porque como ha manifestado \u201cespero que tenga un buen resultado porque son pueblos que tienen su encanto y siguen siendo muy bonitos aunque se haya quemado una parte de su monte\u201d.<\/p>\n<p>&nbsp;<\/p>\n","protected":false},"excerpt":{"rendered":"<div class=\"mh-excerpt\">El vicepresidente de la Diputaci\u00f3n, Juan Jos\u00e9 Medina ha recibido esta ma\u00f1ana al alcalde de Dos Aguas, Jos\u00e9 Ram\u00f3n Grau, quien le ha transmitido las necesidades m\u00e1s acuciantes que tienen en su municipio. Seg\u00fan ha <a class=\"mh-excerpt-more\" href=\"https:\/\/www.tucomarca.com\/wordpress\/segunda\/la-diputacion-ayudara-a-dos-aguas-a-arreglar-sus-caminos-rurales\/\" title=\"La Diputaci\u00f3n ayudar\u00e1 a Dos Aguas a arreglar sus caminos rurales\">[+] <\/a><\/div>\n","protected":false},"author":1,"featured_media":15178,"comment_status":"open","ping_status":"open","sticky":false,"template":"","format":"standard","meta":{"footnotes":""},"categories":[15,8,10,117,3,45],"tags":[],"class_list":{"0":"post-15177","1":"post","2":"type-post","3":"status-publish","4":"format-standard","5":"has-post-thumbnail","7":"category-dos-aguas","8":"category-la-comarca","9":"category-la-hoya","10":"category-medio-ambiente-la-comarca","11":"category-seccion","12":"category-ventana"},"_links":{"self":[{"href":"https:\/\/www.tucomarca.com\/wordpress\/segunda\/wp-json\/wp\/v2\/posts\/15177","targetHints":{"allow":["GET"]}}],"collection":[{"href":"https:\/\/www.tucomarca.com\/wordpress\/segunda\/wp-json\/wp\/v2\/posts"}],"about":[{"href":"https:\/\/www.tucomarca.com\/wordpress\/segunda\/wp-json\/wp\/v2\/types\/post"}],"author":[{"embeddable":true,"href":"https:\/\/www.tucomarca.com\/wordpress\/segunda\/wp-json\/wp\/v2\/users\/1"}],"replies":[{"embeddable":true,"href":"https:\/\/www.tucomarca.com\/wordpress\/segunda\/wp-json\/wp\/v2\/comments?post=15177"}],"version-history":[{"count":0,"href":"https:\/\/www.tucomarca.com\/wordpress\/segunda\/wp-json\/wp\/v2\/posts\/15177\/revisions"}],"wp:featuredmedia":[{"embeddable":true,"href":"https:\/\/www.tucomarca.com\/wordpress\/segunda\/wp-json\/wp\/v2\/media\/15178"}],"wp:attachment":[{"href":"https:\/\/www.tucomarca.com\/wordpress\/segunda\/wp-json\/wp\/v2\/media?parent=15177"}],"wp:term":[{"taxonomy":"category","embeddable":true,"href":"https:\/\/www.tucomarca.com\/wordpress\/segunda\/wp-json\/wp\/v2\/categories?post=15177"},{"taxonomy":"post_tag","embeddable":true,"href":"https:\/\/www.tucomarca.com\/wordpress\/segunda\/wp-json\/wp\/v2\/tags?post=15177"}],"curies":[{"name":"wp","href":"https:\/\/api.w.org\/{rel}","templated":true}]}}