{"id":1525,"date":"2012-05-14T09:55:59","date_gmt":"2012-05-14T09:55:59","guid":{"rendered":"http:\/\/www.tucomarca.com\/wordpress\/segunda\/?p=1525"},"modified":"2012-05-14T12:39:47","modified_gmt":"2012-05-14T12:39:47","slug":"el-cd-turis-se-despide-de-la-temporada-con-derrota-y-todo-apunta-a-la-marcha-de-su-tecnico","status":"publish","type":"post","link":"https:\/\/www.tucomarca.com\/wordpress\/segunda\/el-cd-turis-se-despide-de-la-temporada-con-derrota-y-todo-apunta-a-la-marcha-de-su-tecnico\/","title":{"rendered":"El CD Tur\u00eds cierra la temporada con derrota y todo apunta a la marcha de su t\u00e9cnico"},"content":{"rendered":"<p>La derrota del CD Tur\u00eds relega a los de La Ribera a la s\u00e9ptima posici\u00f3n del grupo VI de Segunda Regional tras una temporada irregular en la que se ha estado por debajo de los esperado.<br \/>\nLa derrota frente al segundo clasificado, el CD Casas, a domicilio (2-0) es la que menos duele, pues el equipo ya no se jugaba nada. En este choque, los de Vicente Navarro tutearon a un rival que pele\u00f3 hasta el \u00faltimo minuto por el ascenso.<br \/>\nTras este partido, el m\u00edster ha comentado a este semanario su m\u00e1s que posible marcha del club, por lo que todo apunta al inicio de un nuevo proyecto deportivo para el pr\u00f3ximo curso.<\/p>\n<p>M\u00e1s informaci\u00f3n en la edici\u00f3n impresa de este jueves. N\u00famero 449<\/p>\n","protected":false},"excerpt":{"rendered":"<div class=\"mh-excerpt\">La derrota del CD Tur\u00eds relega a los de La Ribera a la s\u00e9ptima posici\u00f3n del grupo VI de Segunda Regional tras una temporada irregular en la que se ha estado por debajo de los <a class=\"mh-excerpt-more\" href=\"https:\/\/www.tucomarca.com\/wordpress\/segunda\/el-cd-turis-se-despide-de-la-temporada-con-derrota-y-todo-apunta-a-la-marcha-de-su-tecnico\/\" title=\"El CD Tur\u00eds cierra la temporada con derrota y todo apunta a la marcha de su t\u00e9cnico\">[+] <\/a><\/div>\n","protected":false},"author":2,"featured_media":1526,"comment_status":"open","ping_status":"open","sticky":false,"template":"","format":"standard","meta":{"footnotes":""},"categories":[50,6,42,3,43],"tags":[166],"class_list":{"0":"post-1525","1":"post","2":"type-post","3":"status-publish","4":"format-standard","5":"has-post-thumbnail","7":"category-futbol-deportes","8":"category-deportes","9":"category-la-ribera","10":"category-seccion","11":"category-turis","12":"tag-derrota"},"_links":{"self":[{"href":"https:\/\/www.tucomarca.com\/wordpress\/segunda\/wp-json\/wp\/v2\/posts\/1525","targetHints":{"allow":["GET"]}}],"collection":[{"href":"https:\/\/www.tucomarca.com\/wordpress\/segunda\/wp-json\/wp\/v2\/posts"}],"about":[{"href":"https:\/\/www.tucomarca.com\/wordpress\/segunda\/wp-json\/wp\/v2\/types\/post"}],"author":[{"embeddable":true,"href":"https:\/\/www.tucomarca.com\/wordpress\/segunda\/wp-json\/wp\/v2\/users\/2"}],"replies":[{"embeddable":true,"href":"https:\/\/www.tucomarca.com\/wordpress\/segunda\/wp-json\/wp\/v2\/comments?post=1525"}],"version-history":[{"count":0,"href":"https:\/\/www.tucomarca.com\/wordpress\/segunda\/wp-json\/wp\/v2\/posts\/1525\/revisions"}],"wp:featuredmedia":[{"embeddable":true,"href":"https:\/\/www.tucomarca.com\/wordpress\/segunda\/wp-json\/wp\/v2\/media\/1526"}],"wp:attachment":[{"href":"https:\/\/www.tucomarca.com\/wordpress\/segunda\/wp-json\/wp\/v2\/media?parent=1525"}],"wp:term":[{"taxonomy":"category","embeddable":true,"href":"https:\/\/www.tucomarca.com\/wordpress\/segunda\/wp-json\/wp\/v2\/categories?post=1525"},{"taxonomy":"post_tag","embeddable":true,"href":"https:\/\/www.tucomarca.com\/wordpress\/segunda\/wp-json\/wp\/v2\/tags?post=1525"}],"curies":[{"name":"wp","href":"https:\/\/api.w.org\/{rel}","templated":true}]}}