{"id":152642,"date":"2022-03-23T07:50:00","date_gmt":"2022-03-23T06:50:00","guid":{"rendered":"http:\/\/www.tucomarca.com\/wordpress\/segunda\/?p=152642"},"modified":"2022-03-23T10:05:05","modified_gmt":"2022-03-23T09:05:05","slug":"bunol-alberga-este-domingo-la-i-jornada-memorialista-del-pais-valencia","status":"publish","type":"post","link":"https:\/\/www.tucomarca.com\/wordpress\/segunda\/bunol-alberga-este-domingo-la-i-jornada-memorialista-del-pais-valencia\/","title":{"rendered":"Bu\u00f1ol alberga este domingo la I Jornada Memorialista del Pa\u00eds Valenci\u00e0"},"content":{"rendered":"\n<h4 class=\"wp-block-heading\">Carles Xerri, concejal de Memoria Democr\u00e1tica del Ayuntamiento de Bu\u00f1ol, confirma que este Consistorio y todo el municipio, \u201csiempre ha tenido un papel fundamental en la lucha por los derechos, en la reivindicaci\u00f3n por la rep\u00fablica, implicado en el reconocimiento de la memoria democr\u00e1tica y en recordar a todas aquellas personas que dieron su vida y fueron exiliadas o asesinadas injustamente\u201d.<\/h4>\n\n\n\n<figure class=\"wp-block-image size-large\"><img loading=\"lazy\" decoding=\"async\" width=\"1024\" height=\"827\" src=\"https:\/\/www.tucomarca.com\/wordpress\/segunda\/wp-content\/uploads\/2022\/03\/BunolIJornadasMemorialisticas02-1024x827.jpeg\" alt=\"\" class=\"wp-image-152646\" srcset=\"https:\/\/www.tucomarca.com\/wordpress\/segunda\/wp-content\/uploads\/2022\/03\/BunolIJornadasMemorialisticas02-1024x827.jpeg 1024w, https:\/\/www.tucomarca.com\/wordpress\/segunda\/wp-content\/uploads\/2022\/03\/BunolIJornadasMemorialisticas02-300x242.jpeg 300w, https:\/\/www.tucomarca.com\/wordpress\/segunda\/wp-content\/uploads\/2022\/03\/BunolIJornadasMemorialisticas02-768x620.jpeg 768w, https:\/\/www.tucomarca.com\/wordpress\/segunda\/wp-content\/uploads\/2022\/03\/BunolIJornadasMemorialisticas02-1536x1240.jpeg 1536w, https:\/\/www.tucomarca.com\/wordpress\/segunda\/wp-content\/uploads\/2022\/03\/BunolIJornadasMemorialisticas02.jpeg 1600w\" sizes=\"auto, (max-width: 1024px) 100vw, 1024px\" \/><\/figure>\n\n\n\n<p>El pr\u00f3ximo domingo 27 de marzo en Bu\u00f1ol se desarrolla la I Jornada Memorialista del Pa\u00eds Valenci\u00e0. Este encuentro est\u00e1 organizado por la Coordinadora de Asociaciones por la Memoria Democr\u00e1tica del Pa\u00eds Valenciano, y patrocinado por la Concejal\u00eda de Memoria Democr\u00e1tica del Ayuntamiento de Bu\u00f1ol, la Diputaci\u00f3n de Valencia y la Conselleria de Participaci\u00f3n, Transparencia, Cooperaci\u00f3n y Calidad Democr\u00e1tica.&nbsp;<\/p>\n\n\n\n<p>Carles Xerri, edil de Memoria Democr\u00e1tica de Bu\u00f1ol, ha confirmado que la Coordinadora, con la cual mantienen una excelente relaci\u00f3n, ha decidido organizar este primer encuentro en nuestra localidad. \u201cEn esta jornada ten\u00eda previsto realizarse el 20 de marzo de 2020, pero al estallar la pandemia ya no pudo realizarse. Ahora s\u00ed, y la intenci\u00f3n es poder organizar una de forma anual, y que coincida con el 28 de marzo, d\u00eda en que muri\u00f3 el poeta Miguel Hern\u00e1ndez,&nbsp;un 28 de marzo de hace 75 a\u00f1os, escogido por la Generalitat Valenciana para recordar cada a\u00f1o a las v\u00edctimas de la&nbsp;Guerra Civil y del r\u00e9gimen franquista<strong>.<\/strong><\/p>\n\n\n\n<p>Xerri confirma que este Ayuntamiento y todo el municipio, \u201csiempre ha tenido un papel fundamental en la lucha por los derechos, en la reivindicaci\u00f3n por la rep\u00fablica, implicado en el reconocimiento de la memoria hist\u00f3rica y en recordar a todas aquellas personas que dieron su vida y fueron exiliadas o asesinadas injustamente\u201d.<\/p>\n\n\n\n<p>Por ello, este encuentro, que se realiza por primera vez y que va a ser en Bu\u00f1ol, atraer\u00e1 a cientos de personas a esta localidad de interior este domingo. El acto arranca a las 10h con una visita guiada al Cementerio de Bu\u00f1ol. Un cementerio en el que la masoner\u00eda, y la importancia de la vida pol\u00edtica y la lucha a favor del republicanismo est\u00e1 muy patente en numerosas l\u00e1pidas presentes en el cementerio civil.&nbsp;<\/p>\n\n\n\n<p>Seguidamente, en la Sala El Mercado se inaugurar\u00e1 la exposici\u00f3n itinerante de la Diputaci\u00f3n de Valencia, llamada \u201cLas v\u00edctimas valencianas del nazismo\u201d. En este evento se contar\u00e1 con la presencia de&nbsp; \u00c1ngel Gonz\u00e1lez, presidente de la Coordinadora d\u2019Associacions per la Mem\u00f2ria Democr\u00e0tica del Pa\u00eds Valenci\u00e0; Juncal Carrascosa, Alcaldesa de Bu\u00f1ol; y Rosa P\u00e9rez, Consellera de Participaci\u00f3n, Transparencia, Cooperaci\u00f3n y Calidad Democr\u00e1tica.&nbsp;<\/p>\n\n\n\n<p>La exposici\u00f3n estar\u00e1 abierta desde este domingo hasta el 10 de abril, los mi\u00e9rcoles, jueves y viernes de 18 a 20.30h, y los s\u00e1bados y domingos, de 11 a 14h. Seguidamente a las 12h, y ya en el Palacio de la M\u00fasica de Bu\u00f1ol, se llevar\u00e1 a cabo un concierto a cargo del cantautor Joanjo Bosk, que es uno de los cantautores con m\u00e1s proyecci\u00f3n del momento. Con una dilatada experiencia como compositor y cantante, ha colaborado con la Orquesta Filarm\u00f3nica de Catalunya, y ha recibido el reconocimiento de Llu\u00eds Llach entre otros grandes autores, ha cantado con grandes poetas, y manifiesta una especial sensibilidad por el sufrimiento de las v\u00edctimas de la guerra civil y del bombardeo de Guernika, la maternidad de Elna y otros desastres de la guerra han sido el leitmotif de sus canciones que resultan tan bellas como reivindicativas. Est\u00e1 realizando una gira dentro del Festival Barnasants.&nbsp;<\/p>\n\n\n\n<p>Despu\u00e9s podr\u00e1 verse el pase del documental \u201cLa maleta de Mauthausen\u201d, financiado por el \u00c1rea de Memoria Democr\u00e1tica de la Diputaci\u00f3n de Valencia. Durante toda la jornada habr\u00e1 stands de las asociaciones y de la organizaci\u00f3n en la Plaza del Pueblo. Se recordar\u00e1 que de Bu\u00f1ol hubo cuatro personas que estuvieron condenadas en Mauthausen, de las cuales s\u00f3lo una sobrevivi\u00f3 a estos campos de concentraci\u00f3n nazis.&nbsp;<\/p>\n\n\n\n<p>Tras el par\u00f3n de la comida, a las 16.30h habr\u00e1 mesa redonda llamada \u201cEl estado actual de la memoria en el Pa\u00eds Valenciano: retos y obst\u00e1culos para la reconciliaci\u00f3n\u201d. Intervendr\u00e1n \u00c1ngel Gonz\u00e1lez, presidente de la Coordinadora de Asociaciones por la Memoria Democr\u00e1tica del Pa\u00eds Valenciano; I\u00f1aki P\u00e9rez, director general de la Conselleria de Participaci\u00f3n, Transparencia, Cooperaci\u00f3n y Calidad Democr\u00e1tica y Jos\u00e9 Ram\u00f3n Ju\u00e1niz, jurista experto en Derechos Humanos. Este acto ser\u00e1 presentado y moderado por Sandra Corach\u00e1n, Concejala de Igualdad del Consistorio bu\u00f1olense.&nbsp;<\/p>\n\n\n\n<p>El acto finalizar\u00e1 con parlamentos de \u00c1ngel Gonz\u00e1lez, presidente de la coordinadora que organiza este encuentro, y Carles Xerri, Concejal de Memoria Democr\u00e1tica. Finalizar\u00e1 con un bello concierto a cargo del Ensemble Memoria Democr\u00e1tica de Bu\u00f1ol, dirigidos por el director bu\u00f1olense Jes\u00fas Perell\u00f3. Tambi\u00e9n cantar\u00e1 la cantaora Mely Zafra. Podr\u00e1 escucharse el siguiente programa: Coplillas de las Divisas, de Juan Solano Pedrero (recordando a Luis Garc\u00eda Berlanga), Vals n\u00ba2 de Dimitri Snostakovich, Las 13 Rosas de R. Ba\u00f1os, Canciones antiguas Lorquianas, armonizadas por Federico Garc\u00eda Lorca, y el Himno a Bu\u00f1ol, de M.Chillida y G. C\u00e1rcel.&nbsp;<\/p>\n","protected":false},"excerpt":{"rendered":"<div class=\"mh-excerpt\">Carles Xerri, concejal de Memoria Democr\u00e1tica del Ayuntamiento de Bu\u00f1ol, confirma que este Consistorio y todo el municipio, \u201csiempre ha tenido un papel fundamental en la lucha por los derechos, en la reivindicaci\u00f3n por la <a class=\"mh-excerpt-more\" href=\"https:\/\/www.tucomarca.com\/wordpress\/segunda\/bunol-alberga-este-domingo-la-i-jornada-memorialista-del-pais-valencia\/\" title=\"Bu\u00f1ol alberga este domingo la I Jornada Memorialista del Pa\u00eds Valenci\u00e0\">[+] <\/a><\/div>\n","protected":false},"author":12,"featured_media":152644,"comment_status":"open","ping_status":"open","sticky":false,"template":"","format":"standard","meta":{"footnotes":""},"categories":[4,18,8,72,10,142,3],"tags":[12617,3677,16617,5952,16618],"class_list":{"0":"post-152642","1":"post","2":"type-post","3":"status-publish","4":"format-standard","5":"has-post-thumbnail","7":"category-agenda","8":"category-bunol","9":"category-la-comarca","10":"category-sin-categorizar","11":"category-la-hoya","12":"category-politica-la-comarca","13":"category-seccion","14":"tag-conselleria-de-participacio","15":"tag-diputacio-de-valencia","16":"tag-i-jornada-memoralista-del-pais-valencia","17":"tag-la-hoya-de-bunol-chiva","18":"tag-memoria-democratica"},"_links":{"self":[{"href":"https:\/\/www.tucomarca.com\/wordpress\/segunda\/wp-json\/wp\/v2\/posts\/152642","targetHints":{"allow":["GET"]}}],"collection":[{"href":"https:\/\/www.tucomarca.com\/wordpress\/segunda\/wp-json\/wp\/v2\/posts"}],"about":[{"href":"https:\/\/www.tucomarca.com\/wordpress\/segunda\/wp-json\/wp\/v2\/types\/post"}],"author":[{"embeddable":true,"href":"https:\/\/www.tucomarca.com\/wordpress\/segunda\/wp-json\/wp\/v2\/users\/12"}],"replies":[{"embeddable":true,"href":"https:\/\/www.tucomarca.com\/wordpress\/segunda\/wp-json\/wp\/v2\/comments?post=152642"}],"version-history":[{"count":0,"href":"https:\/\/www.tucomarca.com\/wordpress\/segunda\/wp-json\/wp\/v2\/posts\/152642\/revisions"}],"wp:featuredmedia":[{"embeddable":true,"href":"https:\/\/www.tucomarca.com\/wordpress\/segunda\/wp-json\/wp\/v2\/media\/152644"}],"wp:attachment":[{"href":"https:\/\/www.tucomarca.com\/wordpress\/segunda\/wp-json\/wp\/v2\/media?parent=152642"}],"wp:term":[{"taxonomy":"category","embeddable":true,"href":"https:\/\/www.tucomarca.com\/wordpress\/segunda\/wp-json\/wp\/v2\/categories?post=152642"},{"taxonomy":"post_tag","embeddable":true,"href":"https:\/\/www.tucomarca.com\/wordpress\/segunda\/wp-json\/wp\/v2\/tags?post=152642"}],"curies":[{"name":"wp","href":"https:\/\/api.w.org\/{rel}","templated":true}]}}