{"id":1530,"date":"2012-05-14T10:03:40","date_gmt":"2012-05-14T10:03:40","guid":{"rendered":"http:\/\/www.tucomarca.com\/wordpress\/segunda\/?p=1530"},"modified":"2012-05-14T10:21:52","modified_gmt":"2012-05-14T10:21:52","slug":"miguel-angel-valiente-dejara-el-chiva-cf-tras-conseguir-la-permanencia","status":"publish","type":"post","link":"https:\/\/www.tucomarca.com\/wordpress\/segunda\/miguel-angel-valiente-dejara-el-chiva-cf-tras-conseguir-la-permanencia\/","title":{"rendered":"Miguel \u00c1ngel Valiente dejar\u00e1 el Chiva CF tras conseguir la permanencia"},"content":{"rendered":"<p>El t\u00e9cnico del Chiva CF, Miguel \u00c1ngel Valiente, comunicar\u00e1 esta misma semana al club su firme intenci\u00f3n de dejar el banquillo tras un duro a\u00f1o en el que ha conseguido el ansiado objetivo, la permanencia.<br \/>\nLos rojillos certificaron su presencia el pr\u00f3ximo ejercicio en Regional Preferente con una trabajada victoria frente al Paterna CF (3-2) en la que Math\u00edas fue el gran protagonista al marcar los tres tantos del conjunto local.<\/p>\n<p>M\u00e1s informaci\u00f3n sobre el partido en la edici\u00f3n impresa de este jueves. N\u00famero 449.<\/p>\n","protected":false},"excerpt":{"rendered":"<div class=\"mh-excerpt\">El t\u00e9cnico del Chiva CF, Miguel \u00c1ngel Valiente, comunicar\u00e1 esta misma semana al club su firme intenci\u00f3n de dejar el banquillo tras un duro a\u00f1o en el que ha conseguido el ansiado objetivo, la permanencia. <a class=\"mh-excerpt-more\" href=\"https:\/\/www.tucomarca.com\/wordpress\/segunda\/miguel-angel-valiente-dejara-el-chiva-cf-tras-conseguir-la-permanencia\/\" title=\"Miguel \u00c1ngel Valiente dejar\u00e1 el Chiva CF tras conseguir la permanencia\">[+] <\/a><\/div>\n","protected":false},"author":2,"featured_media":1531,"comment_status":"open","ping_status":"open","sticky":false,"template":"","format":"standard","meta":{"footnotes":""},"categories":[50,16,6,10,3],"tags":[167],"class_list":{"0":"post-1530","1":"post","2":"type-post","3":"status-publish","4":"format-standard","5":"has-post-thumbnail","7":"category-futbol-deportes","8":"category-chiva","9":"category-deportes","10":"category-la-hoya","11":"category-seccion","12":"tag-permanencia"},"_links":{"self":[{"href":"https:\/\/www.tucomarca.com\/wordpress\/segunda\/wp-json\/wp\/v2\/posts\/1530","targetHints":{"allow":["GET"]}}],"collection":[{"href":"https:\/\/www.tucomarca.com\/wordpress\/segunda\/wp-json\/wp\/v2\/posts"}],"about":[{"href":"https:\/\/www.tucomarca.com\/wordpress\/segunda\/wp-json\/wp\/v2\/types\/post"}],"author":[{"embeddable":true,"href":"https:\/\/www.tucomarca.com\/wordpress\/segunda\/wp-json\/wp\/v2\/users\/2"}],"replies":[{"embeddable":true,"href":"https:\/\/www.tucomarca.com\/wordpress\/segunda\/wp-json\/wp\/v2\/comments?post=1530"}],"version-history":[{"count":0,"href":"https:\/\/www.tucomarca.com\/wordpress\/segunda\/wp-json\/wp\/v2\/posts\/1530\/revisions"}],"wp:featuredmedia":[{"embeddable":true,"href":"https:\/\/www.tucomarca.com\/wordpress\/segunda\/wp-json\/wp\/v2\/media\/1531"}],"wp:attachment":[{"href":"https:\/\/www.tucomarca.com\/wordpress\/segunda\/wp-json\/wp\/v2\/media?parent=1530"}],"wp:term":[{"taxonomy":"category","embeddable":true,"href":"https:\/\/www.tucomarca.com\/wordpress\/segunda\/wp-json\/wp\/v2\/categories?post=1530"},{"taxonomy":"post_tag","embeddable":true,"href":"https:\/\/www.tucomarca.com\/wordpress\/segunda\/wp-json\/wp\/v2\/tags?post=1530"}],"curies":[{"name":"wp","href":"https:\/\/api.w.org\/{rel}","templated":true}]}}