{"id":15314,"date":"2013-06-14T13:50:31","date_gmt":"2013-06-14T12:50:31","guid":{"rendered":"http:\/\/www.tucomarca.com\/wordpress\/segunda\/?p=15314"},"modified":"2013-06-14T18:21:15","modified_gmt":"2013-06-14T17:21:15","slug":"finaliza-la-campana-de-reparacion-de-baches-en-requena","status":"publish","type":"post","link":"https:\/\/www.tucomarca.com\/wordpress\/segunda\/finaliza-la-campana-de-reparacion-de-baches-en-requena\/","title":{"rendered":"Finaliza la campa\u00f1a de reparaci\u00f3n de baches en Requena"},"content":{"rendered":"<figure id=\"attachment_15315\" aria-describedby=\"caption-attachment-15315\" style=\"width: 300px\" class=\"wp-caption alignleft\"><a rel=\"attachment wp-att-15315\" href=\"https:\/\/www.tucomarca.com\/wordpress\/segunda\/?attachment_id=15315\"><img loading=\"lazy\" decoding=\"async\" class=\"size-medium wp-image-15315\" title=\"parches\" src=\"https:\/\/www.tucomarca.com\/wordpress\/segunda\/wp-content\/uploads\/2013\/06\/parches-300x225.jpg\" alt=\"\" width=\"300\" height=\"225\" srcset=\"https:\/\/www.tucomarca.com\/wordpress\/segunda\/wp-content\/uploads\/2013\/06\/parches-300x225.jpg 300w, https:\/\/www.tucomarca.com\/wordpress\/segunda\/wp-content\/uploads\/2013\/06\/parches.jpg 480w\" sizes=\"auto, (max-width: 300px) 100vw, 300px\" \/><\/a><figcaption id=\"caption-attachment-15315\" class=\"wp-caption-text\">Una de las actuaciones acometidas. tc.c<\/figcaption><\/figure>\n<p>Despu\u00e9s de tres d\u00edas de intenso trabajo, el consistorio de Requena ha dado por finalizadas las tareas de adecuaci\u00f3n que han permitido la reparaci\u00f3n de un total de casi 50 baches repartidos en diferentes puntos del n\u00facleo urbano: acceso a la Urbanizaci\u00f3n San Jose y Casablanca, Av. Constituci\u00f3n,  C\/Chera, C\/Reatillo, Av. Estaci\u00f3n, C\/ Jaime J. Casta\u00f1er, C\/ La paz y C\/ Vega, Av. Lamo Espinosa, Avda Arrabal, C\/Cuenca, C\/ Gil-Orozco y el acceso este al pol\u00edgono industrial del Romeral, entre otros.<br \/>\nEl pasado mes de abril se solicit\u00f3 oferta a diversas empresas para la ejecuci\u00f3n en los viales del municipio. Con la licitaci\u00f3n conjunta y externa de la actuaci\u00f3n se ha conseguido mejores condiciones, tanto en materia econ\u00f3mica como de calidad en la ejecuci\u00f3n, con respecto a la ejecuci\u00f3n directa a trav\u00e9s de la Brigada Municipal de Obras y Servicios.<br \/>\nLas condiciones de la contrataci\u00f3n establec\u00edan un plazo m\u00ednimo de garant\u00eda de los trabajos a ejecutar de un a\u00f1o, de forma que todas aquellas reposiciones de pavimento en que se detecten problemas antes de un a\u00f1o, ser\u00e1n reparadas, sin coste alguno para las arcas municipales, por la empresa adjudicataria.<br \/>\nLa zona de la Plaza de Espa\u00f1a y de las Calles Cervantes y Luis Vives, por precisar de la sustituci\u00f3n de toda la capa de rodadura, se acometer\u00e1n a partir del mes de septiembre, con cargo a la subvenci\u00f3n del Plan Provincial de Obras y Servicios.<\/p>\n<p>&nbsp;<\/p>\n","protected":false},"excerpt":{"rendered":"<div class=\"mh-excerpt\">Despu\u00e9s de tres d\u00edas de intenso trabajo, el consistorio de Requena ha dado por finalizadas las tareas de adecuaci\u00f3n que han permitido la reparaci\u00f3n de un total de casi 50 baches repartidos en diferentes puntos <a class=\"mh-excerpt-more\" href=\"https:\/\/www.tucomarca.com\/wordpress\/segunda\/finaliza-la-campana-de-reparacion-de-baches-en-requena\/\" title=\"Finaliza la campa\u00f1a de reparaci\u00f3n de baches en Requena\">[+] <\/a><\/div>\n","protected":false},"author":2,"featured_media":15315,"comment_status":"open","ping_status":"open","sticky":false,"template":"","format":"standard","meta":{"footnotes":""},"categories":[128,8,28,27,3,45],"tags":[1133,1159,10388],"class_list":{"0":"post-15314","1":"post","2":"type-post","3":"status-publish","4":"format-standard","5":"has-post-thumbnail","7":"category-infraestructuras","8":"category-la-comarca","9":"category-requena","10":"category-requena-utiel","11":"category-seccion","12":"category-ventana","13":"tag-baches","14":"tag-reparacion","15":"tag-requena"},"_links":{"self":[{"href":"https:\/\/www.tucomarca.com\/wordpress\/segunda\/wp-json\/wp\/v2\/posts\/15314","targetHints":{"allow":["GET"]}}],"collection":[{"href":"https:\/\/www.tucomarca.com\/wordpress\/segunda\/wp-json\/wp\/v2\/posts"}],"about":[{"href":"https:\/\/www.tucomarca.com\/wordpress\/segunda\/wp-json\/wp\/v2\/types\/post"}],"author":[{"embeddable":true,"href":"https:\/\/www.tucomarca.com\/wordpress\/segunda\/wp-json\/wp\/v2\/users\/2"}],"replies":[{"embeddable":true,"href":"https:\/\/www.tucomarca.com\/wordpress\/segunda\/wp-json\/wp\/v2\/comments?post=15314"}],"version-history":[{"count":0,"href":"https:\/\/www.tucomarca.com\/wordpress\/segunda\/wp-json\/wp\/v2\/posts\/15314\/revisions"}],"wp:featuredmedia":[{"embeddable":true,"href":"https:\/\/www.tucomarca.com\/wordpress\/segunda\/wp-json\/wp\/v2\/media\/15315"}],"wp:attachment":[{"href":"https:\/\/www.tucomarca.com\/wordpress\/segunda\/wp-json\/wp\/v2\/media?parent=15314"}],"wp:term":[{"taxonomy":"category","embeddable":true,"href":"https:\/\/www.tucomarca.com\/wordpress\/segunda\/wp-json\/wp\/v2\/categories?post=15314"},{"taxonomy":"post_tag","embeddable":true,"href":"https:\/\/www.tucomarca.com\/wordpress\/segunda\/wp-json\/wp\/v2\/tags?post=15314"}],"curies":[{"name":"wp","href":"https:\/\/api.w.org\/{rel}","templated":true}]}}