{"id":15323,"date":"2013-06-14T17:17:31","date_gmt":"2013-06-14T16:17:31","guid":{"rendered":"http:\/\/www.tucomarca.com\/wordpress\/segunda\/?p=15323"},"modified":"2013-06-17T18:44:09","modified_gmt":"2013-06-17T17:44:09","slug":"agricultura-consigue-un-principio-de-acuerdo-para-el-abastecimiento-de-agua-de-calidad-de-la-ribera","status":"publish","type":"post","link":"https:\/\/www.tucomarca.com\/wordpress\/segunda\/agricultura-consigue-un-principio-de-acuerdo-para-el-abastecimiento-de-agua-de-calidad-de-la-ribera\/","title":{"rendered":"Agricultura consigue un principio de acuerdo para el abastecimiento de agua de calidad de La Ribera"},"content":{"rendered":"<p>La Conselleria de Presidencia y Agricultura, Pesca, Alimentaci\u00f3n y Agua ha conseguido un principio de acuerdo en la reuni\u00f3n mantenida con representantes de trece municipios de La Ribera, regantes y la Confederaci\u00f3n Hidrogr\u00e1fica del J\u00facar para el abastecimiento de agua de calidad de esta comarca.<\/p>\n<p>La propuesta de la Generalitat se basa en la constituci\u00f3n de la Comunidad de Usuarios de La Ribera del J\u00facar, formada por los ayuntamientos y las comunidades de regantes, con la que administrar en com\u00fan las aguas superficiales y subterr\u00e1neas que la CHJ asigne. En esta comunidad de usuarios se gestionar\u00e1n las permutas oportunas de conformidad con el vigente Plan de Cuenca de la Demarcaci\u00f3n del J\u00facar.<\/p>\n<p>Destacar que todos los municipios se han mostrado favorables a la propuesta de la Conselleria de Presidencia y Agricultura. No obstante, estas localidades tendr\u00e1n un periodo de una semana para presentar cualquier tipo de observaci\u00f3n, que ser\u00e1 posteriormente incluida, si se considera oportuna, en los estatutos de dicha comunidad de usuarios.<\/p>\n<p>Una vez se aprueben definitivamente estos estatutos, tendr\u00e1n que ser validados, junto con la solicitud de concesi\u00f3n, por los acuerdos plenarios de cada consistorio para que dicho municipio pase a formar parte de manera oficial de la Comunidad de Usuarios de la Ribera del J\u00facar.<\/p>\n<p>De este modo, se refleja la voluntad y la prioridad que el Consell se ha marcado por solucionar esta situaci\u00f3n en la red h\u00eddrica de la comarca de la Ribera.<\/p>\n<p>Esta iniciativa se complementa con la construcci\u00f3n por parte de la Conselleria de Presidencia y Agricultura de la planta potabilizadora que dar\u00e1 servicio a las zonas denominadas Ribera II, que incluye los municipios de Alzira, Carcaixent, Corbera, Cullera, Favara y Llaur\u00ed y se prev\u00e9 que est\u00e9 en condiciones de abastecer agua en el cuarto trimestre de 2013, y Ribera III, que est\u00e1 formada por Albalat de la Ribera, Algemes\u00ed, Benicull de X\u00faquer, Fortaleny, Poliny\u00e0 del X\u00faquer, Riola y Sueca, donde la Generalitat trabaja para lograr que pueda estar en condiciones de suministrar a lo largo del primer semestre de 2015.<\/p>\n<p>La construcci\u00f3n de estas infraestructuras supone una inversi\u00f3n global por parte de la Generalitat de alrededor de 60 millones de euros.<\/p>\n","protected":false},"excerpt":{"rendered":"<div class=\"mh-excerpt\">La Conselleria de Presidencia y Agricultura, Pesca, Alimentaci\u00f3n y Agua ha conseguido un principio de acuerdo en la reuni\u00f3n mantenida con representantes de trece municipios de La Ribera, regantes y la Confederaci\u00f3n Hidrogr\u00e1fica del J\u00facar <a class=\"mh-excerpt-more\" href=\"https:\/\/www.tucomarca.com\/wordpress\/segunda\/agricultura-consigue-un-principio-de-acuerdo-para-el-abastecimiento-de-agua-de-calidad-de-la-ribera\/\" title=\"Agricultura consigue un principio de acuerdo para el abastecimiento de agua de calidad de La Ribera\">[+] <\/a><\/div>\n","protected":false},"author":2,"featured_media":0,"comment_status":"open","ping_status":"open","sticky":false,"template":"","format":"standard","meta":{"footnotes":""},"categories":[169,8,42,3],"tags":[85,416,1161,689],"class_list":{"0":"post-15323","1":"post","2":"type-post","3":"status-publish","4":"format-standard","6":"category-agricultura-la-comarca","7":"category-la-comarca","8":"category-la-ribera","9":"category-seccion","10":"tag-agricultura","11":"tag-agua","12":"tag-calidad","13":"tag-la-ribera-2"},"_links":{"self":[{"href":"https:\/\/www.tucomarca.com\/wordpress\/segunda\/wp-json\/wp\/v2\/posts\/15323","targetHints":{"allow":["GET"]}}],"collection":[{"href":"https:\/\/www.tucomarca.com\/wordpress\/segunda\/wp-json\/wp\/v2\/posts"}],"about":[{"href":"https:\/\/www.tucomarca.com\/wordpress\/segunda\/wp-json\/wp\/v2\/types\/post"}],"author":[{"embeddable":true,"href":"https:\/\/www.tucomarca.com\/wordpress\/segunda\/wp-json\/wp\/v2\/users\/2"}],"replies":[{"embeddable":true,"href":"https:\/\/www.tucomarca.com\/wordpress\/segunda\/wp-json\/wp\/v2\/comments?post=15323"}],"version-history":[{"count":0,"href":"https:\/\/www.tucomarca.com\/wordpress\/segunda\/wp-json\/wp\/v2\/posts\/15323\/revisions"}],"wp:attachment":[{"href":"https:\/\/www.tucomarca.com\/wordpress\/segunda\/wp-json\/wp\/v2\/media?parent=15323"}],"wp:term":[{"taxonomy":"category","embeddable":true,"href":"https:\/\/www.tucomarca.com\/wordpress\/segunda\/wp-json\/wp\/v2\/categories?post=15323"},{"taxonomy":"post_tag","embeddable":true,"href":"https:\/\/www.tucomarca.com\/wordpress\/segunda\/wp-json\/wp\/v2\/tags?post=15323"}],"curies":[{"name":"wp","href":"https:\/\/api.w.org\/{rel}","templated":true}]}}