{"id":153574,"date":"2022-04-01T19:30:00","date_gmt":"2022-04-01T17:30:00","guid":{"rendered":"http:\/\/www.tucomarca.com\/wordpress\/segunda\/?p=153574"},"modified":"2022-04-01T21:31:30","modified_gmt":"2022-04-01T19:31:30","slug":"video-el-canto-de-las-albaes-al-alcalde-la-corporacion-municipal-y-a-la-junta-local-fallera-marcan-el-inicio-de-las-fallas-en-turis","status":"publish","type":"post","link":"https:\/\/www.tucomarca.com\/wordpress\/segunda\/video-el-canto-de-las-albaes-al-alcalde-la-corporacion-municipal-y-a-la-junta-local-fallera-marcan-el-inicio-de-las-fallas-en-turis\/","title":{"rendered":"V\u00eddeo: El canto de las albaes al alcalde, la corporaci\u00f3n municipal y a la Junta Local Fallera marcan el inicio de las Fallas en Tur\u00eds"},"content":{"rendered":"\n<figure class=\"wp-block-embed is-type-video is-provider-youtube wp-block-embed-youtube wp-embed-aspect-16-9 wp-has-aspect-ratio\"><div class=\"wp-block-embed__wrapper\">\n<iframe loading=\"lazy\" title=\"V\u00eddeo: Albaes Falles Tur\u00eds 2022. Alcalde, corporaci\u00f3 municipal i Junta Local Fallera.\" width=\"500\" height=\"281\" src=\"https:\/\/www.youtube.com\/embed\/nK140bxxodQ?feature=oembed\" frameborder=\"0\" allow=\"accelerometer; autoplay; clipboard-write; encrypted-media; gyroscope; picture-in-picture; web-share\" referrerpolicy=\"strict-origin-when-cross-origin\" allowfullscreen><\/iframe>\n<\/div><\/figure>\n\n\n\n<p>El canto de las tradicionales albaes marca el punto de inicio de las fiestas falleras en la localidad de Tur\u00eds. Aqu\u00ed os dejamos la videograbaci\u00f3n a cargo de <strong>tucomarca televisi\u00f3n<\/strong> de c\u00f3mo se ha desarrollado este jueves por la noche las albaes cantadas por el grupo de Cant Valenci\u00e0 del Puig de Santa Mar\u00eda al alcalde, Eugenio Forta\u00f1a, al resto de la corporaci\u00f3n municipal y a los miembros de la Junta Local Fallera del municipio.<\/p>\n","protected":false},"excerpt":{"rendered":"<div class=\"mh-excerpt\">El canto de las tradicionales albaes marca el punto de inicio de las fiestas falleras en la localidad de Tur\u00eds. Aqu\u00ed os dejamos la videograbaci\u00f3n a cargo de tucomarca televisi\u00f3n de c\u00f3mo se ha desarrollado <a class=\"mh-excerpt-more\" href=\"https:\/\/www.tucomarca.com\/wordpress\/segunda\/video-el-canto-de-las-albaes-al-alcalde-la-corporacion-municipal-y-a-la-junta-local-fallera-marcan-el-inicio-de-las-fallas-en-turis\/\" title=\"V\u00eddeo: El canto de las albaes al alcalde, la corporaci\u00f3n municipal y a la Junta Local Fallera marcan el inicio de las Fallas en Tur\u00eds\">[+] <\/a><\/div>\n","protected":false},"author":1,"featured_media":153575,"comment_status":"open","ping_status":"open","sticky":false,"template":"","format":"video","meta":{"footnotes":""},"categories":[8,72,42,5,7,383,3,43,45,26],"tags":[10466,80,16350,3640,10394],"class_list":{"0":"post-153574","1":"post","2":"type-post","3":"status-publish","4":"format-video","5":"has-post-thumbnail","7":"category-la-comarca","8":"category-sin-categorizar","9":"category-la-ribera","10":"category-la-semana-en-imagenes","11":"category-ocio-y-cultura","12":"category-pueblos-en-fiestas","13":"category-seccion","14":"category-turis","15":"category-ventana","16":"category-video","17":"tag-albaes","18":"tag-fallas","19":"tag-fallas-2022","20":"tag-la-ribera-alta","21":"tag-turis","22":"post_format-post-format-video"},"_links":{"self":[{"href":"https:\/\/www.tucomarca.com\/wordpress\/segunda\/wp-json\/wp\/v2\/posts\/153574","targetHints":{"allow":["GET"]}}],"collection":[{"href":"https:\/\/www.tucomarca.com\/wordpress\/segunda\/wp-json\/wp\/v2\/posts"}],"about":[{"href":"https:\/\/www.tucomarca.com\/wordpress\/segunda\/wp-json\/wp\/v2\/types\/post"}],"author":[{"embeddable":true,"href":"https:\/\/www.tucomarca.com\/wordpress\/segunda\/wp-json\/wp\/v2\/users\/1"}],"replies":[{"embeddable":true,"href":"https:\/\/www.tucomarca.com\/wordpress\/segunda\/wp-json\/wp\/v2\/comments?post=153574"}],"version-history":[{"count":0,"href":"https:\/\/www.tucomarca.com\/wordpress\/segunda\/wp-json\/wp\/v2\/posts\/153574\/revisions"}],"wp:featuredmedia":[{"embeddable":true,"href":"https:\/\/www.tucomarca.com\/wordpress\/segunda\/wp-json\/wp\/v2\/media\/153575"}],"wp:attachment":[{"href":"https:\/\/www.tucomarca.com\/wordpress\/segunda\/wp-json\/wp\/v2\/media?parent=153574"}],"wp:term":[{"taxonomy":"category","embeddable":true,"href":"https:\/\/www.tucomarca.com\/wordpress\/segunda\/wp-json\/wp\/v2\/categories?post=153574"},{"taxonomy":"post_tag","embeddable":true,"href":"https:\/\/www.tucomarca.com\/wordpress\/segunda\/wp-json\/wp\/v2\/tags?post=153574"}],"curies":[{"name":"wp","href":"https:\/\/api.w.org\/{rel}","templated":true}]}}