{"id":1538,"date":"2012-05-14T11:34:58","date_gmt":"2012-05-14T11:34:58","guid":{"rendered":"http:\/\/www.tucomarca.com\/wordpress\/segunda\/?p=1538"},"modified":"2012-05-14T12:10:36","modified_gmt":"2012-05-14T12:10:36","slug":"ava-asaja-realiza-este-martes-la-sexta-etapa-de-la-marcha-verde-con-el-trayecto-alberic-alzira","status":"publish","type":"post","link":"https:\/\/www.tucomarca.com\/wordpress\/segunda\/ava-asaja-realiza-este-martes-la-sexta-etapa-de-la-marcha-verde-con-el-trayecto-alberic-alzira\/","title":{"rendered":"AVA-Asaja realiza este martes la sexta etapa de la Marcha Verde con el trayecto Alberic-Alzira"},"content":{"rendered":"<p style=\"text-align: center;\">&nbsp;<\/p>\n<figure id=\"attachment_695\" aria-describedby=\"caption-attachment-695\" style=\"width: 614px\" class=\"wp-caption aligncenter\"><a href=\"https:\/\/www.tucomarca.com\/wordpress\/segunda\/wp-content\/uploads\/2012\/05\/Cheste-1.jpg\"><img loading=\"lazy\" decoding=\"async\" class=\"size-full wp-image-695 \" title=\"Cheste 1\" src=\"https:\/\/www.tucomarca.com\/wordpress\/segunda\/wp-content\/uploads\/2012\/05\/Cheste-1.jpg\" alt=\"La marcha en su reciente recorrido entre los pueblos de Chiva y Cheste.\" width=\"614\" height=\"410\" srcset=\"https:\/\/www.tucomarca.com\/wordpress\/segunda\/wp-content\/uploads\/2012\/05\/Cheste-1.jpg 1024w, https:\/\/www.tucomarca.com\/wordpress\/segunda\/wp-content\/uploads\/2012\/05\/Cheste-1-300x200.jpg 300w\" sizes=\"auto, (max-width: 614px) 100vw, 614px\" \/><\/a><figcaption id=\"caption-attachment-695\" class=\"wp-caption-text\">La marcha en su reciente recorrido entre los pueblos de Chiva y Cheste.<\/figcaption><\/figure>\n<p style=\"text-align: center;\">&nbsp;<\/p>\n<p style=\"text-align: left;\">La campa\u00f1a de protestas convocada por la Asociaci\u00f3n Valenciana de Agricultores (AVA-Asaja), bajo la denominaci\u00f3n de Marcha Verde, vive ma\u00f1ana su sexta etapa con el recorrido comprendido entre las poblaciones de Alberic y Alzira, coincidiendo con el D\u00eda de San Isidro, el patr\u00f3n de los agricultores.<\/p>\n<p>Tal como han informado fuentes de la entidad, decenas de tractores y centenares de agricultores, al igual que ya ha sucedido en las cinco convocatorias anteriores, iniciar\u00e1n un trayecto a pie, en este caso procedentes de las comarcas de La Ribera Alta y La Ribera Baixa, que empezar\u00e1 a partir de las 17,00 horas y concluir\u00e1 en torno a las 19,30 horas en Alzira con un parlamento a cargo del presidente de AVA-Asaja, Crist\u00f3bal Aguado. El calendario de movilizaciones culmina\u00adr\u00e1 el pr\u00f3ximo viernes, 18 de mayo, en la ciudad de Valencia y el 24 de mayo en Madrid, frente al Ministerio de Agricultura.<\/p>\n","protected":false},"excerpt":{"rendered":"<div class=\"mh-excerpt\">&nbsp; &nbsp; La campa\u00f1a de protestas convocada por la Asociaci\u00f3n Valenciana de Agricultores (AVA-Asaja), bajo la denominaci\u00f3n de Marcha Verde, vive ma\u00f1ana su sexta etapa con el recorrido comprendido entre las poblaciones de Alberic y <a class=\"mh-excerpt-more\" href=\"https:\/\/www.tucomarca.com\/wordpress\/segunda\/ava-asaja-realiza-este-martes-la-sexta-etapa-de-la-marcha-verde-con-el-trayecto-alberic-alzira\/\" title=\"AVA-Asaja realiza este martes la sexta etapa de la Marcha Verde con el trayecto Alberic-Alzira\">[+] <\/a><\/div>\n","protected":false},"author":1,"featured_media":695,"comment_status":"open","ping_status":"open","sticky":false,"template":"","format":"standard","meta":{"footnotes":""},"categories":[69,8,42,3],"tags":[85],"class_list":{"0":"post-1538","1":"post","2":"type-post","3":"status-publish","4":"format-standard","5":"has-post-thumbnail","7":"category-alzira","8":"category-la-comarca","9":"category-la-ribera","10":"category-seccion","11":"tag-agricultura"},"_links":{"self":[{"href":"https:\/\/www.tucomarca.com\/wordpress\/segunda\/wp-json\/wp\/v2\/posts\/1538","targetHints":{"allow":["GET"]}}],"collection":[{"href":"https:\/\/www.tucomarca.com\/wordpress\/segunda\/wp-json\/wp\/v2\/posts"}],"about":[{"href":"https:\/\/www.tucomarca.com\/wordpress\/segunda\/wp-json\/wp\/v2\/types\/post"}],"author":[{"embeddable":true,"href":"https:\/\/www.tucomarca.com\/wordpress\/segunda\/wp-json\/wp\/v2\/users\/1"}],"replies":[{"embeddable":true,"href":"https:\/\/www.tucomarca.com\/wordpress\/segunda\/wp-json\/wp\/v2\/comments?post=1538"}],"version-history":[{"count":0,"href":"https:\/\/www.tucomarca.com\/wordpress\/segunda\/wp-json\/wp\/v2\/posts\/1538\/revisions"}],"wp:featuredmedia":[{"embeddable":true,"href":"https:\/\/www.tucomarca.com\/wordpress\/segunda\/wp-json\/wp\/v2\/media\/695"}],"wp:attachment":[{"href":"https:\/\/www.tucomarca.com\/wordpress\/segunda\/wp-json\/wp\/v2\/media?parent=1538"}],"wp:term":[{"taxonomy":"category","embeddable":true,"href":"https:\/\/www.tucomarca.com\/wordpress\/segunda\/wp-json\/wp\/v2\/categories?post=1538"},{"taxonomy":"post_tag","embeddable":true,"href":"https:\/\/www.tucomarca.com\/wordpress\/segunda\/wp-json\/wp\/v2\/tags?post=1538"}],"curies":[{"name":"wp","href":"https:\/\/api.w.org\/{rel}","templated":true}]}}