{"id":153853,"date":"2022-04-04T19:00:00","date_gmt":"2022-04-04T17:00:00","guid":{"rendered":"http:\/\/www.tucomarca.com\/wordpress\/segunda\/?p=153853"},"modified":"2022-04-05T10:25:01","modified_gmt":"2022-04-05T08:25:01","slug":"el-ayuntamiento-de-utiel-senaliza-pasos-de-peatones-con-pictogramas-para-facilitar-la-inclusion-de-personas-con-autismo","status":"publish","type":"post","link":"https:\/\/www.tucomarca.com\/wordpress\/segunda\/el-ayuntamiento-de-utiel-senaliza-pasos-de-peatones-con-pictogramas-para-facilitar-la-inclusion-de-personas-con-autismo\/","title":{"rendered":"El Ayuntamiento de Utiel se\u00f1aliza pasos de peatones con pictogramas para facilitar la inclusi\u00f3n de personas con autismo"},"content":{"rendered":"\n<h4 class=\"wp-block-heading\">Coincidiendo con la conmemoraci\u00f3n del D\u00eda Mundial de Concienciaci\u00f3n del Autismo, Utiel presenta un itinerario peatonal que facilita la integraci\u00f3n de las personas con diversidad funcional y en particular del colectivo con Trastorno del Espectro de Autismo (TEA).<\/h4>\n\n\n\n<p>El Ayuntamiento de Utiel pone en marcha el programa de integraci\u00f3n \u201cRompiendo Barreras en Diversidad Funcional\u201d a trav\u00e9s de la se\u00f1alizaci\u00f3n mediante pictogramas de un itinerario peatonal adaptado a personas con diversidad funcional, especialmente a las diagnosticadas con Trastorno del Espectro de Autismo (TEA).<\/p>\n\n\n\n<p>Un nuevo proyecto de accesibilidad cognitiva que hoy se presenta coincidiendo con la celebraci\u00f3n del D\u00eda Mundial de Concienciaci\u00f3n del Autismo y que consiste en la se\u00f1alizaci\u00f3n de pasos de peatones inclusivos localizados en puntos estrat\u00e9gicos de Utiel por su ubicaci\u00f3n en zonas de mayor tr\u00e1nsito, especialmente aquellos pr\u00f3ximos a centros educativos y parques.<\/p>\n\n\n\n<p>Como proyecto piloto, Utiel cuenta ya con 12 pasos de peatones adaptados con im\u00e1genes que facilitan la integraci\u00f3n de las personas con diversidad funcional, principalmente las diagnosticadas con Trastorno del Espectro de Autismo (TEA). Un tipo se se\u00f1alizaci\u00f3n vial que ya se ha desarrollado en otros municipios de Espa\u00f1a con resultados positivos y que Utiel implanta como municipio pionero de la comarca para favorecer la inclusi\u00f3n de este colectivo y que adem\u00e1s refuerza visualmente el reconocimiento de estas zonas de mayor tr\u00e1fico, sobre todo para personas mayores y ni\u00f1os.&nbsp;<\/p>\n\n\n\n<p>&nbsp;Los pictogramas detallan a los peatones los pasos a seguir para cruzar con seguridad&nbsp;<\/p>\n\n\n\n<p><strong>1- MIRA&nbsp; 2- PARA&nbsp; 3- COCHE PARADO&nbsp; 4- CRUZA<\/strong><\/p>\n\n\n\n<figure class=\"wp-block-image size-large\"><img loading=\"lazy\" decoding=\"async\" width=\"1024\" height=\"683\" src=\"https:\/\/www.tucomarca.com\/wordpress\/segunda\/wp-content\/uploads\/2022\/04\/Utiel-PasosPeatonesInclusivos1-1024x683.jpeg\" alt=\"\" class=\"wp-image-153857\" srcset=\"https:\/\/www.tucomarca.com\/wordpress\/segunda\/wp-content\/uploads\/2022\/04\/Utiel-PasosPeatonesInclusivos1-1024x683.jpeg 1024w, https:\/\/www.tucomarca.com\/wordpress\/segunda\/wp-content\/uploads\/2022\/04\/Utiel-PasosPeatonesInclusivos1-300x200.jpeg 300w, https:\/\/www.tucomarca.com\/wordpress\/segunda\/wp-content\/uploads\/2022\/04\/Utiel-PasosPeatonesInclusivos1-768x512.jpeg 768w, https:\/\/www.tucomarca.com\/wordpress\/segunda\/wp-content\/uploads\/2022\/04\/Utiel-PasosPeatonesInclusivos1-1536x1024.jpeg 1536w, https:\/\/www.tucomarca.com\/wordpress\/segunda\/wp-content\/uploads\/2022\/04\/Utiel-PasosPeatonesInclusivos1.jpeg 1588w\" sizes=\"auto, (max-width: 1024px) 100vw, 1024px\" \/><\/figure>\n\n\n\n<p>Un apoyo visual sencillo y esquem\u00e1tico que ayuda a comprender de forma inmediata y clara el entorno en el que nos encontramos y a trav\u00e9s del cual, personas con diversidad funcional y en particular el colectivo TEA pueden ver, leer, entender y sentirse seguros a la hora de cruzar una v\u00eda y ser aut\u00f3nomos.&nbsp;<\/p>\n\n\n\n<p>Un proyecto pionero en la comarca con pictogramas espec\u00edficos que agrupan seguridad vial y accesibilidad cognitiva en diversidad funcional.<strong>&nbsp;<\/strong><\/p>\n\n\n\n<p><strong>Adhesi\u00f3n al movimiento \u201cIlum\u00ednalo de Azul\u201d&nbsp;<\/strong><\/p>\n\n\n\n<figure class=\"wp-block-image size-large\"><img loading=\"lazy\" decoding=\"async\" width=\"1024\" height=\"988\" src=\"https:\/\/www.tucomarca.com\/wordpress\/segunda\/wp-content\/uploads\/2022\/04\/Utiel_Azul-1024x988.jpeg\" alt=\"\" class=\"wp-image-153859\" srcset=\"https:\/\/www.tucomarca.com\/wordpress\/segunda\/wp-content\/uploads\/2022\/04\/Utiel_Azul-1024x988.jpeg 1024w, https:\/\/www.tucomarca.com\/wordpress\/segunda\/wp-content\/uploads\/2022\/04\/Utiel_Azul-300x289.jpeg 300w, https:\/\/www.tucomarca.com\/wordpress\/segunda\/wp-content\/uploads\/2022\/04\/Utiel_Azul-768x741.jpeg 768w, https:\/\/www.tucomarca.com\/wordpress\/segunda\/wp-content\/uploads\/2022\/04\/Utiel_Azul.jpeg 1080w\" sizes=\"auto, (max-width: 1024px) 100vw, 1024px\" \/><\/figure>\n\n\n\n<p>Un a\u00f1o m\u00e1s, el Ayuntamiento de Utiel se adhiere al movimiento asociativo del autismo iluminando la fachada del edificio consistorial de color azul como muestra de apoyo a las personas con trastorno del espectro del autismo (TEA) y sus familias.&nbsp;<\/p>\n\n\n\n<p>Esta noche, el Ayuntamiento de Utiel y el monumento homenaje al agricultor utielano de la Plaza Puerta del Sol se te\u00f1ir\u00e1n de azul formando parte del listado de edificios adheridos al movimiento de sensibilizaci\u00f3n internacional \u201cLight It Up Blue\u201d&nbsp;(LIUB), conocido como \u201cIlum\u00ednalo de azul\u201d.&nbsp;<\/p>\n\n\n\n<p>El a\u00f1o pasado se iluminaron de color azul m\u00e1s de 400 espacios p\u00fablicos en Espa\u00f1a y el reto de este 2022 es alcanzar los 450 edificios, siendo Utiel uno de los municipios incluidos en el registro de adhesiones.<\/p>\n\n\n\n<p><strong>ARUNAD: \u201cAy\u00fadanos a pintar el mundo de azul\u201d<\/strong><\/p>\n\n\n\n<p>Con la iluminaci\u00f3n de la fachada de color azul, el consistorio se suma a la campa\u00f1a de sensibilizaci\u00f3n puesta en marcha por ARUNAD, la asociaci\u00f3n comarcal de ni\u00f1os con alteraciones del desarrollo, bajo el lema \u201cAy\u00fadanos a pintar el mundo de azul\u201d.<\/p>\n\n\n\n<p>ARUNAD ha realizado un llamamiento solidario a la ciudadan\u00eda para que, con motivo de la celebraci\u00f3n del D\u00eda Mundial de Concienciaci\u00f3n del Autismo, se vistan con alguna prenda de color azul y coloquen lazos y globos azules en los balcones y ventanas de sus casas, centros de trabajo, escaparates de comercios etc. como s\u00edmbolo de apoyo a la comunidad TEA.&nbsp; &nbsp;<\/p>\n\n\n\n<p>Adem\u00e1s, esta ma\u00f1ana ARUNAD ha instalado una mesa informativa en la Plaza del Ayuntamiento para dar a conocer la labor de esta entidad de iniciativa social sin \u00e1nimo de lucro cuyo objetivo principal es sensibilizar a la sociedad para abordar la detecci\u00f3n precoz y el tratamiento r\u00e1pido y estructurado en ni\u00f1os y adolescentes con alteraciones del desarrollo (AD). Una asociaci\u00f3n que entre sus actividades lleva a cabo talleres terap\u00e9uticos, sobre habilidades sociales as\u00ed como charlas informativas.<\/p>\n\n\n\n<p><strong>Campa\u00f1a Autismo 2022: \u201cUn feliz viaje por la vida\u201d<\/strong><\/p>\n\n\n\n<p>Bajo el lema \u00abUn feliz viaje por la vida\u00bb, la campa\u00f1a del D\u00eda Mundial de Concienciaci\u00f3n sobre el Autismo 2022 pone el foco en el derecho de las personas con trastorno del espectro del autismo (TEA) y sus familias a disfrutar de una vida feliz.<\/p>\n\n\n\n<p>Tal y como destaca la Asociaci\u00f3n Autismo Espa\u00f1a:\u201cMuchas de ellas se enfrentan a un nivel muy alto de discriminaci\u00f3n en todos los aspectos de la vida, debido en buena medida a la falta de concienciaci\u00f3n sobre el TEA. Es preciso eliminar los prejuicios existentes y empatizar con el colectivo. Conocer y comprender sus necesidades para poder facilitarles los apoyos espec\u00edficos que les permitan vivir felices y participar en la sociedad en igualdad de condiciones respecto al resto de la ciudadan\u00eda\u201d.<\/p>\n\n\n\n<p>Se estima que alrededor de 7 millones de personas tienen trastorno del espectro del autismo (TEA) en Europa y en Espa\u00f1a, m\u00e1s de 470.000.<\/p>\n","protected":false},"excerpt":{"rendered":"<div class=\"mh-excerpt\">Coincidiendo con la conmemoraci\u00f3n del D\u00eda Mundial de Concienciaci\u00f3n del Autismo, Utiel presenta un itinerario peatonal que facilita la integraci\u00f3n de las personas con diversidad funcional y en particular del colectivo con Trastorno del Espectro <a class=\"mh-excerpt-more\" href=\"https:\/\/www.tucomarca.com\/wordpress\/segunda\/el-ayuntamiento-de-utiel-senaliza-pasos-de-peatones-con-pictogramas-para-facilitar-la-inclusion-de-personas-con-autismo\/\" title=\"El Ayuntamiento de Utiel se\u00f1aliza pasos de peatones con pictogramas para facilitar la inclusi\u00f3n de personas con autismo\">[+] <\/a><\/div>\n","protected":false},"author":12,"featured_media":153864,"comment_status":"open","ping_status":"open","sticky":false,"template":"","format":"standard","meta":{"footnotes":""},"categories":[128,8,142,27,3,29],"tags":[16784,1910,10387,16783,10389],"class_list":{"0":"post-153853","1":"post","2":"type-post","3":"status-publish","4":"format-standard","5":"has-post-thumbnail","7":"category-infraestructuras","8":"category-la-comarca","9":"category-politica-la-comarca","10":"category-requena-utiel","11":"category-seccion","12":"category-utiel","13":"tag-arunad","14":"tag-autismo","15":"tag-requena-utiel","16":"tag-trastorno-del-espectro-de-autismo-tea","17":"tag-utiel"},"_links":{"self":[{"href":"https:\/\/www.tucomarca.com\/wordpress\/segunda\/wp-json\/wp\/v2\/posts\/153853","targetHints":{"allow":["GET"]}}],"collection":[{"href":"https:\/\/www.tucomarca.com\/wordpress\/segunda\/wp-json\/wp\/v2\/posts"}],"about":[{"href":"https:\/\/www.tucomarca.com\/wordpress\/segunda\/wp-json\/wp\/v2\/types\/post"}],"author":[{"embeddable":true,"href":"https:\/\/www.tucomarca.com\/wordpress\/segunda\/wp-json\/wp\/v2\/users\/12"}],"replies":[{"embeddable":true,"href":"https:\/\/www.tucomarca.com\/wordpress\/segunda\/wp-json\/wp\/v2\/comments?post=153853"}],"version-history":[{"count":0,"href":"https:\/\/www.tucomarca.com\/wordpress\/segunda\/wp-json\/wp\/v2\/posts\/153853\/revisions"}],"wp:featuredmedia":[{"embeddable":true,"href":"https:\/\/www.tucomarca.com\/wordpress\/segunda\/wp-json\/wp\/v2\/media\/153864"}],"wp:attachment":[{"href":"https:\/\/www.tucomarca.com\/wordpress\/segunda\/wp-json\/wp\/v2\/media?parent=153853"}],"wp:term":[{"taxonomy":"category","embeddable":true,"href":"https:\/\/www.tucomarca.com\/wordpress\/segunda\/wp-json\/wp\/v2\/categories?post=153853"},{"taxonomy":"post_tag","embeddable":true,"href":"https:\/\/www.tucomarca.com\/wordpress\/segunda\/wp-json\/wp\/v2\/tags?post=153853"}],"curies":[{"name":"wp","href":"https:\/\/api.w.org\/{rel}","templated":true}]}}