{"id":153939,"date":"2022-04-04T20:00:00","date_gmt":"2022-04-04T18:00:00","guid":{"rendered":"http:\/\/www.tucomarca.com\/wordpress\/segunda\/?p=153939"},"modified":"2022-04-05T10:22:50","modified_gmt":"2022-04-05T08:22:50","slug":"el-partido-popular-de-la-comarca-requena-utiel-estuvo-representado-en-el-20-congreso-nacional-de-la-formacion-politica","status":"publish","type":"post","link":"https:\/\/www.tucomarca.com\/wordpress\/segunda\/el-partido-popular-de-la-comarca-requena-utiel-estuvo-representado-en-el-20-congreso-nacional-de-la-formacion-politica\/","title":{"rendered":"El Partido Popular de la comarca Requena-Utiel estuvo representado en el 20 Congreso Nacional de la formaci\u00f3n pol\u00edtica"},"content":{"rendered":"\n<p>El Partido Popular&nbsp; Requena-Utiel estuvo presente en el 20 Congreso Nacional que proclam\u00f3 Presidente del PP a Alberto N\u00fa\u00f1ez Feij\u00f3o, en Sevilla el 1 y 2 de abril.<\/p>\n\n\n\n<p>Los compromisarios de la comarca que fueron elegidos en la primera ronda del congreso donde el 100% de los votos fueron al candidato N\u00fa\u00f1ez Feij\u00f3o estuvieron presentes en su proclamaci\u00f3n como presidente del partido. El asignado al municipio de Requena y el asignado al resto de la comarca, pudieron participar en la segunda votaci\u00f3n a la que se someti\u00f3.<\/p>\n\n\n\n<p>El congreso que se realiz\u00f3 el 1 y 2 de abril en Sevilla acogi\u00f3 en FIBES una programaci\u00f3n que comenz\u00f3 el viernes por la ma\u00f1ana y finaliz\u00f3 el s\u00e1bado a mediod\u00eda. Informa, <strong>Luis Ib\u00e1\u00f1ez.<\/strong><\/p>\n","protected":false},"excerpt":{"rendered":"<div class=\"mh-excerpt\">El Partido Popular&nbsp; Requena-Utiel estuvo presente en el 20 Congreso Nacional que proclam\u00f3 Presidente del PP a Alberto N\u00fa\u00f1ez Feij\u00f3o, en Sevilla el 1 y 2 de abril. Los compromisarios de la comarca que fueron <a class=\"mh-excerpt-more\" href=\"https:\/\/www.tucomarca.com\/wordpress\/segunda\/el-partido-popular-de-la-comarca-requena-utiel-estuvo-representado-en-el-20-congreso-nacional-de-la-formacion-politica\/\" title=\"El Partido Popular de la comarca Requena-Utiel estuvo representado en el 20 Congreso Nacional de la formaci\u00f3n pol\u00edtica\">[+] <\/a><\/div>\n","protected":false},"author":12,"featured_media":153942,"comment_status":"open","ping_status":"open","sticky":false,"template":"","format":"standard","meta":{"footnotes":""},"categories":[112,236,37,138,139,8,111,142,28,27,140,3,235,29,234,120],"tags":[16792,16791,10387],"class_list":{"0":"post-153939","1":"post","2":"type-post","3":"status-publish","4":"format-standard","5":"has-post-thumbnail","7":"category-campo-arcis","8":"category-camporrobles","9":"category-caudete","10":"category-chera","11":"category-fuenterrobles","12":"category-la-comarca","13":"category-las-cuevas","14":"category-politica-la-comarca","15":"category-requena","16":"category-requena-utiel","17":"category-san-antonio","18":"category-seccion","19":"category-sinarcas","20":"category-utiel","21":"category-venta-del-moro","22":"category-villargordo-del-cabriel","23":"tag-20-congreso-nacional-pp","24":"tag-pp-de-requena-utiel","25":"tag-requena-utiel"},"_links":{"self":[{"href":"https:\/\/www.tucomarca.com\/wordpress\/segunda\/wp-json\/wp\/v2\/posts\/153939","targetHints":{"allow":["GET"]}}],"collection":[{"href":"https:\/\/www.tucomarca.com\/wordpress\/segunda\/wp-json\/wp\/v2\/posts"}],"about":[{"href":"https:\/\/www.tucomarca.com\/wordpress\/segunda\/wp-json\/wp\/v2\/types\/post"}],"author":[{"embeddable":true,"href":"https:\/\/www.tucomarca.com\/wordpress\/segunda\/wp-json\/wp\/v2\/users\/12"}],"replies":[{"embeddable":true,"href":"https:\/\/www.tucomarca.com\/wordpress\/segunda\/wp-json\/wp\/v2\/comments?post=153939"}],"version-history":[{"count":0,"href":"https:\/\/www.tucomarca.com\/wordpress\/segunda\/wp-json\/wp\/v2\/posts\/153939\/revisions"}],"wp:featuredmedia":[{"embeddable":true,"href":"https:\/\/www.tucomarca.com\/wordpress\/segunda\/wp-json\/wp\/v2\/media\/153942"}],"wp:attachment":[{"href":"https:\/\/www.tucomarca.com\/wordpress\/segunda\/wp-json\/wp\/v2\/media?parent=153939"}],"wp:term":[{"taxonomy":"category","embeddable":true,"href":"https:\/\/www.tucomarca.com\/wordpress\/segunda\/wp-json\/wp\/v2\/categories?post=153939"},{"taxonomy":"post_tag","embeddable":true,"href":"https:\/\/www.tucomarca.com\/wordpress\/segunda\/wp-json\/wp\/v2\/tags?post=153939"}],"curies":[{"name":"wp","href":"https:\/\/api.w.org\/{rel}","templated":true}]}}