{"id":1548,"date":"2012-05-14T12:36:01","date_gmt":"2012-05-14T12:36:01","guid":{"rendered":"http:\/\/www.tucomarca.com\/wordpress\/segunda\/?p=1548"},"modified":"2012-05-14T12:41:43","modified_gmt":"2012-05-14T12:41:43","slug":"la-banda-juvenil-de-%c2%abla-lira%c2%bb-de-cheste-ofrece-su-recital-bajo-el-titulo-de-%e2%80%9cbailables%e2%80%9d","status":"publish","type":"post","link":"https:\/\/www.tucomarca.com\/wordpress\/segunda\/la-banda-juvenil-de-%c2%abla-lira%c2%bb-de-cheste-ofrece-su-recital-bajo-el-titulo-de-%e2%80%9cbailables%e2%80%9d\/","title":{"rendered":"La Banda Juvenil de \u00abLa Lira\u00bb de Cheste ofrece su recital bajo el t\u00edtulo de \u201cBailables\u201d"},"content":{"rendered":"<p style=\"text-align: center;\">&nbsp;<\/p>\n<figure id=\"attachment_1549\" aria-describedby=\"caption-attachment-1549\" style=\"width: 717px\" class=\"wp-caption aligncenter\"><a href=\"https:\/\/www.tucomarca.com\/wordpress\/segunda\/wp-content\/uploads\/2012\/05\/bailables.jpg\"><img loading=\"lazy\" decoding=\"async\" class=\"size-large wp-image-1549 \" title=\"bailables\" src=\"https:\/\/www.tucomarca.com\/wordpress\/segunda\/wp-content\/uploads\/2012\/05\/bailables-1024x548.jpg\" alt=\"Actuaci\u00f3n de la Banda Juvenil de \u00abLa Lira\u00bb de Cheste.\" width=\"717\" height=\"384\" srcset=\"https:\/\/www.tucomarca.com\/wordpress\/segunda\/wp-content\/uploads\/2012\/05\/bailables-1024x548.jpg 1024w, https:\/\/www.tucomarca.com\/wordpress\/segunda\/wp-content\/uploads\/2012\/05\/bailables-300x160.jpg 300w\" sizes=\"auto, (max-width: 717px) 100vw, 717px\" \/><\/a><figcaption id=\"caption-attachment-1549\" class=\"wp-caption-text\">Actuaci\u00f3n de la Banda Juvenil de \u00abLa Lira\u00bb de Cheste.<\/figcaption><\/figure>\n<p style=\"text-align: center;\">&nbsp;<\/p>\n<p style=\"text-align: left;\">El ciclo M\u00fasica en Primavera 2012 ha acogido este pasado domingo la maravillosa actuaci\u00f3n de la Banda Juvenil de \u00abLa Lira\u00bb con su espect\u00e1culo \u201cBailables\u201d.<\/p>\n<p>Su entusiasmo y entrega animaron y amenizaron al gran n\u00famero de chestanos que se concentraron en la plaza Constituci\u00f3n para disfrutar de una maravillosa tarde de Domingo al aire libre, tal como han infomado desde el consistorio local.<\/p>\n<p>La entregada interpretaci\u00f3n por parte de los m\u00fasicos m\u00e1s j\u00f3venes de la Banda de Cheste, que tocaron sin cesar hasta m\u00e1s de las diez de la noche, agradaron a los chestanos que les acompa\u00f1aron hasta el final de este maravilloso concierto dirigido Gerardo P\u00e9rez Checa.<\/p>\n","protected":false},"excerpt":{"rendered":"<div class=\"mh-excerpt\">&nbsp; &nbsp; El ciclo M\u00fasica en Primavera 2012 ha acogido este pasado domingo la maravillosa actuaci\u00f3n de la Banda Juvenil de \u00abLa Lira\u00bb con su espect\u00e1culo \u201cBailables\u201d. Su entusiasmo y entrega animaron y amenizaron al <a class=\"mh-excerpt-more\" href=\"https:\/\/www.tucomarca.com\/wordpress\/segunda\/la-banda-juvenil-de-%c2%abla-lira%c2%bb-de-cheste-ofrece-su-recital-bajo-el-titulo-de-%e2%80%9cbailables%e2%80%9d\/\" title=\"La Banda Juvenil de \u00abLa Lira\u00bb de Cheste ofrece su recital bajo el t\u00edtulo de \u201cBailables\u201d\">[+] <\/a><\/div>\n","protected":false},"author":1,"featured_media":1549,"comment_status":"open","ping_status":"open","sticky":false,"template":"","format":"standard","meta":{"footnotes":""},"categories":[66,17,10,7,3,45],"tags":[],"class_list":{"0":"post-1548","1":"post","2":"type-post","3":"status-publish","4":"format-standard","5":"has-post-thumbnail","7":"category-musica","8":"category-cheste","9":"category-la-hoya","10":"category-ocio-y-cultura","11":"category-seccion","12":"category-ventana"},"_links":{"self":[{"href":"https:\/\/www.tucomarca.com\/wordpress\/segunda\/wp-json\/wp\/v2\/posts\/1548","targetHints":{"allow":["GET"]}}],"collection":[{"href":"https:\/\/www.tucomarca.com\/wordpress\/segunda\/wp-json\/wp\/v2\/posts"}],"about":[{"href":"https:\/\/www.tucomarca.com\/wordpress\/segunda\/wp-json\/wp\/v2\/types\/post"}],"author":[{"embeddable":true,"href":"https:\/\/www.tucomarca.com\/wordpress\/segunda\/wp-json\/wp\/v2\/users\/1"}],"replies":[{"embeddable":true,"href":"https:\/\/www.tucomarca.com\/wordpress\/segunda\/wp-json\/wp\/v2\/comments?post=1548"}],"version-history":[{"count":0,"href":"https:\/\/www.tucomarca.com\/wordpress\/segunda\/wp-json\/wp\/v2\/posts\/1548\/revisions"}],"wp:featuredmedia":[{"embeddable":true,"href":"https:\/\/www.tucomarca.com\/wordpress\/segunda\/wp-json\/wp\/v2\/media\/1549"}],"wp:attachment":[{"href":"https:\/\/www.tucomarca.com\/wordpress\/segunda\/wp-json\/wp\/v2\/media?parent=1548"}],"wp:term":[{"taxonomy":"category","embeddable":true,"href":"https:\/\/www.tucomarca.com\/wordpress\/segunda\/wp-json\/wp\/v2\/categories?post=1548"},{"taxonomy":"post_tag","embeddable":true,"href":"https:\/\/www.tucomarca.com\/wordpress\/segunda\/wp-json\/wp\/v2\/tags?post=1548"}],"curies":[{"name":"wp","href":"https:\/\/api.w.org\/{rel}","templated":true}]}}