{"id":15483,"date":"2013-06-18T14:03:27","date_gmt":"2013-06-18T13:03:27","guid":{"rendered":"http:\/\/www.tucomarca.com\/wordpress\/segunda\/?p=15483"},"modified":"2013-06-18T14:04:19","modified_gmt":"2013-06-18T13:04:19","slug":"la-segunda-gala-del-deporte-de-chiva-reune-a-mas-de-350-personas-en-el-teatro-astoria","status":"publish","type":"post","link":"https:\/\/www.tucomarca.com\/wordpress\/segunda\/la-segunda-gala-del-deporte-de-chiva-reune-a-mas-de-350-personas-en-el-teatro-astoria\/","title":{"rendered":"La segunda gala del deporte de Chiva re\u00fane a m\u00e1s de 350 personas en el teatro Astoria"},"content":{"rendered":"<figure id=\"attachment_15484\" aria-describedby=\"caption-attachment-15484\" style=\"width: 300px\" class=\"wp-caption alignleft\"><a href=\"https:\/\/www.tucomarca.com\/wordpress\/segunda\/wp-content\/uploads\/2013\/06\/galadeportechiva2013.jpg\"><img loading=\"lazy\" decoding=\"async\" class=\"size-medium wp-image-15484\" title=\"Picazo Fot\u00c3\u00b3grafos\" src=\"https:\/\/www.tucomarca.com\/wordpress\/segunda\/wp-content\/uploads\/2013\/06\/galadeportechiva2013-300x131.jpg\" alt=\"Parte de los participantes en la gala del deporte de Chiva 2013.\" width=\"300\" height=\"131\" srcset=\"https:\/\/www.tucomarca.com\/wordpress\/segunda\/wp-content\/uploads\/2013\/06\/galadeportechiva2013-300x131.jpg 300w, https:\/\/www.tucomarca.com\/wordpress\/segunda\/wp-content\/uploads\/2013\/06\/galadeportechiva2013-1024x447.jpg 1024w\" sizes=\"auto, (max-width: 300px) 100vw, 300px\" \/><\/a><figcaption id=\"caption-attachment-15484\" class=\"wp-caption-text\">Parte de los participantes en la gala del deporte de Chiva 2013.<\/figcaption><\/figure>\n<p>Chiva celebr\u00f3 este fin de semana su segunda Gala del Deporte, un acto en el que el Ayuntamiento homenaje\u00f3, por segundo a\u00f1o consecutivo, a diferentes clubes y deportistas de la localidad.<\/p>\n<p>M\u00e1s de 350 personas se acercaron hasta el teatro Astoria para compartir con los galardonados esta importante cita que en s\u00f3lo dos ediciones ha despertado una gran expectaci\u00f3n.<\/p>\n<p>Reconocer los m\u00e9ritos de personas y asociaciones que se han caracterizado por su aportaci\u00f3n al desarrollo deportivo del municipio fueron los principales argumentos para conceder estos premios que, en esta ocasi\u00f3n, recayeron en el Club de F\u00fatbol Sala de Chiva, el Club de F\u00fatbol Juventud Chiva, Basilio D\u00edaz, del Club de Baloncesto Chiva, la atleta Amparo Sahuquillo, el frontenista Manuel Lacalle Barrera,\u00a0 el boxeador Fran Gonz\u00e1lez, Manuel Alarc\u00f3n y Joaqu\u00edn Rodrigo, iniciadores de la escuela de f\u00fatbol en Chiva en los a\u00f1os 70 y Emilio Besteiro, maestro de Educaci\u00f3n F\u00edsica y entrenador de diversos deportes.<\/p>\n<p>El alcalde, Jos\u00e9 Manuel Haro, destac\u00f3 el papel tan importante que han desempe\u00f1ado los galardonados en la historia deportiva de nuestro pueblo y anim\u00f3 al resto de vecinos a seguir el ejemplo de nuestros deportistas.<\/p>\n<p>El evento cont\u00f3 con las actuaciones del grupo de gimnasia r\u00edtmica de las Escuelas Deportivas Municipales de Chiva.<\/p>\n<p>El popular presentador Paco Lloret fue el encargado de presentar el acto que fue apadrinado por V\u00edctor Luengo, exjugador ACB del CB Valencia Basket.<\/p>\n<p>&nbsp;<\/p>\n","protected":false},"excerpt":{"rendered":"<div class=\"mh-excerpt\">Chiva celebr\u00f3 este fin de semana su segunda Gala del Deporte, un acto en el que el Ayuntamiento homenaje\u00f3, por segundo a\u00f1o consecutivo, a diferentes clubes y deportistas de la localidad. M\u00e1s de 350 personas <a class=\"mh-excerpt-more\" href=\"https:\/\/www.tucomarca.com\/wordpress\/segunda\/la-segunda-gala-del-deporte-de-chiva-reune-a-mas-de-350-personas-en-el-teatro-astoria\/\" title=\"La segunda gala del deporte de Chiva re\u00fane a m\u00e1s de 350 personas en el teatro Astoria\">[+] <\/a><\/div>\n","protected":false},"author":1,"featured_media":15484,"comment_status":"open","ping_status":"open","sticky":false,"template":"","format":"standard","meta":{"footnotes":""},"categories":[16,6,10,199,3,45],"tags":[10384,545,947],"class_list":{"0":"post-15483","1":"post","2":"type-post","3":"status-publish","4":"format-standard","5":"has-post-thumbnail","7":"category-chiva","8":"category-deportes","9":"category-la-hoya","10":"category-polideportivo","11":"category-seccion","12":"category-ventana","13":"tag-chiva","14":"tag-deporte","15":"tag-gala"},"_links":{"self":[{"href":"https:\/\/www.tucomarca.com\/wordpress\/segunda\/wp-json\/wp\/v2\/posts\/15483","targetHints":{"allow":["GET"]}}],"collection":[{"href":"https:\/\/www.tucomarca.com\/wordpress\/segunda\/wp-json\/wp\/v2\/posts"}],"about":[{"href":"https:\/\/www.tucomarca.com\/wordpress\/segunda\/wp-json\/wp\/v2\/types\/post"}],"author":[{"embeddable":true,"href":"https:\/\/www.tucomarca.com\/wordpress\/segunda\/wp-json\/wp\/v2\/users\/1"}],"replies":[{"embeddable":true,"href":"https:\/\/www.tucomarca.com\/wordpress\/segunda\/wp-json\/wp\/v2\/comments?post=15483"}],"version-history":[{"count":0,"href":"https:\/\/www.tucomarca.com\/wordpress\/segunda\/wp-json\/wp\/v2\/posts\/15483\/revisions"}],"wp:featuredmedia":[{"embeddable":true,"href":"https:\/\/www.tucomarca.com\/wordpress\/segunda\/wp-json\/wp\/v2\/media\/15484"}],"wp:attachment":[{"href":"https:\/\/www.tucomarca.com\/wordpress\/segunda\/wp-json\/wp\/v2\/media?parent=15483"}],"wp:term":[{"taxonomy":"category","embeddable":true,"href":"https:\/\/www.tucomarca.com\/wordpress\/segunda\/wp-json\/wp\/v2\/categories?post=15483"},{"taxonomy":"post_tag","embeddable":true,"href":"https:\/\/www.tucomarca.com\/wordpress\/segunda\/wp-json\/wp\/v2\/tags?post=15483"}],"curies":[{"name":"wp","href":"https:\/\/api.w.org\/{rel}","templated":true}]}}