{"id":155049,"date":"2022-04-19T14:58:00","date_gmt":"2022-04-19T12:58:00","guid":{"rendered":"http:\/\/www.tucomarca.com\/wordpress\/segunda\/?p=155049"},"modified":"2022-04-19T17:33:09","modified_gmt":"2022-04-19T15:33:09","slug":"sanidad-notifica-15-fallecimientos-y-7-581-nuevos-casos-de-coronavirus-en-la-comunitat-valenciana-3-507-de-ellos-en-mayores-de-60-anos","status":"publish","type":"post","link":"https:\/\/www.tucomarca.com\/wordpress\/segunda\/sanidad-notifica-15-fallecimientos-y-7-581-nuevos-casos-de-coronavirus-en-la-comunitat-valenciana-3-507-de-ellos-en-mayores-de-60-anos\/","title":{"rendered":"Sanidad notifica 15 fallecimientos y 7.581 nuevos casos de coronavirus en la Comunitat Valenciana, 3.507 de ellos en mayores de 60 a\u00f1os"},"content":{"rendered":"\n<p><strong>Los hospitales valencianos tienen 667 personas ingresadas, 34 de ellas en la UCI<\/strong><\/p>\n\n\n\n<p>La Conselleria de Sanidad Universal y Salud P\u00fablica ha notificado un total de 7.581 nuevos casos de coronavirus confirmados por prueba PCR o a trav\u00e9s de test de ant\u00edgenos desde la \u00faltima actualizaci\u00f3n. Los nuevos casos por provincias son 1.810 en Castell\u00f3n (166.860 en total), 1.980 en Alicante (472.887 en total), 3.790 en Valencia (736.455 en total) y 1 sin asignar.<\/p>\n\n\n\n<p>De ellos, 3.507 son de personas mayores de 60 a\u00f1os. Por provincias: 921 se registran en Castell\u00f3n, 862 en Alicante y 1.724 en Valencia.<\/p>\n\n\n\n<p>Los hospitales valencianos tienen, actualmente 667 personas ingresadas, 34 de ellas en la UCI: 149 en la provincia de Castell\u00f3n, 5 en UCI; 198 en la provincia de Alicante, 10 de ellas en la UCI; y 320 en la provincia de Valencia, 19 en UCI.&nbsp;<\/p>\n\n\n\n<p>Se han notificado 15 fallecimientos por coronavirus desde la \u00faltima actualizaci\u00f3n, todos ellos en los \u00faltimos 7 d\u00edas, excepto un caso de febrero. Se trata de 9 mujeres de entre 75 y 93 a\u00f1os, y 6 hombres de entre 53 y 90 a\u00f1os. El total de decesos desde el inicio de la pandemia asciende a 9.228: 1.067 en la provincia de Castell\u00f3n, 3.506 en la de Alicante y 4.655 en la de Valencia.<\/p>\n","protected":false},"excerpt":{"rendered":"<div class=\"mh-excerpt\">Los hospitales valencianos tienen 667 personas ingresadas, 34 de ellas en la UCI La Conselleria de Sanidad Universal y Salud P\u00fablica ha notificado un total de 7.581 nuevos casos de coronavirus confirmados por prueba PCR <a class=\"mh-excerpt-more\" href=\"https:\/\/www.tucomarca.com\/wordpress\/segunda\/sanidad-notifica-15-fallecimientos-y-7-581-nuevos-casos-de-coronavirus-en-la-comunitat-valenciana-3-507-de-ellos-en-mayores-de-60-anos\/\" title=\"Sanidad notifica 15 fallecimientos y 7.581 nuevos casos de coronavirus en la Comunitat Valenciana, 3.507 de ellos en mayores de 60 a\u00f1os\">[+] <\/a><\/div>\n","protected":false},"author":1,"featured_media":138716,"comment_status":"open","ping_status":"open","sticky":false,"template":"","format":"standard","meta":{"footnotes":""},"categories":[119,12201,128,8,72,117,142,3,116,45],"tags":[11937,11938,2142,16214,1973,2105],"class_list":{"0":"post-155049","1":"post","2":"type-post","3":"status-publish","4":"format-standard","5":"has-post-thumbnail","7":"category-sanidad-la-comarca","8":"category-covid-19","9":"category-infraestructuras","10":"category-la-comarca","11":"category-sin-categorizar","12":"category-medio-ambiente-la-comarca","13":"category-politica-la-comarca","14":"category-seccion","15":"category-sucesos-la-comarca","16":"category-ventana","17":"tag-coronavirus","18":"tag-covid-19","19":"tag-la-comunitat","20":"tag-sexta-ola","21":"tag-vacunacion","22":"tag-vacunas"},"_links":{"self":[{"href":"https:\/\/www.tucomarca.com\/wordpress\/segunda\/wp-json\/wp\/v2\/posts\/155049","targetHints":{"allow":["GET"]}}],"collection":[{"href":"https:\/\/www.tucomarca.com\/wordpress\/segunda\/wp-json\/wp\/v2\/posts"}],"about":[{"href":"https:\/\/www.tucomarca.com\/wordpress\/segunda\/wp-json\/wp\/v2\/types\/post"}],"author":[{"embeddable":true,"href":"https:\/\/www.tucomarca.com\/wordpress\/segunda\/wp-json\/wp\/v2\/users\/1"}],"replies":[{"embeddable":true,"href":"https:\/\/www.tucomarca.com\/wordpress\/segunda\/wp-json\/wp\/v2\/comments?post=155049"}],"version-history":[{"count":0,"href":"https:\/\/www.tucomarca.com\/wordpress\/segunda\/wp-json\/wp\/v2\/posts\/155049\/revisions"}],"wp:featuredmedia":[{"embeddable":true,"href":"https:\/\/www.tucomarca.com\/wordpress\/segunda\/wp-json\/wp\/v2\/media\/138716"}],"wp:attachment":[{"href":"https:\/\/www.tucomarca.com\/wordpress\/segunda\/wp-json\/wp\/v2\/media?parent=155049"}],"wp:term":[{"taxonomy":"category","embeddable":true,"href":"https:\/\/www.tucomarca.com\/wordpress\/segunda\/wp-json\/wp\/v2\/categories?post=155049"},{"taxonomy":"post_tag","embeddable":true,"href":"https:\/\/www.tucomarca.com\/wordpress\/segunda\/wp-json\/wp\/v2\/tags?post=155049"}],"curies":[{"name":"wp","href":"https:\/\/api.w.org\/{rel}","templated":true}]}}