{"id":155466,"date":"2022-04-23T19:00:00","date_gmt":"2022-04-23T17:00:00","guid":{"rendered":"http:\/\/www.tucomarca.com\/wordpress\/segunda\/?p=155466"},"modified":"2022-04-25T21:28:08","modified_gmt":"2022-04-25T19:28:08","slug":"yatova-celebra-sus-procesiones-de-semana-santa-tras-dos-anos-de-espera-por-la-pandemia","status":"publish","type":"post","link":"https:\/\/www.tucomarca.com\/wordpress\/segunda\/yatova-celebra-sus-procesiones-de-semana-santa-tras-dos-anos-de-espera-por-la-pandemia\/","title":{"rendered":"Y\u00e1tova celebra sus procesiones de Semana Santa tras dos a\u00f1os de espera por la pandemia"},"content":{"rendered":"\n<p>La solemnidad de las procesiones ha sido uno de los grandes atractivos de la Semana Santa en los pueblos de la comarca, en Y\u00e1tova se han vivido con intensidad tras dos a\u00f1o de pandemia.<br>Los costaleros de la Iglesia de Los Santos Reyes han portado las andas con las im\u00e1genes de la Virgen Mar\u00eda y de Jes\u00fas.<br>En la tarde del viernes se desarroll\u00f3 la procesi\u00f3n del Santo Entierro, una de las m\u00e1s emotivas con el desfile procesional por las calles de la poblaci\u00f3n, tambi\u00e9n se han celebrado las eucarist\u00edas en las que se ha repasado cada uno de los momentos de la pasi\u00f3n y muerte de Cristo.<br>El domingo de Pascua se celebr\u00f3 el tradicional Encuentro con el que se expresa la alegr\u00eda de la resurrecci\u00f3n y que ha sido presenciado por numerosos fieles y curiosos.<\/p>\n\n\n\n<p>La participaci\u00f3n de las bandas de m\u00fasica ha sido m\u00e1s que necesaria para aportar la solemnidad que requer\u00edan cada una de estas procesiones que han sido presenciadas por numerosos fieles y curiosos tras dos a\u00f1os de restricciones sanitarias por la pandemia.<\/p>\n\n\n\n<p>Fotos: J. Calvente.<\/p>\n\n\n\n<figure class=\"wp-block-gallery columns-2 is-cropped wp-block-gallery-1 is-layout-flex wp-block-gallery-is-layout-flex\"><ul class=\"blocks-gallery-grid\"><li class=\"blocks-gallery-item\"><figure><img loading=\"lazy\" decoding=\"async\" width=\"1024\" height=\"768\" src=\"https:\/\/www.tucomarca.com\/wordpress\/segunda\/wp-content\/uploads\/2022\/04\/YatovaSemanaSanta01-1024x768.jpg\" alt=\"\" data-id=\"155470\" data-full-url=\"https:\/\/www.tucomarca.com\/wordpress\/segunda\/wp-content\/uploads\/2022\/04\/YatovaSemanaSanta01.jpg\" data-link=\"https:\/\/www.tucomarca.com\/wordpress\/segunda\/?attachment_id=155470\" class=\"wp-image-155470\" srcset=\"https:\/\/www.tucomarca.com\/wordpress\/segunda\/wp-content\/uploads\/2022\/04\/YatovaSemanaSanta01-1024x768.jpg 1024w, https:\/\/www.tucomarca.com\/wordpress\/segunda\/wp-content\/uploads\/2022\/04\/YatovaSemanaSanta01-300x225.jpg 300w, https:\/\/www.tucomarca.com\/wordpress\/segunda\/wp-content\/uploads\/2022\/04\/YatovaSemanaSanta01-768x576.jpg 768w, https:\/\/www.tucomarca.com\/wordpress\/segunda\/wp-content\/uploads\/2022\/04\/YatovaSemanaSanta01-678x509.jpg 678w, https:\/\/www.tucomarca.com\/wordpress\/segunda\/wp-content\/uploads\/2022\/04\/YatovaSemanaSanta01-326x245.jpg 326w, https:\/\/www.tucomarca.com\/wordpress\/segunda\/wp-content\/uploads\/2022\/04\/YatovaSemanaSanta01-80x60.jpg 80w, https:\/\/www.tucomarca.com\/wordpress\/segunda\/wp-content\/uploads\/2022\/04\/YatovaSemanaSanta01.jpg 1080w\" sizes=\"auto, (max-width: 1024px) 100vw, 1024px\" \/><\/figure><\/li><li class=\"blocks-gallery-item\"><figure><img loading=\"lazy\" decoding=\"async\" width=\"768\" height=\"1024\" src=\"https:\/\/www.tucomarca.com\/wordpress\/segunda\/wp-content\/uploads\/2022\/04\/YatovaSemanaSanta03-768x1024.jpg\" alt=\"\" data-id=\"155474\" data-full-url=\"https:\/\/www.tucomarca.com\/wordpress\/segunda\/wp-content\/uploads\/2022\/04\/YatovaSemanaSanta03.jpg\" data-link=\"https:\/\/www.tucomarca.com\/wordpress\/segunda\/?attachment_id=155474\" class=\"wp-image-155474\" srcset=\"https:\/\/www.tucomarca.com\/wordpress\/segunda\/wp-content\/uploads\/2022\/04\/YatovaSemanaSanta03-768x1024.jpg 768w, https:\/\/www.tucomarca.com\/wordpress\/segunda\/wp-content\/uploads\/2022\/04\/YatovaSemanaSanta03-225x300.jpg 225w, https:\/\/www.tucomarca.com\/wordpress\/segunda\/wp-content\/uploads\/2022\/04\/YatovaSemanaSanta03-1152x1536.jpg 1152w, https:\/\/www.tucomarca.com\/wordpress\/segunda\/wp-content\/uploads\/2022\/04\/YatovaSemanaSanta03.jpg 1200w\" sizes=\"auto, (max-width: 768px) 100vw, 768px\" \/><\/figure><\/li><li class=\"blocks-gallery-item\"><figure><img loading=\"lazy\" decoding=\"async\" width=\"1024\" height=\"768\" src=\"https:\/\/www.tucomarca.com\/wordpress\/segunda\/wp-content\/uploads\/2022\/04\/YatovaSemanaSanta02-1024x768.jpg\" alt=\"\" data-id=\"155472\" data-full-url=\"https:\/\/www.tucomarca.com\/wordpress\/segunda\/wp-content\/uploads\/2022\/04\/YatovaSemanaSanta02.jpg\" data-link=\"https:\/\/www.tucomarca.com\/wordpress\/segunda\/?attachment_id=155472\" class=\"wp-image-155472\" srcset=\"https:\/\/www.tucomarca.com\/wordpress\/segunda\/wp-content\/uploads\/2022\/04\/YatovaSemanaSanta02-1024x768.jpg 1024w, https:\/\/www.tucomarca.com\/wordpress\/segunda\/wp-content\/uploads\/2022\/04\/YatovaSemanaSanta02-300x225.jpg 300w, https:\/\/www.tucomarca.com\/wordpress\/segunda\/wp-content\/uploads\/2022\/04\/YatovaSemanaSanta02-768x576.jpg 768w, https:\/\/www.tucomarca.com\/wordpress\/segunda\/wp-content\/uploads\/2022\/04\/YatovaSemanaSanta02-1536x1152.jpg 1536w, https:\/\/www.tucomarca.com\/wordpress\/segunda\/wp-content\/uploads\/2022\/04\/YatovaSemanaSanta02-678x509.jpg 678w, https:\/\/www.tucomarca.com\/wordpress\/segunda\/wp-content\/uploads\/2022\/04\/YatovaSemanaSanta02-326x245.jpg 326w, https:\/\/www.tucomarca.com\/wordpress\/segunda\/wp-content\/uploads\/2022\/04\/YatovaSemanaSanta02-80x60.jpg 80w, https:\/\/www.tucomarca.com\/wordpress\/segunda\/wp-content\/uploads\/2022\/04\/YatovaSemanaSanta02.jpg 2048w\" sizes=\"auto, (max-width: 1024px) 100vw, 1024px\" \/><\/figure><\/li><\/ul><\/figure>\n","protected":false},"excerpt":{"rendered":"<div class=\"mh-excerpt\">La solemnidad de las procesiones ha sido uno de los grandes atractivos de la Semana Santa en los pueblos de la comarca, en Y\u00e1tova se han vivido con intensidad tras dos a\u00f1o de pandemia.Los costaleros <a class=\"mh-excerpt-more\" href=\"https:\/\/www.tucomarca.com\/wordpress\/segunda\/yatova-celebra-sus-procesiones-de-semana-santa-tras-dos-anos-de-espera-por-la-pandemia\/\" title=\"Y\u00e1tova celebra sus procesiones de Semana Santa tras dos a\u00f1os de espera por la pandemia\">[+] <\/a><\/div>\n","protected":false},"author":12,"featured_media":155476,"comment_status":"open","ping_status":"open","sticky":false,"template":"","format":"gallery","meta":{"footnotes":""},"categories":[8,10,5,383,3,11],"tags":[5952,10217,10380],"class_list":{"0":"post-155466","1":"post","2":"type-post","3":"status-publish","4":"format-gallery","5":"has-post-thumbnail","7":"category-la-comarca","8":"category-la-hoya","9":"category-la-semana-en-imagenes","10":"category-pueblos-en-fiestas","11":"category-seccion","12":"category-yatova","13":"tag-la-hoya-de-bunol-chiva","14":"tag-semana-santa-y-pascua","15":"tag-yatova","16":"post_format-post-format-gallery"},"_links":{"self":[{"href":"https:\/\/www.tucomarca.com\/wordpress\/segunda\/wp-json\/wp\/v2\/posts\/155466","targetHints":{"allow":["GET"]}}],"collection":[{"href":"https:\/\/www.tucomarca.com\/wordpress\/segunda\/wp-json\/wp\/v2\/posts"}],"about":[{"href":"https:\/\/www.tucomarca.com\/wordpress\/segunda\/wp-json\/wp\/v2\/types\/post"}],"author":[{"embeddable":true,"href":"https:\/\/www.tucomarca.com\/wordpress\/segunda\/wp-json\/wp\/v2\/users\/12"}],"replies":[{"embeddable":true,"href":"https:\/\/www.tucomarca.com\/wordpress\/segunda\/wp-json\/wp\/v2\/comments?post=155466"}],"version-history":[{"count":0,"href":"https:\/\/www.tucomarca.com\/wordpress\/segunda\/wp-json\/wp\/v2\/posts\/155466\/revisions"}],"wp:featuredmedia":[{"embeddable":true,"href":"https:\/\/www.tucomarca.com\/wordpress\/segunda\/wp-json\/wp\/v2\/media\/155476"}],"wp:attachment":[{"href":"https:\/\/www.tucomarca.com\/wordpress\/segunda\/wp-json\/wp\/v2\/media?parent=155466"}],"wp:term":[{"taxonomy":"category","embeddable":true,"href":"https:\/\/www.tucomarca.com\/wordpress\/segunda\/wp-json\/wp\/v2\/categories?post=155466"},{"taxonomy":"post_tag","embeddable":true,"href":"https:\/\/www.tucomarca.com\/wordpress\/segunda\/wp-json\/wp\/v2\/tags?post=155466"}],"curies":[{"name":"wp","href":"https:\/\/api.w.org\/{rel}","templated":true}]}}