{"id":155675,"date":"2022-04-27T12:30:00","date_gmt":"2022-04-27T10:30:00","guid":{"rendered":"http:\/\/www.tucomarca.com\/wordpress\/segunda\/?p=155675"},"modified":"2022-04-27T12:35:18","modified_gmt":"2022-04-27T10:35:18","slug":"esquerra-republicana-y-compromis-piden-el-cierre-y-desmantelamiento-de-la-central-nuclear-de-cofrentes","status":"publish","type":"post","link":"https:\/\/www.tucomarca.com\/wordpress\/segunda\/esquerra-republicana-y-compromis-piden-el-cierre-y-desmantelamiento-de-la-central-nuclear-de-cofrentes\/","title":{"rendered":"Esquerra Republicana y Comprom\u00eds piden el cierre y desmantelamiento de la central nuclear de Cofrentes"},"content":{"rendered":"\n<p>La iniciativa presentada pide una comisi\u00f3n de investigaci\u00f3n para elaborar un informe del accidente del 24 de abril de 2022, el m\u00e1s grave registrado.&nbsp;<\/p>\n\n\n\n<p>El grupo de Esquerra Republicana\u2013EH Bildu, junto con Comprom\u00eds, han registrado hoy, mi\u00e9rcoles 27 de abril de 2022, una moci\u00f3n en el Senado donde piden, entre otras cosas, el cierre y desmantelamiento de la central nuclear de Cofrentes, situada en el interior del Pa\u00eds Valenciano, en la comarca del Valle de Ayra-Cofrentes. Ambos grupos han decidido volver a insistir con esta demanda despu\u00e9s de que la central haya sufrido tres paradas no programadas en el \u00faltimo mes y medio, as\u00ed como varias fugas.\u00a0<\/p>\n\n\n\n<p>A pesar de que desde el 2017 ya han sido presentadas varias reivindicaciones en este mismo sentido tanto a las Cortes Valencianas, ayuntamientos como en el Congreso, todas ellas rechazadas, los republicanos critican que el Ministerio para la Transici\u00f3n Ecol\u00f3gica aprobara el 18 de marzo de 2022 renovar la autorizaci\u00f3n de explotaci\u00f3n de la central nuclear de Cofrentes, hasta el 30 de noviembre de 2030, todo despu\u00e9s de 8 accidentes durante el 2021 y varias paradas no programadas el 2022.&nbsp;<\/p>\n\n\n\n<p>\u00abLas instalaciones de la central est\u00e1n obsoletas y deterioradas, esto aumenta el riesgo de sufrir accidentes\u00bb, ha explicado la senadora republicana, Elisenda P\u00e9rez. Adem\u00e1s, la vida \u00fatil de una central nuclear, normalmente, oscila entre los 25 y 30 a\u00f1os, y Cofrentes ha superado los 35 a\u00f1os, \u00abpor lo tanto, supera con cruces la media de una central de estas caracter\u00edsticas\u00bb.&nbsp;<\/p>\n\n\n\n<p>En la moci\u00f3n, Esquerra Republicana y Comprom\u00eds han incluido 14 demandas, entre las cuales se encuentran impulsar la creaci\u00f3n de una comisi\u00f3n de investigaci\u00f3n que se encargue de elaborar un informe detallado del \u00faltimo accidente producido el pasado domingo 24 de abril. Adem\u00e1s, de realizar las inversiones correspondientes para convertir la central nuclear en un centro de Investigaci\u00f3n para el Cambio Clim\u00e1tico e industrias relacionadas con la energ\u00eda sostenible.&nbsp;<\/p>\n\n\n\n<p>Tambi\u00e9n exigen elaborar, en coordinaci\u00f3n con la Generalitat Valenciana, un Plan de Acci\u00f3n contra la despoblaci\u00f3n y por la reactivaci\u00f3n econ\u00f3mica para el \u00e1rea de influencia de la CNC, con la intenci\u00f3n de evitar los posibles efectos negativos de su cierre, as\u00ed como, incluir l\u00edneas presupuestarias espec\u00edficas y estudiar la aplicaci\u00f3n de fondos europeos y programas de financiaci\u00f3n del Banco Europeo de Inversi\u00f3n para el fomento del emprendimiento como alternativa a la transici\u00f3n energ\u00e9tica de la comarca del Valle de Ayora.\u00a0<\/p>\n\n\n\n<p>Los republicanos han decidido presentar esta moci\u00f3n ante la ausencia de la ministra de Transici\u00f3n Ecol\u00f3gica a las \u00faltimas sesiones de control de la c\u00e1mara alta, donde la senadora republicana Elisenda P\u00e9rez ten\u00eda previsto pregunta por esta misma cuesti\u00f3n, \u00abes intolerable que haga semanas que la titular de Transici\u00f3n Ecol\u00f3gica no aparezca por el Senado. El estado de la Central de Cofrentes es muy preocupante y pose en peligro un di\u00e1metro de m\u00e1s de 60 km\u00bb, ha lamentado P\u00e9rez.<\/p>\n\n\n\n<p> <\/p>\n","protected":false},"excerpt":{"rendered":"<div class=\"mh-excerpt\">La iniciativa presentada pide una comisi\u00f3n de investigaci\u00f3n para elaborar un informe del accidente del 24 de abril de 2022, el m\u00e1s grave registrado.&nbsp; El grupo de Esquerra Republicana\u2013EH Bildu, junto con Comprom\u00eds, han registrado <a class=\"mh-excerpt-more\" href=\"https:\/\/www.tucomarca.com\/wordpress\/segunda\/esquerra-republicana-y-compromis-piden-el-cierre-y-desmantelamiento-de-la-central-nuclear-de-cofrentes\/\" title=\"Esquerra Republicana y Comprom\u00eds piden el cierre y desmantelamiento de la central nuclear de Cofrentes\">[+] <\/a><\/div>\n","protected":false},"author":1,"featured_media":155676,"comment_status":"open","ping_status":"open","sticky":false,"template":"","format":"standard","meta":{"footnotes":""},"categories":[38,41,128,8,72,117,142,3,116,45],"tags":[10540,6786,10393,473],"class_list":{"0":"post-155675","1":"post","2":"type-post","3":"status-publish","4":"format-standard","5":"has-post-thumbnail","7":"category-ayora-cofrentes","8":"category-cofrentes","9":"category-infraestructuras","10":"category-la-comarca","11":"category-sin-categorizar","12":"category-medio-ambiente-la-comarca","13":"category-politica-la-comarca","14":"category-seccion","15":"category-sucesos-la-comarca","16":"category-ventana","17":"tag-ayora-cofrentes","18":"tag-central-nuclear","19":"tag-cofrentes","20":"tag-compromis"},"_links":{"self":[{"href":"https:\/\/www.tucomarca.com\/wordpress\/segunda\/wp-json\/wp\/v2\/posts\/155675","targetHints":{"allow":["GET"]}}],"collection":[{"href":"https:\/\/www.tucomarca.com\/wordpress\/segunda\/wp-json\/wp\/v2\/posts"}],"about":[{"href":"https:\/\/www.tucomarca.com\/wordpress\/segunda\/wp-json\/wp\/v2\/types\/post"}],"author":[{"embeddable":true,"href":"https:\/\/www.tucomarca.com\/wordpress\/segunda\/wp-json\/wp\/v2\/users\/1"}],"replies":[{"embeddable":true,"href":"https:\/\/www.tucomarca.com\/wordpress\/segunda\/wp-json\/wp\/v2\/comments?post=155675"}],"version-history":[{"count":0,"href":"https:\/\/www.tucomarca.com\/wordpress\/segunda\/wp-json\/wp\/v2\/posts\/155675\/revisions"}],"wp:featuredmedia":[{"embeddable":true,"href":"https:\/\/www.tucomarca.com\/wordpress\/segunda\/wp-json\/wp\/v2\/media\/155676"}],"wp:attachment":[{"href":"https:\/\/www.tucomarca.com\/wordpress\/segunda\/wp-json\/wp\/v2\/media?parent=155675"}],"wp:term":[{"taxonomy":"category","embeddable":true,"href":"https:\/\/www.tucomarca.com\/wordpress\/segunda\/wp-json\/wp\/v2\/categories?post=155675"},{"taxonomy":"post_tag","embeddable":true,"href":"https:\/\/www.tucomarca.com\/wordpress\/segunda\/wp-json\/wp\/v2\/tags?post=155675"}],"curies":[{"name":"wp","href":"https:\/\/api.w.org\/{rel}","templated":true}]}}