{"id":1557,"date":"2012-05-14T10:55:52","date_gmt":"2012-05-14T10:55:52","guid":{"rendered":"http:\/\/www.tucomarca.com\/wordpress\/segunda\/?p=1557"},"modified":"2012-05-14T12:56:01","modified_gmt":"2012-05-14T12:56:01","slug":"bunol-rotula-la-avenida-del-planell-con-el-nombre-de-guzman-carcel-coincidiendo-con-la-feria-del-comercio","status":"publish","type":"post","link":"https:\/\/www.tucomarca.com\/wordpress\/segunda\/bunol-rotula-la-avenida-del-planell-con-el-nombre-de-guzman-carcel-coincidiendo-con-la-feria-del-comercio\/","title":{"rendered":"Bu\u00f1ol rotula la Avenida del Planell con el nombre de Guzm\u00e1n C\u00e1rcel coincidiendo con la feria del comercio"},"content":{"rendered":"<figure id=\"attachment_1558\" aria-describedby=\"caption-attachment-1558\" style=\"width: 300px\" class=\"wp-caption alignleft\"><a href=\"https:\/\/www.tucomarca.com\/wordpress\/segunda\/wp-content\/uploads\/2012\/05\/DSCF1129.jpg\"><img loading=\"lazy\" decoding=\"async\" class=\"size-medium wp-image-1558\" title=\"DSCF1129\" src=\"https:\/\/www.tucomarca.com\/wordpress\/segunda\/wp-content\/uploads\/2012\/05\/DSCF1129-300x225.jpg\" alt=\"El alcalde junto a la hija del homenajeado y los presidentes de ambas bandas. foto david avil\u00e9s\" width=\"300\" height=\"225\" srcset=\"https:\/\/www.tucomarca.com\/wordpress\/segunda\/wp-content\/uploads\/2012\/05\/DSCF1129-300x225.jpg 300w, https:\/\/www.tucomarca.com\/wordpress\/segunda\/wp-content\/uploads\/2012\/05\/DSCF1129-1024x768.jpg 1024w\" sizes=\"auto, (max-width: 300px) 100vw, 300px\" \/><\/a><figcaption id=\"caption-attachment-1558\" class=\"wp-caption-text\">El alcalde junto a la hija del homenajeado y los presidentes de ambas bandas. foto david avil\u00e9s<\/figcaption><\/figure>\n<p>El Ayuntamiento de Bu\u00f1ol ha procedido a la inauguraci\u00f3n oficial de la rotulaci\u00f3n de la hasta la fecha conocida como Avenida del Planell y que a partir de ahora llevar\u00e1 el nombre del ilustre m\u00fasico y compositor bu\u00f1olense Guzm\u00e1n C\u00e1rcel Pedro, autor, entre otras importantes composiciones, del <em>Himno a Bu\u00f1ol<\/em>.<\/p>\n<p>La inauguraci\u00f3n oficial se ha desarrollado con la presencia de familiares, autoridades locales y miembros de las dos sociedades musicales de Bu\u00f1ol en el arranque de la s\u00e9ptima edici\u00f3n de la feria del comercio de Bu\u00f1ol, que se ha desarrollado este pasado fin de semana en la localidad. De ambos eventos tendr\u00e1n una informaci\u00f3n m\u00e1s ampliada en la edici\u00f3n impresa de esta semana de <strong>tucomarca.com<\/strong> (n\u00ba 449), a partir del jueves en todos los kioscos de la comarca.<\/p>\n","protected":false},"excerpt":{"rendered":"<div class=\"mh-excerpt\">El Ayuntamiento de Bu\u00f1ol ha procedido a la inauguraci\u00f3n oficial de la rotulaci\u00f3n de la hasta la fecha conocida como Avenida del Planell y que a partir de ahora llevar\u00e1 el nombre del ilustre m\u00fasico <a class=\"mh-excerpt-more\" href=\"https:\/\/www.tucomarca.com\/wordpress\/segunda\/bunol-rotula-la-avenida-del-planell-con-el-nombre-de-guzman-carcel-coincidiendo-con-la-feria-del-comercio\/\" title=\"Bu\u00f1ol rotula la Avenida del Planell con el nombre de Guzm\u00e1n C\u00e1rcel coincidiendo con la feria del comercio\">[+] <\/a><\/div>\n","protected":false},"author":1,"featured_media":1558,"comment_status":"open","ping_status":"open","sticky":false,"template":"","format":"standard","meta":{"footnotes":""},"categories":[18,66,10,7,3,45],"tags":[],"class_list":{"0":"post-1557","1":"post","2":"type-post","3":"status-publish","4":"format-standard","5":"has-post-thumbnail","7":"category-bunol","8":"category-musica","9":"category-la-hoya","10":"category-ocio-y-cultura","11":"category-seccion","12":"category-ventana"},"_links":{"self":[{"href":"https:\/\/www.tucomarca.com\/wordpress\/segunda\/wp-json\/wp\/v2\/posts\/1557","targetHints":{"allow":["GET"]}}],"collection":[{"href":"https:\/\/www.tucomarca.com\/wordpress\/segunda\/wp-json\/wp\/v2\/posts"}],"about":[{"href":"https:\/\/www.tucomarca.com\/wordpress\/segunda\/wp-json\/wp\/v2\/types\/post"}],"author":[{"embeddable":true,"href":"https:\/\/www.tucomarca.com\/wordpress\/segunda\/wp-json\/wp\/v2\/users\/1"}],"replies":[{"embeddable":true,"href":"https:\/\/www.tucomarca.com\/wordpress\/segunda\/wp-json\/wp\/v2\/comments?post=1557"}],"version-history":[{"count":0,"href":"https:\/\/www.tucomarca.com\/wordpress\/segunda\/wp-json\/wp\/v2\/posts\/1557\/revisions"}],"wp:featuredmedia":[{"embeddable":true,"href":"https:\/\/www.tucomarca.com\/wordpress\/segunda\/wp-json\/wp\/v2\/media\/1558"}],"wp:attachment":[{"href":"https:\/\/www.tucomarca.com\/wordpress\/segunda\/wp-json\/wp\/v2\/media?parent=1557"}],"wp:term":[{"taxonomy":"category","embeddable":true,"href":"https:\/\/www.tucomarca.com\/wordpress\/segunda\/wp-json\/wp\/v2\/categories?post=1557"},{"taxonomy":"post_tag","embeddable":true,"href":"https:\/\/www.tucomarca.com\/wordpress\/segunda\/wp-json\/wp\/v2\/tags?post=1557"}],"curies":[{"name":"wp","href":"https:\/\/api.w.org\/{rel}","templated":true}]}}