{"id":155885,"date":"2022-04-30T12:35:00","date_gmt":"2022-04-30T10:35:00","guid":{"rendered":"http:\/\/www.tucomarca.com\/wordpress\/segunda\/?p=155885"},"modified":"2022-05-01T12:55:37","modified_gmt":"2022-05-01T10:55:37","slug":"benaguasil-presenta-a-la-generalitat-valenciana-el-proyecto-para-rehabilitar-la-antiga-estacio-de-dalt","status":"publish","type":"post","link":"https:\/\/www.tucomarca.com\/wordpress\/segunda\/benaguasil-presenta-a-la-generalitat-valenciana-el-proyecto-para-rehabilitar-la-antiga-estacio-de-dalt\/","title":{"rendered":"Benaguasil presenta a la Generalitat Valenciana el proyecto para rehabilitar la Antiga Estaci\u00f3 de Dalt"},"content":{"rendered":"\n<h4 class=\"wp-block-heading\"><strong>Para asumir la actuaci\u00f3n el proyecto ha sido presentado a la convocatoria de ayudas del Plan \u2018Conviure\u2019 del Consell y est\u00e1 valorado en m\u00e1s de medio mill\u00f3n de euros.<\/strong><\/h4>\n\n\n\n<h4 class=\"wp-block-heading\"><strong>El proyecto contempla la creaci\u00f3n de una zona infantil y un centro cultural abierto a la ciudadan\u00eda.<\/strong><\/h4>\n\n\n\n<figure class=\"wp-block-image size-large\"><img loading=\"lazy\" decoding=\"async\" width=\"1024\" height=\"629\" src=\"https:\/\/www.tucomarca.com\/wordpress\/segunda\/wp-content\/uploads\/2022\/04\/BanaguasilPROYECTO-1024x629.jpg\" alt=\"\" class=\"wp-image-155889\" srcset=\"https:\/\/www.tucomarca.com\/wordpress\/segunda\/wp-content\/uploads\/2022\/04\/BanaguasilPROYECTO-1024x629.jpg 1024w, https:\/\/www.tucomarca.com\/wordpress\/segunda\/wp-content\/uploads\/2022\/04\/BanaguasilPROYECTO-300x184.jpg 300w, https:\/\/www.tucomarca.com\/wordpress\/segunda\/wp-content\/uploads\/2022\/04\/BanaguasilPROYECTO-768x471.jpg 768w, https:\/\/www.tucomarca.com\/wordpress\/segunda\/wp-content\/uploads\/2022\/04\/BanaguasilPROYECTO.jpg 1181w\" sizes=\"auto, (max-width: 1024px) 100vw, 1024px\" \/><\/figure>\n\n\n\n<p>El Ayuntamiento de Benaguasil ha solicitado una subvenci\u00f3n de 599.828,70\u20ac a la Vicepresidencia Segunda y Conselleria de Vivienda y Arquitectura. Esta ser\u00e1 para abordar la ejecuci\u00f3n de las obras de adecuaci\u00f3n, regeneraci\u00f3n y rehabilitaci\u00f3n urbana de las antiguas instalaciones ferroviarias de RENFE, mediante el Plan \u2018Conviure\u2019.<\/p>\n\n\n\n<p>Dicha infraestructura se encuentra desafectada de todo uso ferroviario habiendo sida adquirida por el ayuntamiento en 2018, concret\u00e1ndose en una zona verde de unos 7.500 m2 abierta al uso p\u00fablico y del edificio de la antigua estaci\u00f3n.<\/p>\n\n\n\n<p>La memoria que se vuelve a presentar, persigue transformar esta zona en un espacio urbano de encuentro din\u00e1mico, que permita la convivencia intergeneracional y fomente la relaci\u00f3n social, a la vez que contribuya en la transici\u00f3n ecol\u00f3gica y lucha contra el cambio clim\u00e1tico.<\/p>\n\n\n\n<p>Por un lado se busca la rehabilitaci\u00f3n arquitect\u00f3nica y energ\u00e9tica del antiguo edificio de la estaci\u00f3n ferroviaria, para poder destinarlo a un uso p\u00fablico polivalente de car\u00e1cter socio-cultural, y por otro se propone la creaci\u00f3n en la zona verde de una nueva \u00e1rea infantil y estancial dotada con bancos y elementos de sombra, creando un espacio de uso generalizado y flexible, que permita la celebraci\u00f3n de eventos l\u00fadicos o culturales en el exterior.<\/p>\n\n\n\n<p>Se trata del segundo a\u00f1o que el Ayuntamiento se presenta a la convocatoria de esta ayuda para la rehabilitaci\u00f3n de edificios y la adecuaci\u00f3n del entorno construido, al serle denegada el pasado a\u00f1o.<\/p>\n","protected":false},"excerpt":{"rendered":"<div class=\"mh-excerpt\">Para asumir la actuaci\u00f3n el proyecto ha sido presentado a la convocatoria de ayudas del Plan \u2018Conviure\u2019 del Consell y est\u00e1 valorado en m\u00e1s de medio mill\u00f3n de euros. El proyecto contempla la creaci\u00f3n de <a class=\"mh-excerpt-more\" href=\"https:\/\/www.tucomarca.com\/wordpress\/segunda\/benaguasil-presenta-a-la-generalitat-valenciana-el-proyecto-para-rehabilitar-la-antiga-estacio-de-dalt\/\" title=\"Benaguasil presenta a la Generalitat Valenciana el proyecto para rehabilitar la Antiga Estaci\u00f3 de Dalt\">[+] <\/a><\/div>\n","protected":false},"author":12,"featured_media":155887,"comment_status":"open","ping_status":"open","sticky":false,"template":"","format":"standard","meta":{"footnotes":""},"categories":[172,46,128,8,142,3,45],"tags":[16990,10429,10395,741],"class_list":{"0":"post-155885","1":"post","2":"type-post","3":"status-publish","4":"format-standard","5":"has-post-thumbnail","7":"category-benaguasil","8":"category-camp-de-turia","9":"category-infraestructuras","10":"category-la-comarca","11":"category-politica-la-comarca","12":"category-seccion","13":"category-ventana","14":"tag-antiga-estacio-de-dalt","15":"tag-benaguasil","16":"tag-camp-de-turia","17":"tag-rehabilitacion"},"_links":{"self":[{"href":"https:\/\/www.tucomarca.com\/wordpress\/segunda\/wp-json\/wp\/v2\/posts\/155885","targetHints":{"allow":["GET"]}}],"collection":[{"href":"https:\/\/www.tucomarca.com\/wordpress\/segunda\/wp-json\/wp\/v2\/posts"}],"about":[{"href":"https:\/\/www.tucomarca.com\/wordpress\/segunda\/wp-json\/wp\/v2\/types\/post"}],"author":[{"embeddable":true,"href":"https:\/\/www.tucomarca.com\/wordpress\/segunda\/wp-json\/wp\/v2\/users\/12"}],"replies":[{"embeddable":true,"href":"https:\/\/www.tucomarca.com\/wordpress\/segunda\/wp-json\/wp\/v2\/comments?post=155885"}],"version-history":[{"count":0,"href":"https:\/\/www.tucomarca.com\/wordpress\/segunda\/wp-json\/wp\/v2\/posts\/155885\/revisions"}],"wp:featuredmedia":[{"embeddable":true,"href":"https:\/\/www.tucomarca.com\/wordpress\/segunda\/wp-json\/wp\/v2\/media\/155887"}],"wp:attachment":[{"href":"https:\/\/www.tucomarca.com\/wordpress\/segunda\/wp-json\/wp\/v2\/media?parent=155885"}],"wp:term":[{"taxonomy":"category","embeddable":true,"href":"https:\/\/www.tucomarca.com\/wordpress\/segunda\/wp-json\/wp\/v2\/categories?post=155885"},{"taxonomy":"post_tag","embeddable":true,"href":"https:\/\/www.tucomarca.com\/wordpress\/segunda\/wp-json\/wp\/v2\/tags?post=155885"}],"curies":[{"name":"wp","href":"https:\/\/api.w.org\/{rel}","templated":true}]}}