{"id":1562,"date":"2012-05-14T15:05:39","date_gmt":"2012-05-14T15:05:39","guid":{"rendered":"http:\/\/www.tucomarca.com\/wordpress\/segunda\/?p=1562"},"modified":"2012-05-15T08:58:16","modified_gmt":"2012-05-15T07:58:16","slug":"el-departamento-de-salud-de-requena-presenta-la-implantacion-de-la-receta-electronica","status":"publish","type":"post","link":"https:\/\/www.tucomarca.com\/wordpress\/segunda\/el-departamento-de-salud-de-requena-presenta-la-implantacion-de-la-receta-electronica\/","title":{"rendered":"El Departamento de Salud de Requena presenta la implantaci\u00f3n de la receta electr\u00f3nica"},"content":{"rendered":"<p>El Departamento de Salud de Requena ha presentado esta semana la implantaci\u00f3n de la receta electr\u00f3nica, en un acto presidido por el director general de Farmacia y Productos Sanitarios, Jose Cl\u00e9rigues, quien ha anunciado que el pr\u00f3ximo cinco de junio comenzar\u00e1 la implantaci\u00f3n.<\/p>\n<p>\u00abLa utilizaci\u00f3n de la receta electr\u00f3nica supone la culminaci\u00f3n de un proceso que empieza en la prescripci\u00f3n del medicamento en el centro sanitario, tambi\u00e9n de forma electr\u00f3nica, y acaba en la dispensaci\u00f3n en la oficina de farmacia a trav\u00e9s de la tarjeta SIP\u00bb, han informado fuentes del gobierno valenciano.<\/p>\n<p>\u201cLa dispensaci\u00f3n electr\u00f3nica permite a un paciente acudir a una oficina de farmacia de la Comunitat y, cediendo su tarjeta SIP, el sistema inform\u00e1tico de la oficina de farmacia recupera los registros electr\u00f3nicos en los que consta la medicaci\u00f3n pendiente de dispensar al paciente. De esta forma se elimina la tradicional receta en papel\u201d, han a\u00f1adido.<\/p>\n<p>Entre las principales ventajas que tiene este avance para el ciudadan, se encuentra la \u201creplanificaci\u00f3n\u201d de tratamientos desde la oficina de farmacia sin necesidad de pasar por el Centro de Salud; la posibilidad de coger cita con el m\u00e9dico desde la misma oficina, y una mayor seguridad en el acceso a los datos y medicamentos del paciente.<\/p>\n<p>Por otra parte, el farmac\u00e9utico reducir\u00e1 a cero las posibilidades de error en la dispensaci\u00f3n y la Administraci\u00f3n conseguir\u00e1 una mejor informaci\u00f3n sobre el consumo y gasto farmac\u00e9utico.<\/p>\n<p>De esta forma, cuando un paciente solicite en una oficina de farmacia la dispensaci\u00f3n de la medicaci\u00f3n prescrita en receta electr\u00f3nica, mediante la tarjeta SIP se extraer\u00e1n sus datos personales y se capturar\u00e1n las prescripciones pendientes de dispensaci\u00f3n que el paciente desee adquirir.<\/p>\n<p>Esta \u201ccaptura\u201d la realizar\u00e1 el programa de dispensaci\u00f3n de la oficina de farmacia a trav\u00e9s del Sistema \u00fanico de Informaci\u00f3n Central de Atenci\u00f3n Farmac\u00e9utica (SICOF), dependiente de los Colegios Farmac\u00e9uticos. Este sistema se conectar\u00e1 \u201con-line\u201d de forma instant\u00e1nea con el sistema de informaci\u00f3n de prescripciones GAIA de la Conselleria de Sanitat.<\/p>\n<p>Realizada la dispensaci\u00f3n, se emitir\u00e1 una factura-recibo personalizada al paciente, a cuya copia se adherir\u00e1n los cupones-precinto de los envases dispensados, quedando la informaci\u00f3n relativa a la facturaci\u00f3n registrada en el SICOF y comunicada en \u201ctiempo real\u201d dicha informaci\u00f3n al sistema de prescripciones GAIA, bloqueando de as\u00ed esta receta para otras dispensaciones.<\/p>\n","protected":false},"excerpt":{"rendered":"<div class=\"mh-excerpt\">El Departamento de Salud de Requena ha presentado esta semana la implantaci\u00f3n de la receta electr\u00f3nica, en un acto presidido por el director general de Farmacia y Productos Sanitarios, Jose Cl\u00e9rigues, quien ha anunciado que <a class=\"mh-excerpt-more\" href=\"https:\/\/www.tucomarca.com\/wordpress\/segunda\/el-departamento-de-salud-de-requena-presenta-la-implantacion-de-la-receta-electronica\/\" title=\"El Departamento de Salud de Requena presenta la implantaci\u00f3n de la receta electr\u00f3nica\">[+] <\/a><\/div>\n","protected":false},"author":1,"featured_media":0,"comment_status":"open","ping_status":"open","sticky":false,"template":"","format":"standard","meta":{"footnotes":""},"categories":[112,119,37,138,139,8,111,28,27,140,3,29,120],"tags":[],"class_list":{"0":"post-1562","1":"post","2":"type-post","3":"status-publish","4":"format-standard","6":"category-campo-arcis","7":"category-sanidad-la-comarca","8":"category-caudete","9":"category-chera","10":"category-fuenterrobles","11":"category-la-comarca","12":"category-las-cuevas","13":"category-requena","14":"category-requena-utiel","15":"category-san-antonio","16":"category-seccion","17":"category-utiel","18":"category-villargordo-del-cabriel"},"_links":{"self":[{"href":"https:\/\/www.tucomarca.com\/wordpress\/segunda\/wp-json\/wp\/v2\/posts\/1562","targetHints":{"allow":["GET"]}}],"collection":[{"href":"https:\/\/www.tucomarca.com\/wordpress\/segunda\/wp-json\/wp\/v2\/posts"}],"about":[{"href":"https:\/\/www.tucomarca.com\/wordpress\/segunda\/wp-json\/wp\/v2\/types\/post"}],"author":[{"embeddable":true,"href":"https:\/\/www.tucomarca.com\/wordpress\/segunda\/wp-json\/wp\/v2\/users\/1"}],"replies":[{"embeddable":true,"href":"https:\/\/www.tucomarca.com\/wordpress\/segunda\/wp-json\/wp\/v2\/comments?post=1562"}],"version-history":[{"count":0,"href":"https:\/\/www.tucomarca.com\/wordpress\/segunda\/wp-json\/wp\/v2\/posts\/1562\/revisions"}],"wp:attachment":[{"href":"https:\/\/www.tucomarca.com\/wordpress\/segunda\/wp-json\/wp\/v2\/media?parent=1562"}],"wp:term":[{"taxonomy":"category","embeddable":true,"href":"https:\/\/www.tucomarca.com\/wordpress\/segunda\/wp-json\/wp\/v2\/categories?post=1562"},{"taxonomy":"post_tag","embeddable":true,"href":"https:\/\/www.tucomarca.com\/wordpress\/segunda\/wp-json\/wp\/v2\/tags?post=1562"}],"curies":[{"name":"wp","href":"https:\/\/api.w.org\/{rel}","templated":true}]}}