{"id":156224,"date":"2022-05-03T11:00:00","date_gmt":"2022-05-03T09:00:00","guid":{"rendered":"http:\/\/www.tucomarca.com\/wordpress\/segunda\/?p=156224"},"modified":"2022-05-04T10:07:16","modified_gmt":"2022-05-04T08:07:16","slug":"benaguasil-estara-un-ano-mas-dentro-del-circuito-de-carreras-de-la-diputacion","status":"publish","type":"post","link":"https:\/\/www.tucomarca.com\/wordpress\/segunda\/benaguasil-estara-un-ano-mas-dentro-del-circuito-de-carreras-de-la-diputacion\/","title":{"rendered":"Benaguasil estar\u00e1 un a\u00f1o m\u00e1s dentro del Circuito de Carreras de la Diputaci\u00f3n"},"content":{"rendered":"\n<h4 class=\"wp-block-heading\">La edici\u00f3n XV de la Pujada a la Montieleta se celebrar\u00e1 el 17 de septiembre<\/h4>\n\n\n\n<p>Benaguasil volver\u00e1 a estar presente en el Circuito de Carreras Populares de la Diputaci\u00f3n de Valencia con la celebraci\u00f3n de la Pujada a la Montieleta.&nbsp;<\/p>\n\n\n\n<p>En la presentaci\u00f3n del circuito de carreras ha estado presente el alcalde de Benaguasil, Ximo Segarra, el concejal de Deportes Rub\u00e9n Araque y el presidente del club ACPL Miguel Ferrando.<\/p>\n\n\n\n<p>La fecha elegida para la celebraci\u00f3n de este evento, muy conocido por las personas aficionadas al running, ser\u00e1 el 17 de septiembre.<\/p>\n\n\n\n<p>El alcalde se ha mostrado contento porque Benaguasil un a\u00f1o m\u00e1s formar\u00e1 parte del circuito de la Diputaci\u00f3n, considerado uno de los Circuitosm\u00e1s importantes de toda la Comunidad, y ha destacado el esfuerzo y trabajo del ACPL en la organizaci\u00f3n de este acontecimiento deportivo que se celebra en Benaguasil y que tiene una importante repercusi\u00f3n positiva en la vida del municipio y sus habitantes, que se vuelcan por completo en la prueba.<\/p>\n\n\n\n<p>La carrera Pujada a la Montieleta contar\u00e1 con un recorrido de 10 kil\u00f3metros y compartir\u00e1 cartel con otras importantes pruebas deportivas de la provincia de Valencia como Massamagrell, Gandia, Sedav\u00ed, L\u2019Eliana, Torrent, L\u2019Alcudia, Cullera, Godella, X\u00e0tiva, Utiel y Siete Aguas.&nbsp;<\/p>\n","protected":false},"excerpt":{"rendered":"<div class=\"mh-excerpt\">La edici\u00f3n XV de la Pujada a la Montieleta se celebrar\u00e1 el 17 de septiembre Benaguasil volver\u00e1 a estar presente en el Circuito de Carreras Populares de la Diputaci\u00f3n de Valencia con la celebraci\u00f3n de <a class=\"mh-excerpt-more\" href=\"https:\/\/www.tucomarca.com\/wordpress\/segunda\/benaguasil-estara-un-ano-mas-dentro-del-circuito-de-carreras-de-la-diputacion\/\" title=\"Benaguasil estar\u00e1 un a\u00f1o m\u00e1s dentro del Circuito de Carreras de la Diputaci\u00f3n\">[+] <\/a><\/div>\n","protected":false},"author":12,"featured_media":156231,"comment_status":"open","ping_status":"open","sticky":false,"template":"","format":"standard","meta":{"footnotes":""},"categories":[98,172,46,6,8,3],"tags":[10429,10395,12109,3677],"class_list":{"0":"post-156224","1":"post","2":"type-post","3":"status-publish","4":"format-standard","5":"has-post-thumbnail","7":"category-atletismo","8":"category-benaguasil","9":"category-camp-de-turia","10":"category-deportes","11":"category-la-comarca","12":"category-seccion","13":"tag-benaguasil","14":"tag-camp-de-turia","15":"tag-circuito-de-carreras-populares","16":"tag-diputacio-de-valencia"},"_links":{"self":[{"href":"https:\/\/www.tucomarca.com\/wordpress\/segunda\/wp-json\/wp\/v2\/posts\/156224","targetHints":{"allow":["GET"]}}],"collection":[{"href":"https:\/\/www.tucomarca.com\/wordpress\/segunda\/wp-json\/wp\/v2\/posts"}],"about":[{"href":"https:\/\/www.tucomarca.com\/wordpress\/segunda\/wp-json\/wp\/v2\/types\/post"}],"author":[{"embeddable":true,"href":"https:\/\/www.tucomarca.com\/wordpress\/segunda\/wp-json\/wp\/v2\/users\/12"}],"replies":[{"embeddable":true,"href":"https:\/\/www.tucomarca.com\/wordpress\/segunda\/wp-json\/wp\/v2\/comments?post=156224"}],"version-history":[{"count":0,"href":"https:\/\/www.tucomarca.com\/wordpress\/segunda\/wp-json\/wp\/v2\/posts\/156224\/revisions"}],"wp:featuredmedia":[{"embeddable":true,"href":"https:\/\/www.tucomarca.com\/wordpress\/segunda\/wp-json\/wp\/v2\/media\/156231"}],"wp:attachment":[{"href":"https:\/\/www.tucomarca.com\/wordpress\/segunda\/wp-json\/wp\/v2\/media?parent=156224"}],"wp:term":[{"taxonomy":"category","embeddable":true,"href":"https:\/\/www.tucomarca.com\/wordpress\/segunda\/wp-json\/wp\/v2\/categories?post=156224"},{"taxonomy":"post_tag","embeddable":true,"href":"https:\/\/www.tucomarca.com\/wordpress\/segunda\/wp-json\/wp\/v2\/tags?post=156224"}],"curies":[{"name":"wp","href":"https:\/\/api.w.org\/{rel}","templated":true}]}}