{"id":156357,"date":"2022-05-05T08:30:00","date_gmt":"2022-05-05T06:30:00","guid":{"rendered":"http:\/\/www.tucomarca.com\/wordpress\/segunda\/?p=156357"},"modified":"2022-05-05T21:50:27","modified_gmt":"2022-05-05T19:50:27","slug":"el-hospital-de-alzira-acorta-en-6-dias-la-demora-quirurgica-media-en-el-mes-de-marzo","status":"publish","type":"post","link":"https:\/\/www.tucomarca.com\/wordpress\/segunda\/el-hospital-de-alzira-acorta-en-6-dias-la-demora-quirurgica-media-en-el-mes-de-marzo\/","title":{"rendered":"El Hospital de Alzira acorta en 6 d\u00edas la demora quir\u00fargica media en el mes de marzo"},"content":{"rendered":"\n<h4 class=\"wp-block-heading\">La demora para someterse a una intervenci\u00f3n se sit\u00faa en marzo en 58 d\u00edas, frente a los 64 d\u00edas de febrero y los 123 d\u00edas de hace un a\u00f1o<\/h4>\n\n\n\n<h4 class=\"wp-block-heading\">La demora media de este mes de marzo son 4 d\u00edas menos que la de marzo de 2018, justo antes de la reversi\u00f3n a la gesti\u00f3n p\u00fablica directa<\/h4>\n\n\n\n<p>El Hospital Universitario de la Ribera ha acortado en 6 d\u00edas su demora quir\u00fargica media en el \u00faltimo mes (marzo respecto a febrero) y en 65 d\u00edas la demora de marzo de 2021, muy influida por la reducci\u00f3n de las intervenciones quir\u00fargicas motivada por la pandemia de coronavirus.&nbsp;<\/p>\n\n\n\n<p>As\u00ed, la demora media para ser intervenido en el Hospital de Alzira se sit\u00faa, en marzo, en 58 d\u00edas, frente a los 64 d\u00edas de febrero y los 123 d\u00edas de hace un a\u00f1o. Adem\u00e1s, actualmente la demora quir\u00fargica media es 4 d\u00edas inferior a la de marzo de 2018, justo antes de la reversi\u00f3n del Hospital de la Ribera a la gesti\u00f3n p\u00fablica directa.<\/p>\n\n\n\n<p>Esta evoluci\u00f3n positiva se debe a la mejora de la situaci\u00f3n epidemiol\u00f3gica y al \u201cenorme esfuerzo que estamos realizando por retomar nuestra actividad quir\u00fargica e intervenir a los pacientes que hubieron de retrasarse por la pandemia\u201d, ha se\u00f1alado el coordinador del \u00c1rea Quir\u00fargica del Hospital Universitario de la Ribera, Dr. Jos\u00e9 Emilio Llopis, quien ha a\u00f1adido que \u201cen el primer trimestre de 2022, el Hospital de Alzira ha realizado 4.607 intervenciones quir\u00fargicas, un 80% m\u00e1s que en el primer trimestre de 2021\u201d.<\/p>\n\n\n\n<p>\u201cEl haber logrado reducir la demora generada por la pandemia e incluso mejorar el tiempo de espera con respecto a los a\u00f1os prepand\u00e9micos es un esfuerzo sobrea\u00f1adido de nuestros profesionales que no podemos dejar de reconocer\u201d, ha se\u00f1alado el Dr. Llopis.<\/p>\n\n\n\n<p>Cabe destacar, asimismo, que algunas especialidades quir\u00fargicas del Hospital Universitario de la Ribera tienen demoras quir\u00fargicas incluso inferiores a los 58 d\u00edas de media. Es el caso de los 18 d\u00edas de Cirug\u00eda Cardiaca, los 29 de Cirug\u00eda Tor\u00e1cica o los 45 de Ginecolog\u00eda-Obstetricia y de Oftalmolog\u00eda.&nbsp;<\/p>\n\n\n\n<p>Esta mejora de las demoras quir\u00fargicas se traduce en que patolog\u00edas muy prevalentes en la Comunidad Valenciana y en las que, generalmente, los pacientes suelen esperar bastante para ser intervenidos, en el Hospital de la Ribera tengan demoras medias cortas, como 43 d\u00edas para operaciones de cataratas; 47 d\u00edas para intervenciones de varices; 50 d\u00edas para operaciones de hernia inguinal y t\u00fanel carpiano, o de 52 d\u00edas para la extirpaci\u00f3n de las am\u00edgdalas.<\/p>\n","protected":false},"excerpt":{"rendered":"<div class=\"mh-excerpt\">La demora para someterse a una intervenci\u00f3n se sit\u00faa en marzo en 58 d\u00edas, frente a los 64 d\u00edas de febrero y los 123 d\u00edas de hace un a\u00f1o La demora media de este mes <a class=\"mh-excerpt-more\" href=\"https:\/\/www.tucomarca.com\/wordpress\/segunda\/el-hospital-de-alzira-acorta-en-6-dias-la-demora-quirurgica-media-en-el-mes-de-marzo\/\" title=\"El Hospital de Alzira acorta en 6 d\u00edas la demora quir\u00fargica media en el mes de marzo\">[+] <\/a><\/div>\n","protected":false},"author":12,"featured_media":156392,"comment_status":"open","ping_status":"open","sticky":false,"template":"","format":"standard","meta":{"footnotes":""},"categories":[69,119,128,8,72,42,142,3,45],"tags":[10635,17043,12837,8694],"class_list":{"0":"post-156357","1":"post","2":"type-post","3":"status-publish","4":"format-standard","5":"has-post-thumbnail","7":"category-alzira","8":"category-sanidad-la-comarca","9":"category-infraestructuras","10":"category-la-comarca","11":"category-sin-categorizar","12":"category-la-ribera","13":"category-politica-la-comarca","14":"category-seccion","15":"category-ventana","16":"tag-conselleria-de-sanitat","17":"tag-demora-quirurgica","18":"tag-hospital-de-alzira","19":"tag-hospital-de-la-ribera"},"_links":{"self":[{"href":"https:\/\/www.tucomarca.com\/wordpress\/segunda\/wp-json\/wp\/v2\/posts\/156357","targetHints":{"allow":["GET"]}}],"collection":[{"href":"https:\/\/www.tucomarca.com\/wordpress\/segunda\/wp-json\/wp\/v2\/posts"}],"about":[{"href":"https:\/\/www.tucomarca.com\/wordpress\/segunda\/wp-json\/wp\/v2\/types\/post"}],"author":[{"embeddable":true,"href":"https:\/\/www.tucomarca.com\/wordpress\/segunda\/wp-json\/wp\/v2\/users\/12"}],"replies":[{"embeddable":true,"href":"https:\/\/www.tucomarca.com\/wordpress\/segunda\/wp-json\/wp\/v2\/comments?post=156357"}],"version-history":[{"count":0,"href":"https:\/\/www.tucomarca.com\/wordpress\/segunda\/wp-json\/wp\/v2\/posts\/156357\/revisions"}],"wp:featuredmedia":[{"embeddable":true,"href":"https:\/\/www.tucomarca.com\/wordpress\/segunda\/wp-json\/wp\/v2\/media\/156392"}],"wp:attachment":[{"href":"https:\/\/www.tucomarca.com\/wordpress\/segunda\/wp-json\/wp\/v2\/media?parent=156357"}],"wp:term":[{"taxonomy":"category","embeddable":true,"href":"https:\/\/www.tucomarca.com\/wordpress\/segunda\/wp-json\/wp\/v2\/categories?post=156357"},{"taxonomy":"post_tag","embeddable":true,"href":"https:\/\/www.tucomarca.com\/wordpress\/segunda\/wp-json\/wp\/v2\/tags?post=156357"}],"curies":[{"name":"wp","href":"https:\/\/api.w.org\/{rel}","templated":true}]}}