{"id":156495,"date":"2022-05-07T09:00:00","date_gmt":"2022-05-07T07:00:00","guid":{"rendered":"http:\/\/www.tucomarca.com\/wordpress\/segunda\/?p=156495"},"modified":"2022-05-09T11:57:45","modified_gmt":"2022-05-09T09:57:45","slug":"el-prya-denuncia-el-lamentable-estado-del-adoquinado-pintura-badenes-y-bordillos-de-la-calle-albacete-de-requena","status":"publish","type":"post","link":"https:\/\/www.tucomarca.com\/wordpress\/segunda\/el-prya-denuncia-el-lamentable-estado-del-adoquinado-pintura-badenes-y-bordillos-de-la-calle-albacete-de-requena\/","title":{"rendered":"El PRyA denuncia el \u00ablamentable\u00bb estado del adoquinado, pintura, badenes y bordillos de la calle Albacete de Requena"},"content":{"rendered":"\n<p><strong>El PRyA lamenta que la \u00abdejadez del gobierno provoque la degradaci\u00f3n de Requena<\/strong>\u00ab<\/p>\n\n\n\n<p>Desde el PRyA se hacen eco de las \u00abquejas que nos han hecho llegar varios vecinos respecto al lamentable estado de la calle Albacete.\u00a0Toda esta calle, una de las m\u00e1s transitadas de Requena, est\u00e1 llena de baches que dificultan la conducci\u00f3n de veh\u00edculos. Adem\u00e1s, su adoquinado se encuentra salpicado de parches de hormig\u00f3n y alquitr\u00e1n que desfiguran toda esta v\u00eda\u00bb.\u00a0<\/p>\n\n\n\n<p>\u00abAs\u00ed mismo, el mal estado de la calzada tambi\u00e9n supone un riesgo para los peatones en caso de cruzarla, pues tal cantidad de baches pueden provocar ca\u00eddas.&nbsp;Todo este desastre provocado&nbsp; por la mala gesti\u00f3n del gobierno socialista de Mario S\u00e1nchez se completa con la falta de pintura en los pasos para peatones y los bordillos levantados y deteriorados de las aceras\u00bb.&nbsp;<\/p>\n\n\n\n<p>Hace unos d\u00edas desde el PRyA denunciaron \u00abuna serie de tornillos en los badenes capaces de da\u00f1ar las ruedas de los veh\u00edculos o provocar ca\u00eddas a los vecinos, pero el problema va a m\u00e1s en toda esta arteria\u00bb.<\/p>\n\n\n\n<p>El PRyA solicitar\u00e1&nbsp; \u00abla reparaci\u00f3n de la calle Albacete para asegurar la conducci\u00f3n de veh\u00edculos y el paso de peatones. Nos inquieta como la degradaci\u00f3n del municipio aumenta d\u00eda tras d\u00eda con el gobierno socialista de Mario S\u00e1nchez\u00bb.&nbsp;<\/p>\n\n\n\n<figure class=\"wp-block-image size-large\"><img loading=\"lazy\" decoding=\"async\" width=\"1024\" height=\"743\" src=\"https:\/\/www.tucomarca.com\/wordpress\/segunda\/wp-content\/uploads\/2022\/05\/PRyAAlbacete2-1024x743.jpg\" alt=\"\" class=\"wp-image-156503\" srcset=\"https:\/\/www.tucomarca.com\/wordpress\/segunda\/wp-content\/uploads\/2022\/05\/PRyAAlbacete2-1024x743.jpg 1024w, https:\/\/www.tucomarca.com\/wordpress\/segunda\/wp-content\/uploads\/2022\/05\/PRyAAlbacete2-300x218.jpg 300w, https:\/\/www.tucomarca.com\/wordpress\/segunda\/wp-content\/uploads\/2022\/05\/PRyAAlbacete2-768x558.jpg 768w, https:\/\/www.tucomarca.com\/wordpress\/segunda\/wp-content\/uploads\/2022\/05\/PRyAAlbacete2-1536x1115.jpg 1536w, https:\/\/www.tucomarca.com\/wordpress\/segunda\/wp-content\/uploads\/2022\/05\/PRyAAlbacete2-2048x1487.jpg 2048w\" sizes=\"auto, (max-width: 1024px) 100vw, 1024px\" \/><\/figure>\n","protected":false},"excerpt":{"rendered":"<div class=\"mh-excerpt\">El PRyA lamenta que la \u00abdejadez del gobierno provoque la degradaci\u00f3n de Requena\u00ab Desde el PRyA se hacen eco de las \u00abquejas que nos han hecho llegar varios vecinos respecto al lamentable estado de la <a class=\"mh-excerpt-more\" href=\"https:\/\/www.tucomarca.com\/wordpress\/segunda\/el-prya-denuncia-el-lamentable-estado-del-adoquinado-pintura-badenes-y-bordillos-de-la-calle-albacete-de-requena\/\" title=\"El PRyA denuncia el \u00ablamentable\u00bb estado del adoquinado, pintura, badenes y bordillos de la calle Albacete de Requena\">[+] <\/a><\/div>\n","protected":false},"author":1,"featured_media":156500,"comment_status":"open","ping_status":"open","sticky":false,"template":"","format":"standard","meta":{"footnotes":""},"categories":[128,8,142,28,27,3,116],"tags":[7827,10387],"class_list":{"0":"post-156495","1":"post","2":"type-post","3":"status-publish","4":"format-standard","5":"has-post-thumbnail","7":"category-infraestructuras","8":"category-la-comarca","9":"category-politica-la-comarca","10":"category-requena","11":"category-requena-utiel","12":"category-seccion","13":"category-sucesos-la-comarca","14":"tag-prya","15":"tag-requena-utiel"},"_links":{"self":[{"href":"https:\/\/www.tucomarca.com\/wordpress\/segunda\/wp-json\/wp\/v2\/posts\/156495","targetHints":{"allow":["GET"]}}],"collection":[{"href":"https:\/\/www.tucomarca.com\/wordpress\/segunda\/wp-json\/wp\/v2\/posts"}],"about":[{"href":"https:\/\/www.tucomarca.com\/wordpress\/segunda\/wp-json\/wp\/v2\/types\/post"}],"author":[{"embeddable":true,"href":"https:\/\/www.tucomarca.com\/wordpress\/segunda\/wp-json\/wp\/v2\/users\/1"}],"replies":[{"embeddable":true,"href":"https:\/\/www.tucomarca.com\/wordpress\/segunda\/wp-json\/wp\/v2\/comments?post=156495"}],"version-history":[{"count":0,"href":"https:\/\/www.tucomarca.com\/wordpress\/segunda\/wp-json\/wp\/v2\/posts\/156495\/revisions"}],"wp:featuredmedia":[{"embeddable":true,"href":"https:\/\/www.tucomarca.com\/wordpress\/segunda\/wp-json\/wp\/v2\/media\/156500"}],"wp:attachment":[{"href":"https:\/\/www.tucomarca.com\/wordpress\/segunda\/wp-json\/wp\/v2\/media?parent=156495"}],"wp:term":[{"taxonomy":"category","embeddable":true,"href":"https:\/\/www.tucomarca.com\/wordpress\/segunda\/wp-json\/wp\/v2\/categories?post=156495"},{"taxonomy":"post_tag","embeddable":true,"href":"https:\/\/www.tucomarca.com\/wordpress\/segunda\/wp-json\/wp\/v2\/tags?post=156495"}],"curies":[{"name":"wp","href":"https:\/\/api.w.org\/{rel}","templated":true}]}}