{"id":156720,"date":"2022-05-10T12:05:00","date_gmt":"2022-05-10T10:05:00","guid":{"rendered":"http:\/\/www.tucomarca.com\/wordpress\/segunda\/?p=156720"},"modified":"2022-05-10T19:29:42","modified_gmt":"2022-05-10T17:29:42","slug":"representantes-del-partido-popular-de-requena-visitan-la-pedania-de-los-cojos-para-conocer-las-necesidades-e-inquietudes-de-sus-vecinos","status":"publish","type":"post","link":"https:\/\/www.tucomarca.com\/wordpress\/segunda\/representantes-del-partido-popular-de-requena-visitan-la-pedania-de-los-cojos-para-conocer-las-necesidades-e-inquietudes-de-sus-vecinos\/","title":{"rendered":"Representantes del Partido Popular de Requena visitan la pedan\u00eda de Los Cojos, para conocer las necesidades e inquietudes de sus vecinos"},"content":{"rendered":"\n<p>Representantes del Partido Popular de Requena estuvieron con los vecinos de Los Cojos para conocer de primera mano sus inquietudes. Desde la pedan\u00eda&nbsp; \u00abse est\u00e1 trabajando para la reforma de la Iglesia, la cual pudo visitarse durante el recorrido por la aldea\u00bb.<\/p>\n\n\n\n<p>Para el Partido Popular, \u00abes muy importante el contacto con cada una de nuestras 25 aldeas. Sin ellas, no hay municipio. Por ese motivo, cuando se form\u00f3 la actual ejecutiva, el pasado 26 de febrero, se inici\u00f3 la ronda de visitas a asociaciones, entidades y pedan\u00edas\u00bb. Esta ronda de aldeas comenz\u00f3 \u00aben la pedan\u00eda de Los Pedrones, donde hubo una reuni\u00f3n con vecinos para compartir inquietudes, y seguir\u00e1 por todas y cada una de las aldeas de Requena\u00bb explicaron las fuentes.<\/p>\n\n\n\n<p>Porque para el Partido Popular \u00ablas aldeas son igual de importantes que nuestra ciudad. Son nuestro municipio\u00bb, afirman los populares. Informa, <strong>Luis Ib\u00e1\u00f1ez<\/strong>.<\/p>\n","protected":false},"excerpt":{"rendered":"<div class=\"mh-excerpt\">Representantes del Partido Popular de Requena estuvieron con los vecinos de Los Cojos para conocer de primera mano sus inquietudes. Desde la pedan\u00eda&nbsp; \u00abse est\u00e1 trabajando para la reforma de la Iglesia, la cual pudo <a class=\"mh-excerpt-more\" href=\"https:\/\/www.tucomarca.com\/wordpress\/segunda\/representantes-del-partido-popular-de-requena-visitan-la-pedania-de-los-cojos-para-conocer-las-necesidades-e-inquietudes-de-sus-vecinos\/\" title=\"Representantes del Partido Popular de Requena visitan la pedan\u00eda de Los Cojos, para conocer las necesidades e inquietudes de sus vecinos\">[+] <\/a><\/div>\n","protected":false},"author":1,"featured_media":156721,"comment_status":"open","ping_status":"open","sticky":false,"template":"","format":"standard","meta":{"footnotes":""},"categories":[128,8,142,28,27,3],"tags":[7279,16791,10387],"class_list":{"0":"post-156720","1":"post","2":"type-post","3":"status-publish","4":"format-standard","5":"has-post-thumbnail","7":"category-infraestructuras","8":"category-la-comarca","9":"category-politica-la-comarca","10":"category-requena","11":"category-requena-utiel","12":"category-seccion","13":"tag-partido-popular","14":"tag-pp-de-requena-utiel","15":"tag-requena-utiel"},"_links":{"self":[{"href":"https:\/\/www.tucomarca.com\/wordpress\/segunda\/wp-json\/wp\/v2\/posts\/156720","targetHints":{"allow":["GET"]}}],"collection":[{"href":"https:\/\/www.tucomarca.com\/wordpress\/segunda\/wp-json\/wp\/v2\/posts"}],"about":[{"href":"https:\/\/www.tucomarca.com\/wordpress\/segunda\/wp-json\/wp\/v2\/types\/post"}],"author":[{"embeddable":true,"href":"https:\/\/www.tucomarca.com\/wordpress\/segunda\/wp-json\/wp\/v2\/users\/1"}],"replies":[{"embeddable":true,"href":"https:\/\/www.tucomarca.com\/wordpress\/segunda\/wp-json\/wp\/v2\/comments?post=156720"}],"version-history":[{"count":0,"href":"https:\/\/www.tucomarca.com\/wordpress\/segunda\/wp-json\/wp\/v2\/posts\/156720\/revisions"}],"wp:featuredmedia":[{"embeddable":true,"href":"https:\/\/www.tucomarca.com\/wordpress\/segunda\/wp-json\/wp\/v2\/media\/156721"}],"wp:attachment":[{"href":"https:\/\/www.tucomarca.com\/wordpress\/segunda\/wp-json\/wp\/v2\/media?parent=156720"}],"wp:term":[{"taxonomy":"category","embeddable":true,"href":"https:\/\/www.tucomarca.com\/wordpress\/segunda\/wp-json\/wp\/v2\/categories?post=156720"},{"taxonomy":"post_tag","embeddable":true,"href":"https:\/\/www.tucomarca.com\/wordpress\/segunda\/wp-json\/wp\/v2\/tags?post=156720"}],"curies":[{"name":"wp","href":"https:\/\/api.w.org\/{rel}","templated":true}]}}