{"id":156830,"date":"2022-05-11T19:17:20","date_gmt":"2022-05-11T17:17:20","guid":{"rendered":"http:\/\/www.tucomarca.com\/wordpress\/segunda\/?p=156830"},"modified":"2022-05-11T19:17:24","modified_gmt":"2022-05-11T17:17:24","slug":"el-circuit-ricardo-tormo-reune-las-carreras-de-nascar-y-de-camiones","status":"publish","type":"post","link":"https:\/\/www.tucomarca.com\/wordpress\/segunda\/el-circuit-ricardo-tormo-reune-las-carreras-de-nascar-y-de-camiones\/","title":{"rendered":"El Circuit Ricardo Tormo re\u00fane las carreras de Nascar y de Camiones"},"content":{"rendered":"\n<h4 class=\"wp-block-heading\">Seis carreras el s\u00e1bado y otras seis el domingo en un fin de semana lleno de actividades&nbsp;<br>M\u00fasica en directo, coches americanos, &#8216;lacrosse&#8217;, futbol americano, &#8216;food trucks&#8217;, atracciones infantiles, camiones decorados y seguridad vial completan la oferta&nbsp;<\/h4>\n\n\n\n<p>El Circuit Ricardo Tormo celebra este fin de semana el Valencia Nascar Fest y la Gran Carrera de Camiones de Valencia. Dos d\u00edas de acci\u00f3n y actividades en el &#8216;paddock&#8217; y la pista de Gran Premio de Cheste.&nbsp;<br><br>La propuesta deportiva es triple. Adem\u00e1s de la primera cita de la temporada de las Nascar Whelen Euroseries, el Circuit celebra la Gran Carrera de Camiones de Valencia y una prueba del campeonato franc\u00e9s de Caterham.&nbsp;<br><br>En el &#8216;paddock&#8217;, los aficionados van a encontrar un festival de actividades que van desde el popular toro mec\u00e1nico hasta distintas exhibiciones de deportes t\u00edpicos de los Estados Unidos, como el &#8216;lacrosse&#8217; o el f\u00fatbol americano. La oferta gastron\u00f3mica se centrar\u00e1 en una gran \u00e1rea con doce &#8216;food trucks&#8217; frente al escenario donde, adem\u00e1s de la m\u00fasica en directo, el p\u00fablico podr\u00e1 participar en la ceremonia del podio con los mejores de cada carrera.&nbsp;<br><br>Para los m\u00e1s peque\u00f1os de la familia, que entrar\u00e1n gratis hasta la edad de 13 a\u00f1os, habr\u00e1 distintas atracciones y la habitual Escuela de Seguridad Vial.&nbsp;<br><br>El &#8216;paddock&#8217; del Circuit Ricardo Tormo se completar\u00e1 con las exposiciones de coches americanos y de camiones decorados.&nbsp;<br><br><strong>Doce carreras s\u00e1bado y domingo<\/strong>&nbsp;<br><br>Los entrenamientos libres se celebrar\u00e1n en la jornada del viernes. El s\u00e1bado por la ma\u00f1ana tendr\u00e1 lugar la calificaci\u00f3n de cada categor\u00eda y a partir de las 13.30 horas la primera de las seis carreras programadas hasta las 18.40 horas.&nbsp;<br><br>En la jornada del domingo, despu\u00e9s de Warm Up del CamionGP y de los coches de NASCAR comenzar\u00e1n las carreras. La primera, la de los Caterham ser\u00e1 a las 9.40 horas. Posteriormente, los Camiones de Carreras tomar\u00e1n el asfalto con su primera manga a las 10.30 horas, seguida de la prueba de EuroNascar 2. Este orden se repite para las segundas carreras de las tres categor\u00edas desde las 12.10 hasta las 16.00 horas.<\/p>\n","protected":false},"excerpt":{"rendered":"<div class=\"mh-excerpt\">Seis carreras el s\u00e1bado y otras seis el domingo en un fin de semana lleno de actividades&nbsp;M\u00fasica en directo, coches americanos, &#8216;lacrosse&#8217;, futbol americano, &#8216;food trucks&#8217;, atracciones infantiles, camiones decorados y seguridad vial completan la <a class=\"mh-excerpt-more\" href=\"https:\/\/www.tucomarca.com\/wordpress\/segunda\/el-circuit-ricardo-tormo-reune-las-carreras-de-nascar-y-de-camiones\/\" title=\"El Circuit Ricardo Tormo re\u00fane las carreras de Nascar y de Camiones\">[+] <\/a><\/div>\n","protected":false},"author":12,"featured_media":156832,"comment_status":"open","ping_status":"open","sticky":false,"template":"","format":"standard","meta":{"footnotes":""},"categories":[4,83,17,6,72,10,91,3,45],"tags":[10474,10477,10716,5952,3987],"class_list":{"0":"post-156830","1":"post","2":"type-post","3":"status-publish","4":"format-standard","5":"has-post-thumbnail","7":"category-agenda","8":"category-automovilismo","9":"category-cheste","10":"category-deportes","11":"category-sin-categorizar","12":"category-la-hoya","13":"category-motociclismo","14":"category-seccion","15":"category-ventana","16":"tag-circuit-ricardo-tormo","17":"tag-circuito-de-cheste","18":"tag-generalitat-valenciana","19":"tag-la-hoya-de-bunol-chiva","20":"tag-nascar-fest"},"_links":{"self":[{"href":"https:\/\/www.tucomarca.com\/wordpress\/segunda\/wp-json\/wp\/v2\/posts\/156830","targetHints":{"allow":["GET"]}}],"collection":[{"href":"https:\/\/www.tucomarca.com\/wordpress\/segunda\/wp-json\/wp\/v2\/posts"}],"about":[{"href":"https:\/\/www.tucomarca.com\/wordpress\/segunda\/wp-json\/wp\/v2\/types\/post"}],"author":[{"embeddable":true,"href":"https:\/\/www.tucomarca.com\/wordpress\/segunda\/wp-json\/wp\/v2\/users\/12"}],"replies":[{"embeddable":true,"href":"https:\/\/www.tucomarca.com\/wordpress\/segunda\/wp-json\/wp\/v2\/comments?post=156830"}],"version-history":[{"count":0,"href":"https:\/\/www.tucomarca.com\/wordpress\/segunda\/wp-json\/wp\/v2\/posts\/156830\/revisions"}],"wp:featuredmedia":[{"embeddable":true,"href":"https:\/\/www.tucomarca.com\/wordpress\/segunda\/wp-json\/wp\/v2\/media\/156832"}],"wp:attachment":[{"href":"https:\/\/www.tucomarca.com\/wordpress\/segunda\/wp-json\/wp\/v2\/media?parent=156830"}],"wp:term":[{"taxonomy":"category","embeddable":true,"href":"https:\/\/www.tucomarca.com\/wordpress\/segunda\/wp-json\/wp\/v2\/categories?post=156830"},{"taxonomy":"post_tag","embeddable":true,"href":"https:\/\/www.tucomarca.com\/wordpress\/segunda\/wp-json\/wp\/v2\/tags?post=156830"}],"curies":[{"name":"wp","href":"https:\/\/api.w.org\/{rel}","templated":true}]}}