{"id":156844,"date":"2022-05-11T18:00:00","date_gmt":"2022-05-11T16:00:00","guid":{"rendered":"http:\/\/www.tucomarca.com\/wordpress\/segunda\/?p=156844"},"modified":"2022-05-11T19:40:04","modified_gmt":"2022-05-11T17:40:04","slug":"la-ribera-recibira-otros-38-millones-de-la-diputacio-en-la-segunda-entrega-del-fondo-de-cooperacion-municipal","status":"publish","type":"post","link":"https:\/\/www.tucomarca.com\/wordpress\/segunda\/la-ribera-recibira-otros-38-millones-de-la-diputacio-en-la-segunda-entrega-del-fondo-de-cooperacion-municipal\/","title":{"rendered":"La Ribera recibir\u00e1 otros 3,8 millones de la Diputaci\u00f3 en la segunda entrega del Fondo de Cooperaci\u00f3n Municipal"},"content":{"rendered":"\n<h4 class=\"wp-block-heading\">La corporaci\u00f3n ha ingresado ya 40 millones de euros en los ayuntamientos de la provincia, repartir\u00e1 20 m\u00e1s en los pr\u00f3ximos d\u00edas y aprobar\u00e1 antes de verano otros 20 para alcanzar la hist\u00f3rica cifra de 80<\/h4>\n\n\n\n<h4 class=\"wp-block-heading\">Los municipios de La Ribera Alta se repartir\u00e1n 2.750.000 euros y los de La Ribera Baixa algo m\u00e1s de un mill\u00f3n. Alzira, Algemes\u00ed, Carcaixent, Sueca y Cullera tienen una asignaci\u00f3n superior a los 150.000 euros<\/h4>\n\n\n\n<figure class=\"wp-block-image size-large\"><img loading=\"lazy\" decoding=\"async\" width=\"621\" height=\"1024\" src=\"https:\/\/www.tucomarca.com\/wordpress\/segunda\/wp-content\/uploads\/2022\/05\/DipuRibera-621x1024.jpg\" alt=\"\" class=\"wp-image-156859\" srcset=\"https:\/\/www.tucomarca.com\/wordpress\/segunda\/wp-content\/uploads\/2022\/05\/DipuRibera-621x1024.jpg 621w, https:\/\/www.tucomarca.com\/wordpress\/segunda\/wp-content\/uploads\/2022\/05\/DipuRibera-182x300.jpg 182w, https:\/\/www.tucomarca.com\/wordpress\/segunda\/wp-content\/uploads\/2022\/05\/DipuRibera.jpg 716w\" sizes=\"auto, (max-width: 621px) 100vw, 621px\" \/><\/figure>\n\n\n\n<p>Los municipios de La Ribera recibir\u00e1n otros 3,8 millones de euros de la Diputaci\u00f3 de Val\u00e8ncia en el marco del Fondo de Cooperaci\u00f3n Municipal, que ya dej\u00f3 algo m\u00e1s de siete millones en la comarca hace apenas dos meses. La Ribera Alta tiene asignados 2.750.000 euros y La Ribera Baixa 1.061.000 euros en esta segunda entrega provincial, que tendr\u00e1 continuidad antes de verano con otra aportaci\u00f3n similar, lo que elevar\u00e1 a m\u00e1s de 15 millones de euros la asignaci\u00f3n de la Diputaci\u00f3n a los ayuntamientos de La Ribera a trav\u00e9s del Fondo de Cooperaci\u00f3n.<\/p>\n\n\n\n<p>Por localidades, Alzira (184.000), Algemes\u00ed (164.000) y Carcaixent (156.000) son las que tienen una mayor asignaci\u00f3n en La Ribera Alta, donde Carlet, Alginet, L\u2019Alc\u00fadia, Benifai\u00f3, Alberic y Montserrat superan tambi\u00e9n los 100.000 euros. En La Ribera Baixa, Sueca (161.000), Cullera (159.000) y Almussafes (112.000) son los tres municipios con mayor aportaci\u00f3n en un listado que cierra El Mareny de Barraquetes con alrededor de 40.000 euros.<\/p>\n\n\n\n<p>La Diputaci\u00f3 incrementar\u00e1 este a\u00f1o su aportaci\u00f3n al Fondo de Cooperaci\u00f3n Municipal hasta alcanzar los 80 millones de euros. La corporaci\u00f3n provincial ha ingresado ya 40 millones en los ayuntamientos de la provincia; repartir\u00e1 20 millones m\u00e1s en los pr\u00f3ximos d\u00edas, tras su aprobaci\u00f3n en la Comisi\u00f3n de Hacienda y en el pleno de la pr\u00f3xima semana; y completar\u00e1 su asignaci\u00f3n a este programa conjunto con la Generalitat con una \u00faltima entrega de 20 millones, que llegar\u00e1 a los municipios valencianos antes de verano.<\/p>\n\n\n\n<p>De esta forma, la Diputaci\u00f3n cuadruplica los 20,6 millones de euros que comenz\u00f3 aportando al Fondo de Cooperaci\u00f3n en 2017, a\u00f1o en que se cre\u00f3 esta herramienta de financiaci\u00f3n municipal que permite a los consistorios destinar las ayudas tanto a inversi\u00f3n como a gasto corriente. \u201cLos 80 millones de este a\u00f1o constituyen una aportaci\u00f3n hist\u00f3rica que se suma a los 144 millones del reci\u00e9n presentado Plan de Inversiones y que ponen de manifiesto que la prioridad para esta instituci\u00f3n son los pueblos a los que representa, en especial aquellos con menos de 10.000 habitantes, que son los que m\u00e1s la necesitan\u201d, se\u00f1ala el presidente de la Diputaci\u00f3, Toni Gaspar.<\/p>\n\n\n\n<p>Gaspar insiste en \u201cla eficacia de este Fondo que ha conseguido reducir al m\u00ednimo la burocracia y transferir liquidez a los ayuntamientos de manera muy \u00e1gil\u201d, y recuerda que esta apuesta decidida por las transferencias directas a los municipios \u201ces posible gracias a la voluntad del equipo de gobierno de reinvertir el remanente en los pueblos, ayud\u00e1ndoles a salir de la pandemia y a hacer frente a problemas coyunturales como es hoy el de la inflaci\u00f3n\u201d.<\/p>\n\n\n\n<p><strong>Compensaci\u00f3n a los pueblos de entre 3.000 y 10.000 habitantes<\/strong><\/p>\n\n\n\n<p>El m\u00e1ximo responsable provincial ha explicado que en esta segunda entrega del Fondo de Cooperaci\u00f3n 2022 la Diputaci\u00f3n \u201cha querido compensar a los municipios de entre 3.000 y 10.000 habitantes, esos que habitualmente quedan fuera de los criterios correctores al no ser del todo peque\u00f1os, caso de pueblos con menos poblaci\u00f3n y recursos a los que esta instituci\u00f3n considera prioritarios, ni llegar a disponer de los ingresos que tienen localidades con mayor n\u00famero de habitantes\u201d.<\/p>\n\n\n\n<p>Los 20 millones de euros aprobados en la Comisi\u00f3n de este martes, que llegar\u00e1n a pleno la pr\u00f3xima semana, se ingresar\u00e1n a continuaci\u00f3n en los ayuntamientos, que a\u00fan dispondr\u00e1n de otra partida similar antes de verano \u201ccon el objetivo de garantizar su liquidez y la posibilidad de hacer frente a la subida de precios generalizada que condiciona la calidad de vida de las vecinas y vecinos de cualquier municipio\u201d, a\u00f1ade el presidente Gaspar.<\/p>\n","protected":false},"excerpt":{"rendered":"<div class=\"mh-excerpt\">La corporaci\u00f3n ha ingresado ya 40 millones de euros en los ayuntamientos de la provincia, repartir\u00e1 20 m\u00e1s en los pr\u00f3ximos d\u00edas y aprobar\u00e1 antes de verano otros 20 para alcanzar la hist\u00f3rica cifra de <a class=\"mh-excerpt-more\" href=\"https:\/\/www.tucomarca.com\/wordpress\/segunda\/la-ribera-recibira-otros-38-millones-de-la-diputacio-en-la-segunda-entrega-del-fondo-de-cooperacion-municipal\/\" title=\"La Ribera recibir\u00e1 otros 3,8 millones de la Diputaci\u00f3 en la segunda entrega del Fondo de Cooperaci\u00f3n Municipal\">[+] <\/a><\/div>\n","protected":false},"author":12,"featured_media":154257,"comment_status":"open","ping_status":"open","sticky":false,"template":"","format":"standard","meta":{"footnotes":""},"categories":[99,69,128,8,42,142,3,45],"tags":[10409,10402,3677,17086,1407],"class_list":{"0":"post-156844","1":"post","2":"type-post","3":"status-publish","4":"format-standard","5":"has-post-thumbnail","7":"category-algemesi","8":"category-alzira","9":"category-infraestructuras","10":"category-la-comarca","11":"category-la-ribera","12":"category-politica-la-comarca","13":"category-seccion","14":"category-ventana","15":"tag-algemesi","16":"tag-alzira","17":"tag-diputacio-de-valencia","18":"tag-fondo-de-cooperacion-municipal","19":"tag-ribera-alta"},"_links":{"self":[{"href":"https:\/\/www.tucomarca.com\/wordpress\/segunda\/wp-json\/wp\/v2\/posts\/156844","targetHints":{"allow":["GET"]}}],"collection":[{"href":"https:\/\/www.tucomarca.com\/wordpress\/segunda\/wp-json\/wp\/v2\/posts"}],"about":[{"href":"https:\/\/www.tucomarca.com\/wordpress\/segunda\/wp-json\/wp\/v2\/types\/post"}],"author":[{"embeddable":true,"href":"https:\/\/www.tucomarca.com\/wordpress\/segunda\/wp-json\/wp\/v2\/users\/12"}],"replies":[{"embeddable":true,"href":"https:\/\/www.tucomarca.com\/wordpress\/segunda\/wp-json\/wp\/v2\/comments?post=156844"}],"version-history":[{"count":0,"href":"https:\/\/www.tucomarca.com\/wordpress\/segunda\/wp-json\/wp\/v2\/posts\/156844\/revisions"}],"wp:featuredmedia":[{"embeddable":true,"href":"https:\/\/www.tucomarca.com\/wordpress\/segunda\/wp-json\/wp\/v2\/media\/154257"}],"wp:attachment":[{"href":"https:\/\/www.tucomarca.com\/wordpress\/segunda\/wp-json\/wp\/v2\/media?parent=156844"}],"wp:term":[{"taxonomy":"category","embeddable":true,"href":"https:\/\/www.tucomarca.com\/wordpress\/segunda\/wp-json\/wp\/v2\/categories?post=156844"},{"taxonomy":"post_tag","embeddable":true,"href":"https:\/\/www.tucomarca.com\/wordpress\/segunda\/wp-json\/wp\/v2\/tags?post=156844"}],"curies":[{"name":"wp","href":"https:\/\/api.w.org\/{rel}","templated":true}]}}