{"id":156904,"date":"2022-05-11T19:20:00","date_gmt":"2022-05-11T17:20:00","guid":{"rendered":"http:\/\/www.tucomarca.com\/wordpress\/segunda\/?p=156904"},"modified":"2022-05-11T22:11:45","modified_gmt":"2022-05-11T20:11:45","slug":"ya-se-conocen-los-cinco-largometrajes-a-concurso-de-la-ii-edicion-de-pantalla-alborache","status":"publish","type":"post","link":"https:\/\/www.tucomarca.com\/wordpress\/segunda\/ya-se-conocen-los-cinco-largometrajes-a-concurso-de-la-ii-edicion-de-pantalla-alborache\/","title":{"rendered":"Ya se conocen los cinco largometrajes a concurso de la II edici\u00f3n de \u2018Pantalla Alborache\u2019"},"content":{"rendered":"\n<h4 class=\"wp-block-heading\">Reivindicar la existencia de oferta cultural diversa y de calidad en el mundo rural para todas las edades, especialmente para ni\u00f1os, ni\u00f1as y j\u00f3venes.<\/h4>\n\n\n\n<figure class=\"wp-block-gallery columns-2 is-cropped wp-block-gallery-1 is-layout-flex wp-block-gallery-is-layout-flex\"><ul class=\"blocks-gallery-grid\"><li class=\"blocks-gallery-item\"><figure><img loading=\"lazy\" decoding=\"async\" width=\"500\" height=\"706\" src=\"https:\/\/www.tucomarca.com\/wordpress\/segunda\/wp-content\/uploads\/2022\/05\/Calamity.jpeg\" alt=\"\" data-id=\"156922\" data-full-url=\"https:\/\/www.tucomarca.com\/wordpress\/segunda\/wp-content\/uploads\/2022\/05\/Calamity.jpeg\" data-link=\"https:\/\/www.tucomarca.com\/wordpress\/segunda\/?attachment_id=156922\" class=\"wp-image-156922\" srcset=\"https:\/\/www.tucomarca.com\/wordpress\/segunda\/wp-content\/uploads\/2022\/05\/Calamity.jpeg 500w, https:\/\/www.tucomarca.com\/wordpress\/segunda\/wp-content\/uploads\/2022\/05\/Calamity-212x300.jpeg 212w\" sizes=\"auto, (max-width: 500px) 100vw, 500px\" \/><\/figure><\/li><li class=\"blocks-gallery-item\"><figure><img loading=\"lazy\" decoding=\"async\" width=\"640\" height=\"828\" src=\"https:\/\/www.tucomarca.com\/wordpress\/segunda\/wp-content\/uploads\/2022\/05\/laestrelladelossimios.jpeg\" alt=\"\" data-id=\"156920\" data-full-url=\"https:\/\/www.tucomarca.com\/wordpress\/segunda\/wp-content\/uploads\/2022\/05\/laestrelladelossimios.jpeg\" data-link=\"https:\/\/www.tucomarca.com\/wordpress\/segunda\/?attachment_id=156920\" class=\"wp-image-156920\" srcset=\"https:\/\/www.tucomarca.com\/wordpress\/segunda\/wp-content\/uploads\/2022\/05\/laestrelladelossimios.jpeg 640w, https:\/\/www.tucomarca.com\/wordpress\/segunda\/wp-content\/uploads\/2022\/05\/laestrelladelossimios-232x300.jpeg 232w\" sizes=\"auto, (max-width: 640px) 100vw, 640px\" \/><\/figure><\/li><li class=\"blocks-gallery-item\"><figure><img loading=\"lazy\" decoding=\"async\" width=\"500\" height=\"727\" src=\"https:\/\/www.tucomarca.com\/wordpress\/segunda\/wp-content\/uploads\/2022\/05\/MrHandSolo.jpeg\" alt=\"\" data-id=\"156918\" data-full-url=\"https:\/\/www.tucomarca.com\/wordpress\/segunda\/wp-content\/uploads\/2022\/05\/MrHandSolo.jpeg\" data-link=\"https:\/\/www.tucomarca.com\/wordpress\/segunda\/?attachment_id=156918\" class=\"wp-image-156918\" srcset=\"https:\/\/www.tucomarca.com\/wordpress\/segunda\/wp-content\/uploads\/2022\/05\/MrHandSolo.jpeg 500w, https:\/\/www.tucomarca.com\/wordpress\/segunda\/wp-content\/uploads\/2022\/05\/MrHandSolo-206x300.jpeg 206w\" sizes=\"auto, (max-width: 500px) 100vw, 500px\" \/><\/figure><\/li><li class=\"blocks-gallery-item\"><figure><img loading=\"lazy\" decoding=\"async\" width=\"717\" height=\"1024\" src=\"https:\/\/www.tucomarca.com\/wordpress\/segunda\/wp-content\/uploads\/2022\/05\/Mediterraneo-717x1024.jpeg\" alt=\"\" data-id=\"156916\" data-full-url=\"https:\/\/www.tucomarca.com\/wordpress\/segunda\/wp-content\/uploads\/2022\/05\/Mediterraneo.jpeg\" data-link=\"https:\/\/www.tucomarca.com\/wordpress\/segunda\/?attachment_id=156916\" class=\"wp-image-156916\" srcset=\"https:\/\/www.tucomarca.com\/wordpress\/segunda\/wp-content\/uploads\/2022\/05\/Mediterraneo-717x1024.jpeg 717w, https:\/\/www.tucomarca.com\/wordpress\/segunda\/wp-content\/uploads\/2022\/05\/Mediterraneo-210x300.jpeg 210w, https:\/\/www.tucomarca.com\/wordpress\/segunda\/wp-content\/uploads\/2022\/05\/Mediterraneo-768x1097.jpeg 768w, https:\/\/www.tucomarca.com\/wordpress\/segunda\/wp-content\/uploads\/2022\/05\/Mediterraneo.jpeg 960w\" sizes=\"auto, (max-width: 717px) 100vw, 717px\" \/><\/figure><\/li><li class=\"blocks-gallery-item\"><figure><img loading=\"lazy\" decoding=\"async\" width=\"600\" height=\"900\" src=\"https:\/\/www.tucomarca.com\/wordpress\/segunda\/wp-content\/uploads\/2022\/05\/Una_escuela_en_Cerro_Hueso.jpeg\" alt=\"\" data-id=\"156912\" data-full-url=\"https:\/\/www.tucomarca.com\/wordpress\/segunda\/wp-content\/uploads\/2022\/05\/Una_escuela_en_Cerro_Hueso.jpeg\" data-link=\"https:\/\/www.tucomarca.com\/wordpress\/segunda\/?attachment_id=156912\" class=\"wp-image-156912\" srcset=\"https:\/\/www.tucomarca.com\/wordpress\/segunda\/wp-content\/uploads\/2022\/05\/Una_escuela_en_Cerro_Hueso.jpeg 600w, https:\/\/www.tucomarca.com\/wordpress\/segunda\/wp-content\/uploads\/2022\/05\/Una_escuela_en_Cerro_Hueso-200x300.jpeg 200w\" sizes=\"auto, (max-width: 600px) 100vw, 600px\" \/><\/figure><\/li><li class=\"blocks-gallery-item\"><figure><img loading=\"lazy\" decoding=\"async\" width=\"683\" height=\"1024\" src=\"https:\/\/www.tucomarca.com\/wordpress\/segunda\/wp-content\/uploads\/2022\/05\/Tesoros-683x1024.jpeg\" alt=\"\" data-id=\"156910\" data-full-url=\"https:\/\/www.tucomarca.com\/wordpress\/segunda\/wp-content\/uploads\/2022\/05\/Tesoros.jpeg\" data-link=\"https:\/\/www.tucomarca.com\/wordpress\/segunda\/?attachment_id=156910\" class=\"wp-image-156910\" srcset=\"https:\/\/www.tucomarca.com\/wordpress\/segunda\/wp-content\/uploads\/2022\/05\/Tesoros-683x1024.jpeg 683w, https:\/\/www.tucomarca.com\/wordpress\/segunda\/wp-content\/uploads\/2022\/05\/Tesoros-200x300.jpeg 200w, https:\/\/www.tucomarca.com\/wordpress\/segunda\/wp-content\/uploads\/2022\/05\/Tesoros-768x1151.jpeg 768w, https:\/\/www.tucomarca.com\/wordpress\/segunda\/wp-content\/uploads\/2022\/05\/Tesoros.jpeg 788w\" sizes=\"auto, (max-width: 683px) 100vw, 683px\" \/><\/figure><\/li><li class=\"blocks-gallery-item\"><figure><img loading=\"lazy\" decoding=\"async\" width=\"698\" height=\"1024\" src=\"https:\/\/www.tucomarca.com\/wordpress\/segunda\/wp-content\/uploads\/2022\/05\/INeverCry-698x1024.jpg\" alt=\"\" data-id=\"156924\" data-full-url=\"https:\/\/www.tucomarca.com\/wordpress\/segunda\/wp-content\/uploads\/2022\/05\/INeverCry.jpg\" data-link=\"https:\/\/www.tucomarca.com\/wordpress\/segunda\/?attachment_id=156924\" class=\"wp-image-156924\" srcset=\"https:\/\/www.tucomarca.com\/wordpress\/segunda\/wp-content\/uploads\/2022\/05\/INeverCry-698x1024.jpg 698w, https:\/\/www.tucomarca.com\/wordpress\/segunda\/wp-content\/uploads\/2022\/05\/INeverCry-204x300.jpg 204w, https:\/\/www.tucomarca.com\/wordpress\/segunda\/wp-content\/uploads\/2022\/05\/INeverCry.jpg 745w\" sizes=\"auto, (max-width: 698px) 100vw, 698px\" \/><\/figure><\/li><li class=\"blocks-gallery-item\"><figure><img loading=\"lazy\" decoding=\"async\" width=\"719\" height=\"1024\" src=\"https:\/\/www.tucomarca.com\/wordpress\/segunda\/wp-content\/uploads\/2022\/05\/LosLobos-1-719x1024.jpg\" alt=\"\" data-id=\"156928\" data-full-url=\"https:\/\/www.tucomarca.com\/wordpress\/segunda\/wp-content\/uploads\/2022\/05\/LosLobos-1.jpg\" data-link=\"https:\/\/www.tucomarca.com\/wordpress\/segunda\/?attachment_id=156928\" class=\"wp-image-156928\" srcset=\"https:\/\/www.tucomarca.com\/wordpress\/segunda\/wp-content\/uploads\/2022\/05\/LosLobos-1-719x1024.jpg 719w, https:\/\/www.tucomarca.com\/wordpress\/segunda\/wp-content\/uploads\/2022\/05\/LosLobos-1-211x300.jpg 211w, https:\/\/www.tucomarca.com\/wordpress\/segunda\/wp-content\/uploads\/2022\/05\/LosLobos-1-768x1094.jpg 768w, https:\/\/www.tucomarca.com\/wordpress\/segunda\/wp-content\/uploads\/2022\/05\/LosLobos-1.jpg 829w\" sizes=\"auto, (max-width: 719px) 100vw, 719px\" \/><\/figure><\/li><\/ul><\/figure>\n\n\n\n<p>El jurado de la II edici\u00f3n de <strong>Pantalla Alborache<\/strong> acaba de presentar las cinco pel\u00edculas de la Secci\u00f3n Oficial, y que optan a uno de los tres premios de dotaci\u00f3n econ\u00f3mica. Gracias a este <strong>Festival Internacional de Cine Infantil y Juvenil en el medio rural, <\/strong>que se celebra del <strong>28 de mayo al 4 de junio,<\/strong> la localidad valenciana se convertir\u00e1 en ejemplo de c\u00f3mo descentralizar la cultura y acercarla a los peque\u00f1os pueblos de interior de la Comunitat Valenciana es posible.<\/p>\n\n\n\n<p>Los cinco largometrajes seleccionados, adem\u00e1s de entretenidas pel\u00edculas, conllevan una serie de valores sociales y pedag\u00f3gicos que hacen m\u00e1s especial, si cabe, a este festival de cine. Los ni\u00f1os, ni\u00f1as y adolescentes de Alborache van a poder disfrutar de pel\u00edculas del calibre de: <em>I Never Cry (Yo nunca lloro), La estrella de los simios (Apstj\u00e4rnan), Calamit, Una escuela en Cerro Hueso <\/em>y <em>A Butterfly&#8217;s Heart<\/em>.<\/p>\n\n\n\n<p>Como buen concurso, tres de las cinco opta a <strong>un premio con dotaci\u00f3n econ\u00f3mica<\/strong>. En primer lugar, el <strong>jurado profesional<\/strong> otorgar\u00e1 un premio a la mejor pel\u00edcula, un trofeo y una asignaci\u00f3n econ\u00f3mica de 1.500\u20ac. Este jurado est\u00e1 formado por tres relevantes personalidades del mundo del Cine y la Educaci\u00f3n a nivel internacional, como son: Eileen Sanabria Herrera, Javi Navarro Montero y Pilar Franquet Perell\u00f3. El jurado profesional otorgar\u00e1 tambi\u00e9n el Premio CIFEJ (sin asignaci\u00f3n econ\u00f3mica).<\/p>\n\n\n\n<figure class=\"wp-block-gallery columns-3 is-cropped wp-block-gallery-2 is-layout-flex wp-block-gallery-is-layout-flex\"><ul class=\"blocks-gallery-grid\"><li class=\"blocks-gallery-item\"><figure><img loading=\"lazy\" decoding=\"async\" width=\"840\" height=\"1024\" src=\"https:\/\/www.tucomarca.com\/wordpress\/segunda\/wp-content\/uploads\/2022\/05\/JaviNavarro-840x1024.jpg\" alt=\"\" data-id=\"156931\" data-full-url=\"https:\/\/www.tucomarca.com\/wordpress\/segunda\/wp-content\/uploads\/2022\/05\/JaviNavarro.jpg\" data-link=\"https:\/\/www.tucomarca.com\/wordpress\/segunda\/?attachment_id=156931\" class=\"wp-image-156931\" srcset=\"https:\/\/www.tucomarca.com\/wordpress\/segunda\/wp-content\/uploads\/2022\/05\/JaviNavarro-840x1024.jpg 840w, https:\/\/www.tucomarca.com\/wordpress\/segunda\/wp-content\/uploads\/2022\/05\/JaviNavarro-246x300.jpg 246w, https:\/\/www.tucomarca.com\/wordpress\/segunda\/wp-content\/uploads\/2022\/05\/JaviNavarro-768x937.jpg 768w, https:\/\/www.tucomarca.com\/wordpress\/segunda\/wp-content\/uploads\/2022\/05\/JaviNavarro.jpg 852w\" sizes=\"auto, (max-width: 840px) 100vw, 840px\" \/><\/figure><\/li><li class=\"blocks-gallery-item\"><figure><img loading=\"lazy\" decoding=\"async\" width=\"690\" height=\"1024\" src=\"https:\/\/www.tucomarca.com\/wordpress\/segunda\/wp-content\/uploads\/2022\/05\/josema-690x1024.jpeg\" alt=\"\" data-id=\"156933\" data-full-url=\"https:\/\/www.tucomarca.com\/wordpress\/segunda\/wp-content\/uploads\/2022\/05\/josema.jpeg\" data-link=\"https:\/\/www.tucomarca.com\/wordpress\/segunda\/?attachment_id=156933\" class=\"wp-image-156933\" srcset=\"https:\/\/www.tucomarca.com\/wordpress\/segunda\/wp-content\/uploads\/2022\/05\/josema-690x1024.jpeg 690w, https:\/\/www.tucomarca.com\/wordpress\/segunda\/wp-content\/uploads\/2022\/05\/josema-202x300.jpeg 202w, https:\/\/www.tucomarca.com\/wordpress\/segunda\/wp-content\/uploads\/2022\/05\/josema-768x1141.jpeg 768w, https:\/\/www.tucomarca.com\/wordpress\/segunda\/wp-content\/uploads\/2022\/05\/josema-1034x1536.jpeg 1034w, https:\/\/www.tucomarca.com\/wordpress\/segunda\/wp-content\/uploads\/2022\/05\/josema.jpeg 1336w\" sizes=\"auto, (max-width: 690px) 100vw, 690px\" \/><\/figure><\/li><li class=\"blocks-gallery-item\"><figure><img loading=\"lazy\" decoding=\"async\" width=\"640\" height=\"640\" src=\"https:\/\/www.tucomarca.com\/wordpress\/segunda\/wp-content\/uploads\/2022\/05\/PilarFranquet.jpg\" alt=\"\" data-id=\"156937\" data-full-url=\"https:\/\/www.tucomarca.com\/wordpress\/segunda\/wp-content\/uploads\/2022\/05\/PilarFranquet.jpg\" data-link=\"https:\/\/www.tucomarca.com\/wordpress\/segunda\/?attachment_id=156937\" class=\"wp-image-156937\" srcset=\"https:\/\/www.tucomarca.com\/wordpress\/segunda\/wp-content\/uploads\/2022\/05\/PilarFranquet.jpg 640w, https:\/\/www.tucomarca.com\/wordpress\/segunda\/wp-content\/uploads\/2022\/05\/PilarFranquet-300x300.jpg 300w, https:\/\/www.tucomarca.com\/wordpress\/segunda\/wp-content\/uploads\/2022\/05\/PilarFranquet-290x290.jpg 290w\" sizes=\"auto, (max-width: 640px) 100vw, 640px\" \/><\/figure><\/li><\/ul><\/figure>\n\n\n\n<p>En segundo lugar, el <strong>Premio del jurado Infantil-juvenil<\/strong> estar\u00e1 compuesto por un grupo de diez j\u00f3venes de Alborache y\/o la comarca, y otorgar\u00e1n un premio a la mejor pel\u00edcula, junto con un trofeo y una dotaci\u00f3n econ\u00f3mica de 1.000\u20ac.<\/p>\n\n\n\n<p>Y en tercer lugar, el <strong>Premio del jurado del p\u00fablico<\/strong>, que consta de un trofeo y una dotaci\u00f3n de 750\u20ac par a la pel\u00edcula ganadora. Para esta secci\u00f3n, las personas asistentes votar\u00e1n a la finalizaci\u00f3n de las proyecciones para decidir los premios del p\u00fablico y el jurado infantil-juvenil, de esta forma se hace part\u00edcipes del festival al p\u00fablico asistente.&nbsp;<\/p>\n\n\n\n<p>Por segundo a\u00f1o consecutivo, la realizaci\u00f3n de este <strong>festival de cine diverso, intercultural y pluriling\u00fce<\/strong> orientado al p\u00fablico joven fomenta la <strong>cultura en espacios rurales.<\/strong> Adem\u00e1s de conseguir descentralizar la cultura de las grandes urbes, construye un espacio creativo y experimental para explorar ideas, preguntas y reflexiones compartidas que surgen gracias al arte del cine. Despu\u00e9s de una semana de inmersi\u00f3n cinematogr\u00e1fica, las ni\u00f1as, ni\u00f1os y adolescentes de la comarca habr\u00e1n profundizado en cuestiones de <strong>interculturalidad, g\u00e9nero y participaci\u00f3n ciudadana; inmigraci\u00f3n, autismo y ecolog\u00eda.<\/strong><\/p>\n\n\n\n<p>Adem\u00e1s de los cinco largometrajes a concurso, del 28 de mayo al 4 de junio de 2022, se van a proyectar cuatro pel\u00edculas en Secci\u00f3n Informativa, (<em>Los lobos, Mr Hand Solo, Mediterr\u00e1neo<\/em> y <em>Tesoros<\/em>) a las que podr\u00e1 asistir cualquier vecino y turista. Tambi\u00e9n hay programadas otras actividades paralelas que promueven la participaci\u00f3n y tejen lazos entre los distintos pueblos que forman la Mancomunidad .<\/p>\n\n\n\n<p><strong>Largometrajes secci\u00f3n oficial (competitiva) &#8211; FICHA T\u00c9CNICA<\/strong><\/p>\n\n\n\n<p>En el Festival competir\u00e1n cinco cinco largometrajes de ficci\u00f3n, animaci\u00f3n o documental indistintamente. Las pel\u00edculas competitivas ser\u00e1n:&nbsp;<\/p>\n\n\n\n<p><strong><em>I Never Cry (Yo nunca lloro)<\/em><\/strong><\/p>\n\n\n\n<ul class=\"wp-block-list\"><li>A\u00f1o: 2020 | Duraci\u00f3n: 93 min. | Pa\u00eds: Polonia, Irlanda | G\u00e9nero: Drama<\/li><li>Direcci\u00f3n: Piotr Domalewski<\/li><li>Sinopsis: Ola debe viajar a Irlanda para trasladar a Polonia el cuerpo de su padre, muerto en un accidente en la construcci\u00f3n. Lejos de interesarse por \u00e9l, Ola quiere saber si su padre ahorr\u00f3 el dinero necesario para el coche que le hab\u00eda prometido. Mientras se las apa\u00f1a para lidiar con la burocracia extranjera utilizando su picard\u00eda, comienza a conocer a su padre. Segunda pel\u00edcula de su director.<\/li><\/ul>\n\n\n\n<p><strong><em>Una escuela en Cerro Hueso<\/em><\/strong><\/p>\n\n\n\n<ul class=\"wp-block-list\"><li>A\u00f1o: 2021 | Duraci\u00f3n: 70 min. | Pa\u00eds: Argentina | G\u00e9nero: Drama<\/li><li>Direcci\u00f3n: Betaina Cappato<\/li><li>Sinopsis: Despu\u00e9s de numerosos rechazos, Julia y Antonio, los padres de Ema, finalmente encuentran un lugar seguro para su hija, que ha sido diagnosticada en el espectro del autismo. En la comunidad amorosa de la nueva escuela primaria ubicada en una peque\u00f1a ciudad a orillas del r\u00edo Paran\u00e1, Ema puede observar y explorar el mundo en silencio y a su propio ritmo. La pel\u00edcula sigue con delicadeza los peque\u00f1os pasos de Ema, que se convierten en momentos m\u00e1gicos, y en los que la solidaridad aparece de la forma menos pensada<\/li><\/ul>\n\n\n\n<p><strong><em>La estrella de los simios (Apstj\u00e4rnan)<\/em><\/strong><\/p>\n\n\n\n<ul class=\"wp-block-list\"><li>A\u00f1o: 2021 | Duraci\u00f3n: 75 min. | Pa\u00eds: Suecia | G\u00e9nero: Animaci\u00f3n<\/li><li>Direcci\u00f3n: Linda Hamb\u00e4ck&nbsp;<\/li><li>Sinopsis: La peque\u00f1a hu\u00e9rfana Jonna quiere con todas sus fuerzas tener una madre. Sus 8 a\u00f1os de vida los ha vivido en el orfanato Punta en Blanco. Un d\u00eda llega all\u00ed un viejo coche del que aparece una gorila que elige a Jonna para que vaya a vivir con ella. Se van juntas y enseguida se dan cuenta que tienen m\u00e1s cosas en com\u00fan de lo que pensaban. Pero justo cuando est\u00e1n mejor, aparece Tord, del gobierno municipal, y las amenaza con separarlas.<\/li><\/ul>\n\n\n\n<p><strong><em>Calamity<\/em><\/strong><\/p>\n\n\n\n<ul class=\"wp-block-list\"><li>A\u00f1o: 2020 | Duraci\u00f3n: 82 min. | Pa\u00eds: Francia | G\u00e9nero: Animaci\u00f3n, Western, Comedia<\/li><li>Direcci\u00f3n: R\u00e9mi Chay\u00e9&nbsp;<\/li><li>Sinopsis:En una caravana con destino al oeste buscando una vida mejor, el padre de Martha Jane resulta herido y ella ser\u00e1 entonces la encargada de conducir el carro familiar adem\u00e1s de responsabilizarse del cuidado de los caballos. Aprender no es tarea sencilla y, sin embargo, nunca se ha sentido tan libre. Martha Jane decide usar pantalones para ser capaz de montar a caballo con mayor agilidad. Cuando decide cortarse tambi\u00e9n el pelo generar\u00e1 una enorme pol\u00e9mica que sacara a la luz su aut\u00e9ntico car\u00e1cter ante las muchas dificultades que se le presentan en un mundo salvaje en el que todo es posible. Martha Jane, vivir\u00e1 aventuras agitadas, entre peripecias y galopes, incluyendo la b\u00fasqueda de un villano y despu\u00e9s de su destino. Con el tiempo Martha Jane se convertir\u00e1 en la futura Calamity Jane, una conocida exploradora profesional estadounidense, reconocida por haber luchado contra los amerindios.<\/li><\/ul>\n\n\n\n<p><strong><em>A Butterfly&#8217;s Heart<\/em><\/strong><\/p>\n\n\n\n<ul class=\"wp-block-list\"><li>A\u00f1o: 2021 | Duraci\u00f3n:&nbsp; 52 min. | Pa\u00eds: Lituania&nbsp;| G\u00e9nero: Drama<\/li><li>Direcci\u00f3n: Inesa Kurkliety\u00e9<\/li><li>Sinopsis: \u00bfPuedo tocar tu coraz\u00f3n? Eso es lo que le pregunta Rugile a su nuevo amigo Juozapas, quien naci\u00f3 con una extra\u00f1a condici\u00f3n: el ni\u00f1o lleva el coraz\u00f3n fuera del pecho, protegido por una armadura especial. Siempre cauteloso, lo que m\u00e1s le gusta a Juozapas es pasar el tiempo en una mansi\u00f3n desierta, donde guarda su colecci\u00f3n de insectos, escarabajos y mariposas, un secreto que no comparte con nadie m\u00e1s que con Rugile.<\/li><\/ul>\n\n\n\n<p><strong>Jurado del II Festival Internacional Pantalla Alborache<\/strong><\/p>\n\n\n\n<p>Este jurado est\u00e1 compuesto por:<\/p>\n\n\n\n<p><strong>Eileen Sanabria Herrera (La Habana, Cuba). <\/strong>Estudios de grado en Psicolog\u00eda y m\u00e1ster en Sociolog\u00eda en ambos casos en la Universidad de la Habana, Cuba y estudios de nivel superior en Comunicaci\u00f3n Social. Coordinadora general de la Red del Universo Audiovisual de la Ni\u00f1ez Latinoamericana (UNIAL) que agrupa a m\u00e1s de 200 personalidades e instituciones de Am\u00e9rica y Europa. Ha impartido un gran n\u00famero de conferencias, ponencias, talleres y espacios de capacitaci\u00f3n en temas relacionados a su labor profesional y cient\u00edfica en Cuba y otros pa\u00edses del mundo.<\/p>\n\n\n\n<p><strong>Javi Navarro Montero (Val\u00e8ncia). <\/strong>Guionista, director y productos especializado en cine educativo y con transfundo social. Su cortometraje \u2018Acabo de tener un suel\u00f1o\u2019 ha obtenido m\u00e1s de 240 premios internacionales y se ha proyectado en m\u00e1s de 800 festivales de Cine. Tambi\u00e9n imparte talleres de Cine y coordina la realizaci\u00f3n de cortometrajes educativos en centros escolares.<\/p>\n\n\n\n<p><strong>Pilar Franquet Perell\u00f3 (Roda de Ber\u00e0. Catalunya).<\/strong> Docente. Ha formado parte desde el principio junto con Antonio Barrero del comit\u00e9 organizador del FIC-CAT, Festival Internacional de Cinema en Catal\u00e0 Costa Daurada, que se celebra en Roda de BERD\u00c2. Dentro del Festival ha desarrollado diversas tareas y actualmente es la responsable del \u00c1rea Pedag\u00f3gica y Centros Educativos del Festival. Desde hace a\u00f1os, lleva a t\u00e9rmino iniciativas pedag\u00f3gicas con el objetivo de promover y motivar la creaci\u00f3n audiovisual en las escuelas e institutos, impartiendo talleres pr\u00e1cticos de cine para alumnado y profesorado.<\/p>\n","protected":false},"excerpt":{"rendered":"<div class=\"mh-excerpt\">Reivindicar la existencia de oferta cultural diversa y de calidad en el mundo rural para todas las edades, especialmente para ni\u00f1os, ni\u00f1as y j\u00f3venes. El jurado de la II edici\u00f3n de Pantalla Alborache acaba de <a class=\"mh-excerpt-more\" href=\"https:\/\/www.tucomarca.com\/wordpress\/segunda\/ya-se-conocen-los-cinco-largometrajes-a-concurso-de-la-ii-edicion-de-pantalla-alborache\/\" title=\"Ya se conocen los cinco largometrajes a concurso de la II edici\u00f3n de \u2018Pantalla Alborache\u2019\">[+] <\/a><\/div>\n","protected":false},"author":12,"featured_media":156924,"comment_status":"open","ping_status":"open","sticky":false,"template":"","format":"standard","meta":{"footnotes":""},"categories":[19,8,10,7,3],"tags":[10386,14604,5952],"class_list":{"0":"post-156904","1":"post","2":"type-post","3":"status-publish","4":"format-standard","5":"has-post-thumbnail","7":"category-alborache","8":"category-la-comarca","9":"category-la-hoya","10":"category-ocio-y-cultura","11":"category-seccion","12":"tag-alborache","13":"tag-festival-pantalla-alborache","14":"tag-la-hoya-de-bunol-chiva"},"_links":{"self":[{"href":"https:\/\/www.tucomarca.com\/wordpress\/segunda\/wp-json\/wp\/v2\/posts\/156904","targetHints":{"allow":["GET"]}}],"collection":[{"href":"https:\/\/www.tucomarca.com\/wordpress\/segunda\/wp-json\/wp\/v2\/posts"}],"about":[{"href":"https:\/\/www.tucomarca.com\/wordpress\/segunda\/wp-json\/wp\/v2\/types\/post"}],"author":[{"embeddable":true,"href":"https:\/\/www.tucomarca.com\/wordpress\/segunda\/wp-json\/wp\/v2\/users\/12"}],"replies":[{"embeddable":true,"href":"https:\/\/www.tucomarca.com\/wordpress\/segunda\/wp-json\/wp\/v2\/comments?post=156904"}],"version-history":[{"count":0,"href":"https:\/\/www.tucomarca.com\/wordpress\/segunda\/wp-json\/wp\/v2\/posts\/156904\/revisions"}],"wp:featuredmedia":[{"embeddable":true,"href":"https:\/\/www.tucomarca.com\/wordpress\/segunda\/wp-json\/wp\/v2\/media\/156924"}],"wp:attachment":[{"href":"https:\/\/www.tucomarca.com\/wordpress\/segunda\/wp-json\/wp\/v2\/media?parent=156904"}],"wp:term":[{"taxonomy":"category","embeddable":true,"href":"https:\/\/www.tucomarca.com\/wordpress\/segunda\/wp-json\/wp\/v2\/categories?post=156904"},{"taxonomy":"post_tag","embeddable":true,"href":"https:\/\/www.tucomarca.com\/wordpress\/segunda\/wp-json\/wp\/v2\/tags?post=156904"}],"curies":[{"name":"wp","href":"https:\/\/api.w.org\/{rel}","templated":true}]}}