{"id":157031,"date":"2022-05-13T14:00:00","date_gmt":"2022-05-13T12:00:00","guid":{"rendered":"http:\/\/www.tucomarca.com\/wordpress\/segunda\/?p=157031"},"modified":"2022-05-13T19:36:12","modified_gmt":"2022-05-13T17:36:12","slug":"las-nuevas-generaciones-del-pp-presentan-en-los-ayuntamientos-de-la-hoya-una-mocion-para-solicitar-la-incorporacion-de-la-comarca-en-la-tarjeta-suma","status":"publish","type":"post","link":"https:\/\/www.tucomarca.com\/wordpress\/segunda\/las-nuevas-generaciones-del-pp-presentan-en-los-ayuntamientos-de-la-hoya-una-mocion-para-solicitar-la-incorporacion-de-la-comarca-en-la-tarjeta-suma\/","title":{"rendered":"Las Nuevas Generaciones del PP presentan en los ayuntamientos de La Hoya una moci\u00f3n para solicitar la incorporaci\u00f3n de la comarca en la Tarjeta SUMA"},"content":{"rendered":"\n<h4 class=\"wp-block-heading\">Desde el Partido Popular se busca integrar a estos municipios dentro del nuevo t\u00edtulo de transporte valenciano y conseguir as\u00ed importantes ventajas y descuentos para los vecinos.<\/h4>\n\n\n\n<p>\u00abEl pasado 31 de enero entr\u00f3 en funcionamiento la&nbsp;Tarjeta SUMA, los nuevos t\u00edtulos de la Autoridad del Transporte Metropolitano de Valencia (ATMV) que permiten viajar con una misma tarjeta por el \u00c1rea Metropolitana utilizando&nbsp;<em>Metrovalencia<\/em>,&nbsp;<em>EMT<\/em>,&nbsp;<em>RENFE Cercan\u00edas&nbsp;<\/em>y&nbsp;<em>MetroBus<\/em>. Este nuevo t\u00edtulo permite, adem\u00e1s, hacer&nbsp;transbordo gratuito&nbsp;entre diferentes medios de transporte o entre dos l\u00edneas distintas de EMT o de MetroBus\u00bb, recuerdan desde las Nuevas Generaciones del PP.<\/p>\n\n\n\n<p>\u00abLas&nbsp;tarifas&nbsp;de los t\u00edtulos de la ATMV&nbsp;bajan entre un 11% y un 55%. Este descuento es a\u00fan mayor si se tiene en cuenta que se han reducido el n\u00famero de zonas, se ha incluido un nuevo operador a los t\u00edtulos integrados (<em>RENFE Cercan\u00edas<\/em>) y que existe la posibilidad de hacer un transbordo gratuito. Adem\u00e1s, existe SUMA Mensual&nbsp;Jove. SUMA Mensual con un&nbsp;descuento adicional del 15%&nbsp;para los titulares del Carnet Jove\u00bb.<\/p>\n\n\n\n<p>\u00abSin embargo, los vecinos de nuestra comarca\u00a0no son beneficiarios\u00a0de las ventajas que otorga esta tarjeta, ya que NO est\u00e1 incluida dentro de la Tarjeta SUMA\u00bb, tal como denuncian desde NN GG del PP de la comarca.<\/p>\n\n\n\n<p>En los mapas zonales de esta tarjeta se observa c\u00f3mo&nbsp;nuestra comarca&nbsp;de&nbsp;<em>La Hoya de Bu\u00f1ol &#8211; Chiva&nbsp;<\/em>queda relegada&nbsp;de estos descuentos. En la l\u00ednea de&nbsp;MetroBus, la tarjeta tiene como&nbsp;\u00faltima zona&nbsp;el&nbsp;<em>Pol. Ind. la Reva,&nbsp;<\/em>dejando de lado a los municipios de&nbsp;<em>Cheste, Chiva, Bu\u00f1ol, Godelleta, Turis, Alborache, Macastre&nbsp;<\/em>y&nbsp;<em>Y\u00e1tova.<\/em> En la l\u00ednea de&nbsp;<em>RENFE Cercan\u00edas<\/em>, la tarjeta tiene como&nbsp;\u00faltima parada&nbsp;beneficiaria&nbsp;<em>Loriguilla-Reva<\/em>, dejando sin descuentos las paradas de&nbsp;<em>Circuito R. Tormo, Cheste, Chiva, Bu\u00f1ol, Venta Mina&nbsp;<\/em>y&nbsp;<em>Siete Aguas.<\/em><\/p>\n\n\n\n<p>\u00abDestacar que dentro del Plan Reactiva que present\u00f3 la Generalitat a inicio del mes de abril se incluye la propuesta de&nbsp;\u201c<em>ampliaci\u00f3n del t\u00edtulo \u00fanico de transporte p\u00fablico SUMA a toda la red de cercan\u00edas Val\u00e8ncia-Castell\u00f3 de la Plana<\/em>\u201d, sin que a d\u00eda de hoy&nbsp;se haya concretado&nbsp;esta medida ni se sepa si va a&nbsp;afectar a la l\u00ednea C-3&nbsp;de la que depende nuestro pueblo\u00bb, a\u00f1aden.<\/p>\n\n\n\n<p>\u00abPor ejemplo, en&nbsp;<em>Chiva<\/em>, para la red de&nbsp;<em>Renfe Cercan\u00edas&nbsp;<\/em>el actual&nbsp;Bono 10 Trasbordo&nbsp;cuesta&nbsp;25,15\u20ac, con la tarjeta Suma 10&nbsp;pasar\u00eda&nbsp;a costar&nbsp;12 \u20ac. El abono&nbsp;mensual limitado&nbsp;de&nbsp;81,15\u20ac&nbsp;pasar\u00eda a costar&nbsp;53 \u20ac&nbsp;con&nbsp;Suma Mensual&nbsp;y se rebajar\u00eda a&nbsp;45.05 \u20ac&nbsp;con&nbsp;Suma Mensual Joven.&nbsp;Se trata de descuentos econ\u00f3micos considerables. Por lo tanto, consideramos que la&nbsp;implantaci\u00f3n de la tarjeta SUMA&nbsp;en el en la&nbsp;comarca de&nbsp;<em>la Hoya de Bu\u00f1ol &#8211; Chiva&nbsp;<\/em>es necesaria y urgente\u00bb.<\/p>\n\n\n\n<p>\u00abLos vecinos que se desplazan a Valencia a&nbsp;estudiar,&nbsp;trabajar&nbsp;o realizar cualquier&nbsp;tr\u00e1mite&nbsp;ver\u00edan en el&nbsp;transporte p\u00fablico&nbsp;una opci\u00f3n&nbsp;asequible&nbsp;y&nbsp;c\u00f3moda, al solo utilizar&nbsp;un t\u00edtulo para toda la red&nbsp;de transporte p\u00fablico. Actualmente, se est\u00e1 provocando que los&nbsp;estudiantes universitarios&nbsp;emigren a Valencia a&nbsp;pisos de estudiantes&nbsp;para que puedan buscar&nbsp;un futuro mejor. Desde las administraciones tenemos en nuestro deber dar a estos j\u00f3venes la&nbsp;posibilidad de vivir en nuestro pueblo&nbsp;y as\u00ed&nbsp;evitar un envejecimiento&nbsp;de la poblaci\u00f3n, que es uno de los grandes retos de la Espa\u00f1a rural\u00bb.<\/p>\n\n\n\n<p>\u00abIgual sucede con todos aquellos vecinos que viven en las&nbsp;urbanizaciones&nbsp;y utilizan el&nbsp;<em>Metrob\u00fas&nbsp;<\/em>diariamente para ir a&nbsp;<em>Valencia<\/em>. El&nbsp;agravio comparativo&nbsp;que sufren en relaci\u00f3n con otras zonas de la provincia mucho m\u00e1s lejanas de&nbsp;<em>Valencia&nbsp;<\/em>tiene que acabar. Adem\u00e1s, no solo estamos hablando de dinero, sino tambi\u00e9n de&nbsp;comodidad. Esta medida supone, por ejemplo, que con una sola tarjeta desde la estaci\u00f3n de Bu\u00f1ol se pueda&nbsp;llegar al Campus&nbsp;Universitario de Burjassot&nbsp;sin necesidad&nbsp;de utilizar&nbsp;m\u00e1s t\u00edtulos&nbsp;ni pagar m\u00e1s trasbordos. Sin dejar de lado que para las&nbsp;personas mayores&nbsp;es mucho m\u00e1s&nbsp;sencillo&nbsp;manejarse con&nbsp;un solo carn\u00e9\u00bb.<\/p>\n\n\n\n<p>\u00abAsimismo, la tarjeta Suma tambi\u00e9n beneficiar\u00e1 la&nbsp;movilidad dentro de la comarca&nbsp;entre pueblos como&nbsp;<em>Bu\u00f1ol&nbsp;<\/em>y&nbsp;<em>Cheste<\/em>, siendo beneficioso tambi\u00e9n para estos usuarios y los que vayan a&nbsp;otros destinos de la red&nbsp;de la Tarjeta Suma. Por eso, a propuesta de&nbsp;Nuevas Generaciones, el&nbsp;Partido Popular&nbsp;ha presentado mociones en los municipios de&nbsp;<em>Chiva y Bu\u00f1ol&nbsp;<\/em>para que se inste a la Generalitat Valenciana y a la Autoridad del Transporte Metropolitano de Valencia (ATMV) a&nbsp;la inclusi\u00f3n de la comarca dentro de la Tarjeta SUMA\u00bb.<\/p>\n\n\n\n<p>En los municipios de&nbsp;<em>Godelleta, Cheste, Y\u00e1tova, Macastre y Alborache;&nbsp;<\/em>tambi\u00e9n se est\u00e1 estudiando la presentaci\u00f3n de esta moci\u00f3n por parte del&nbsp;Partido Popular.<\/p>\n","protected":false},"excerpt":{"rendered":"<div class=\"mh-excerpt\">Desde el Partido Popular se busca integrar a estos municipios dentro del nuevo t\u00edtulo de transporte valenciano y conseguir as\u00ed importantes ventajas y descuentos para los vecinos. \u00abEl pasado 31 de enero entr\u00f3 en funcionamiento <a class=\"mh-excerpt-more\" href=\"https:\/\/www.tucomarca.com\/wordpress\/segunda\/las-nuevas-generaciones-del-pp-presentan-en-los-ayuntamientos-de-la-hoya-una-mocion-para-solicitar-la-incorporacion-de-la-comarca-en-la-tarjeta-suma\/\" title=\"Las Nuevas Generaciones del PP presentan en los ayuntamientos de La Hoya una moci\u00f3n para solicitar la incorporaci\u00f3n de la comarca en la Tarjeta SUMA\">[+] <\/a><\/div>\n","protected":false},"author":1,"featured_media":157032,"comment_status":"open","ping_status":"open","sticky":false,"template":"","format":"standard","meta":{"footnotes":""},"categories":[19,18,17,16,15,14,128,8,72,10,13,142,3,12,11],"tags":[5952,2457,705,7279],"class_list":{"0":"post-157031","1":"post","2":"type-post","3":"status-publish","4":"format-standard","5":"has-post-thumbnail","7":"category-alborache","8":"category-bunol","9":"category-cheste","10":"category-chiva","11":"category-dos-aguas","12":"category-godelleta","13":"category-infraestructuras","14":"category-la-comarca","15":"category-sin-categorizar","16":"category-la-hoya","17":"category-macastre","18":"category-politica-la-comarca","19":"category-seccion","20":"category-siete-aguas","21":"category-yatova","22":"tag-la-hoya-de-bunol-chiva","23":"tag-nngg","24":"tag-nuevas-generaciones","25":"tag-partido-popular"},"_links":{"self":[{"href":"https:\/\/www.tucomarca.com\/wordpress\/segunda\/wp-json\/wp\/v2\/posts\/157031","targetHints":{"allow":["GET"]}}],"collection":[{"href":"https:\/\/www.tucomarca.com\/wordpress\/segunda\/wp-json\/wp\/v2\/posts"}],"about":[{"href":"https:\/\/www.tucomarca.com\/wordpress\/segunda\/wp-json\/wp\/v2\/types\/post"}],"author":[{"embeddable":true,"href":"https:\/\/www.tucomarca.com\/wordpress\/segunda\/wp-json\/wp\/v2\/users\/1"}],"replies":[{"embeddable":true,"href":"https:\/\/www.tucomarca.com\/wordpress\/segunda\/wp-json\/wp\/v2\/comments?post=157031"}],"version-history":[{"count":0,"href":"https:\/\/www.tucomarca.com\/wordpress\/segunda\/wp-json\/wp\/v2\/posts\/157031\/revisions"}],"wp:featuredmedia":[{"embeddable":true,"href":"https:\/\/www.tucomarca.com\/wordpress\/segunda\/wp-json\/wp\/v2\/media\/157032"}],"wp:attachment":[{"href":"https:\/\/www.tucomarca.com\/wordpress\/segunda\/wp-json\/wp\/v2\/media?parent=157031"}],"wp:term":[{"taxonomy":"category","embeddable":true,"href":"https:\/\/www.tucomarca.com\/wordpress\/segunda\/wp-json\/wp\/v2\/categories?post=157031"},{"taxonomy":"post_tag","embeddable":true,"href":"https:\/\/www.tucomarca.com\/wordpress\/segunda\/wp-json\/wp\/v2\/tags?post=157031"}],"curies":[{"name":"wp","href":"https:\/\/api.w.org\/{rel}","templated":true}]}}