{"id":157135,"date":"2022-05-13T20:08:00","date_gmt":"2022-05-13T18:08:00","guid":{"rendered":"http:\/\/www.tucomarca.com\/wordpress\/segunda\/?p=157135"},"modified":"2022-05-14T12:21:00","modified_gmt":"2022-05-14T10:21:00","slug":"el-partido-popular-estara-en-el-mercado-municipal-de-requena-informando-sobre-la-reforma-fiscal-para-la-comunidad-valenciana","status":"publish","type":"post","link":"https:\/\/www.tucomarca.com\/wordpress\/segunda\/el-partido-popular-estara-en-el-mercado-municipal-de-requena-informando-sobre-la-reforma-fiscal-para-la-comunidad-valenciana\/","title":{"rendered":"El Partido Popular estar\u00e1 en el Mercado Municipal de Requena informando sobre la Reforma Fiscal para la Comunidad Valenciana"},"content":{"rendered":"\n<h4 class=\"wp-block-heading\">La informaci\u00f3n sobre rebaja fiscal del Partido Popular ser\u00e1 ofrecida entre el primer y segundo tramo de la avenida Arrabal&nbsp;<\/h4>\n\n\n\n<p>El Partido Popular estar\u00e1 presente este s\u00e1bado 14 de mayo por la ma\u00f1ana entre el primer y segundo tramo de la avenida Arrabal para ofrecer la informaci\u00f3n relativa a la reforma fiscal que pretende ofrecer a nivel auton\u00f3mico.&nbsp;<\/p>\n\n\n\n<p>En la bajada de impuestos que plantea el PPCV, los salarios m\u00e1s bajos y las familias con mayores necesidades pagar\u00edan un 31% menos de impuestos.<\/p>\n\n\n\n<p>Desde el Partido Popular invita a visitar la carpa que se instalar\u00e1 este s\u00e1bado en el mercado municipal de Requena y as\u00ed poder informarse de las propuestas que plantea el Partido Popular de la Comunidad Valenciana. Informa, <strong>Luis Ib\u00e1\u00f1ez.<\/strong><\/p>\n","protected":false},"excerpt":{"rendered":"<div class=\"mh-excerpt\">La informaci\u00f3n sobre rebaja fiscal del Partido Popular ser\u00e1 ofrecida entre el primer y segundo tramo de la avenida Arrabal&nbsp; El Partido Popular estar\u00e1 presente este s\u00e1bado 14 de mayo por la ma\u00f1ana entre el <a class=\"mh-excerpt-more\" href=\"https:\/\/www.tucomarca.com\/wordpress\/segunda\/el-partido-popular-estara-en-el-mercado-municipal-de-requena-informando-sobre-la-reforma-fiscal-para-la-comunidad-valenciana\/\" title=\"El Partido Popular estar\u00e1 en el Mercado Municipal de Requena informando sobre la Reforma Fiscal para la Comunidad Valenciana\">[+] <\/a><\/div>\n","protected":false},"author":12,"featured_media":138030,"comment_status":"open","ping_status":"open","sticky":false,"template":"","format":"standard","meta":{"footnotes":""},"categories":[128,8,142,28,27,3],"tags":[16654,10388,10387],"class_list":{"0":"post-157135","1":"post","2":"type-post","3":"status-publish","4":"format-standard","5":"has-post-thumbnail","7":"category-infraestructuras","8":"category-la-comarca","9":"category-politica-la-comarca","10":"category-requena","11":"category-requena-utiel","12":"category-seccion","13":"tag-pp-de-requena","14":"tag-requena","15":"tag-requena-utiel"},"_links":{"self":[{"href":"https:\/\/www.tucomarca.com\/wordpress\/segunda\/wp-json\/wp\/v2\/posts\/157135","targetHints":{"allow":["GET"]}}],"collection":[{"href":"https:\/\/www.tucomarca.com\/wordpress\/segunda\/wp-json\/wp\/v2\/posts"}],"about":[{"href":"https:\/\/www.tucomarca.com\/wordpress\/segunda\/wp-json\/wp\/v2\/types\/post"}],"author":[{"embeddable":true,"href":"https:\/\/www.tucomarca.com\/wordpress\/segunda\/wp-json\/wp\/v2\/users\/12"}],"replies":[{"embeddable":true,"href":"https:\/\/www.tucomarca.com\/wordpress\/segunda\/wp-json\/wp\/v2\/comments?post=157135"}],"version-history":[{"count":0,"href":"https:\/\/www.tucomarca.com\/wordpress\/segunda\/wp-json\/wp\/v2\/posts\/157135\/revisions"}],"wp:featuredmedia":[{"embeddable":true,"href":"https:\/\/www.tucomarca.com\/wordpress\/segunda\/wp-json\/wp\/v2\/media\/138030"}],"wp:attachment":[{"href":"https:\/\/www.tucomarca.com\/wordpress\/segunda\/wp-json\/wp\/v2\/media?parent=157135"}],"wp:term":[{"taxonomy":"category","embeddable":true,"href":"https:\/\/www.tucomarca.com\/wordpress\/segunda\/wp-json\/wp\/v2\/categories?post=157135"},{"taxonomy":"post_tag","embeddable":true,"href":"https:\/\/www.tucomarca.com\/wordpress\/segunda\/wp-json\/wp\/v2\/tags?post=157135"}],"curies":[{"name":"wp","href":"https:\/\/api.w.org\/{rel}","templated":true}]}}