{"id":157515,"date":"2022-05-18T10:00:00","date_gmt":"2022-05-18T08:00:00","guid":{"rendered":"http:\/\/www.tucomarca.com\/wordpress\/segunda\/?p=157515"},"modified":"2022-05-19T10:07:01","modified_gmt":"2022-05-19T08:07:01","slug":"el-circuit-ricardo-tormo-celebra-la-segunda-carrera-del-fim-juniorgp","status":"publish","type":"post","link":"https:\/\/www.tucomarca.com\/wordpress\/segunda\/el-circuit-ricardo-tormo-celebra-la-segunda-carrera-del-fim-juniorgp\/","title":{"rendered":"El Circuit Ricardo Tormo celebra la segunda carrera del FIM JuniorGP"},"content":{"rendered":"\n<p>El Circuit Ricardo Tormo celebra el fin de semana del 21 y 22 de mayo la segunda prueba puntuable para el Finetwork FIM JuniorGP, la nueva denominaci\u00f3n del certamen internacional que sirve como antesala para el Campeonato del Mundo de Motociclismo.&nbsp;<br><br>Un total de 119 pilotos completan las listas de inscritos de las tres categor\u00edas que forman el FIM JuniorGP. 33 pilotos ser\u00e1n de la partida en el mundial junior de Moto3 liderados por el tailand\u00e9s Tatchakorn Buasri (Honda), que fue el ganador de la primera carrera celebrada en el trazado portugu\u00e9s de Estoril. Jos\u00e9 Antonio Rueda (Honda), David Salvador (Hvsvarna), David Alonso (Gas Gas) y Adri\u00e1n Cruces (KTM) ser\u00e1n algunos de los candidatos a la victoria en las dos carreras programadas para el domingo.&nbsp;<br><br>El alem\u00e1n Lukas Tulovic (Triumph) lidera la clasificaci\u00f3n general de la categor\u00eda de Moto2 tras las dos carreras de Estoril, seguido por el australiano Senna Agius (Kalex) y el italiano Mattia Rato (Kalex). Los pilotos de Moto2 compartir\u00e1n pista con los de Stock 600 liderados por el piloto del equipo Fau55 Tey Racing Alex Ruiz (Yamaha) y con la participaci\u00f3n del piloto de la Cuna de Campeones Juan Rodr\u00edguez. En total, 34 pilotos formar\u00e1n la parrilla de salida de la carrera del domingo.&nbsp;<br><br>La categor\u00eda m\u00e1s concurrida es la Hawkers European Talent Cup. Un total de 52 j\u00f3venes se ver\u00e1n obligados a celebrar los entrenamientos divididos en dos grupos. El pupilo del Aspar Team, Joel Esteban, es el l\u00edder tras su doblete en el estreno del certamen en Portugal.&nbsp;<br><br>La escuela del Circuit, la Cuna de Campeones, estar\u00e1 presente en las tres categor\u00edas con sus pilotos Adri\u00e1n Cruces y Doah Dettwiller en Moto3, Juan Rodr\u00edguez en Stock y el piloto indio Geoffrey Emmanuel en la Hawkers European Talent Cup.&nbsp;<br><br>Los entrenamientos se celebrar\u00e1n de jueves a s\u00e1bado y el domingo tendr\u00e1n lugar las cinco carreras programadas desde las 11 horas con entrada libre para todos los aficionados.<\/p>\n","protected":false},"excerpt":{"rendered":"<div class=\"mh-excerpt\">El Circuit Ricardo Tormo celebra el fin de semana del 21 y 22 de mayo la segunda prueba puntuable para el Finetwork FIM JuniorGP, la nueva denominaci\u00f3n del certamen internacional que sirve como antesala para <a class=\"mh-excerpt-more\" href=\"https:\/\/www.tucomarca.com\/wordpress\/segunda\/el-circuit-ricardo-tormo-celebra-la-segunda-carrera-del-fim-juniorgp\/\" title=\"El Circuit Ricardo Tormo celebra la segunda carrera del FIM JuniorGP\">[+] <\/a><\/div>\n","protected":false},"author":12,"featured_media":157517,"comment_status":"open","ping_status":"open","sticky":false,"template":"","format":"standard","meta":{"footnotes":""},"categories":[17,6,8,72,10,91,3],"tags":[339,10474,17153,10716],"class_list":{"0":"post-157515","1":"post","2":"type-post","3":"status-publish","4":"format-standard","5":"has-post-thumbnail","7":"category-cheste","8":"category-deportes","9":"category-la-comarca","10":"category-sin-categorizar","11":"category-la-hoya","12":"category-motociclismo","13":"category-seccion","14":"tag-cheste-2","15":"tag-circuit-ricardo-tormo","16":"tag-fim-juniorgp","17":"tag-generalitat-valenciana"},"_links":{"self":[{"href":"https:\/\/www.tucomarca.com\/wordpress\/segunda\/wp-json\/wp\/v2\/posts\/157515","targetHints":{"allow":["GET"]}}],"collection":[{"href":"https:\/\/www.tucomarca.com\/wordpress\/segunda\/wp-json\/wp\/v2\/posts"}],"about":[{"href":"https:\/\/www.tucomarca.com\/wordpress\/segunda\/wp-json\/wp\/v2\/types\/post"}],"author":[{"embeddable":true,"href":"https:\/\/www.tucomarca.com\/wordpress\/segunda\/wp-json\/wp\/v2\/users\/12"}],"replies":[{"embeddable":true,"href":"https:\/\/www.tucomarca.com\/wordpress\/segunda\/wp-json\/wp\/v2\/comments?post=157515"}],"version-history":[{"count":0,"href":"https:\/\/www.tucomarca.com\/wordpress\/segunda\/wp-json\/wp\/v2\/posts\/157515\/revisions"}],"wp:featuredmedia":[{"embeddable":true,"href":"https:\/\/www.tucomarca.com\/wordpress\/segunda\/wp-json\/wp\/v2\/media\/157517"}],"wp:attachment":[{"href":"https:\/\/www.tucomarca.com\/wordpress\/segunda\/wp-json\/wp\/v2\/media?parent=157515"}],"wp:term":[{"taxonomy":"category","embeddable":true,"href":"https:\/\/www.tucomarca.com\/wordpress\/segunda\/wp-json\/wp\/v2\/categories?post=157515"},{"taxonomy":"post_tag","embeddable":true,"href":"https:\/\/www.tucomarca.com\/wordpress\/segunda\/wp-json\/wp\/v2\/tags?post=157515"}],"curies":[{"name":"wp","href":"https:\/\/api.w.org\/{rel}","templated":true}]}}