{"id":157770,"date":"2022-05-23T09:10:00","date_gmt":"2022-05-23T07:10:00","guid":{"rendered":"http:\/\/www.tucomarca.com\/wordpress\/segunda\/?p=157770"},"modified":"2022-05-23T22:00:00","modified_gmt":"2022-05-23T20:00:00","slug":"la-ii-feria-de-medio-ambiente-de-cheste-llena-el-parque-de-la-lomiquia-con-talleres-puestos-y-musica-en-directo","status":"publish","type":"post","link":"https:\/\/www.tucomarca.com\/wordpress\/segunda\/la-ii-feria-de-medio-ambiente-de-cheste-llena-el-parque-de-la-lomiquia-con-talleres-puestos-y-musica-en-directo\/","title":{"rendered":"La II Feria de Medio Ambiente de Cheste llena el Parque de La Lomiquia con talleres, puestos y m\u00fasica en directo"},"content":{"rendered":"\n<p>El parque de la Lomiquia durante el pasado fin de semana ha albergado la II Feria de Medio Ambiente de Cheste, que ha contado con 23 stands con propuestas de concienciaci\u00f3n ambiental a trav\u00e9s de peque\u00f1os proyectos de Cheste y la comarca, de Valencia e incluso de Andaluc\u00eda, que han ofrecido productos artesanos respetuosos con el entorno, informaci\u00f3n sobre diferentes iniciativas medioambientales y talleres y actividades de educaci\u00f3n ambiental.&nbsp;<\/p>\n\n\n\n<p>Adem\u00e1s, durante los tres d\u00edas el p\u00fablico asistente ha disfrutado de m\u00fasica en directo en todas las franjas horarias, de una tirolina para ni\u00f1os y ni\u00f1as y, paralelamente, se ha celebrado el congreso de cactus de la Asociaci\u00f3n de Cactus y Suculentas en el \u00e1gora del parque.&nbsp;<\/p>\n\n\n\n<p>La concejal\u00eda de Medio Ambiente, organizadora del evento, tambi\u00e9n instal\u00f3 su propio puesto, dando talleres para familias sobre bombas de semillas y fauna ib\u00e9rica y ofreciendo merchadising sostenible. Por su parte, la mancomunidad particip\u00f3 con otro stand con educadores y educadoras ambientales centrado en la concienciaci\u00f3n sobre la correcta separaci\u00f3n de residuos, especialmente de la fracci\u00f3n org\u00e1nica.<\/p>\n\n\n\n<p>\u201cCon esta iniciativa pretendemos que cualquiera que venga se pueda inspirar para adquirir h\u00e1bitos m\u00e1s respetuosos con nuestro entorno en su d\u00eda a d\u00eda, como la compra a granel de productos sostenibles, la gesti\u00f3n responsable de recursos para reducir el impacto en el Medio Ambiente o el acercamiento a las actividades deportivas en sinton\u00eda con el entorno\u201d, explicaba el concejal de Medio Ambiente, David Pujals.<\/p>\n\n\n\n<p>En esta ocasi\u00f3n la feria se ha unido a las celebraciones del d\u00eda Internacional de la Biodiversidad, centrando la acci\u00f3n educativa en este \u00e1mbito. En este sentido se instal\u00f3 una pancarta de gran formato en la que la gente escribi\u00f3 mensajes relacionados con la conservaci\u00f3n y se instalaron carteles explicativos para poner en valor la importancia de la biodiversidad, sensibilizando sobre su actual p\u00e9rdida acelerada.<\/p>\n\n\n\n<p>\u201cEsta feria lleva mucho trabajo detr\u00e1s, desde enero estamos contactando con los puestos que participaron el a\u00f1o pasado e intentando sumar nuevos proyectos; hemos duplicado los puestos, organizado m\u00e1s talleres, contratado una tirolina a cargo de una empresa especializada y hemos conseguido que la mancomunidad forme parte del proyecto; tambi\u00e9n hemos intentado dar m\u00e1s visibilidad a la feria en redes sociales creando un photocall artesanal para que la gente comparta sus fotos\u201d, explicaba la t\u00e9cnica de Medio Ambiente municipal, Sandra Fraile.<\/p>\n\n\n\n<p>El domingo, la feria alberg\u00f3 la entrega de premios del II certamen de fotograf\u00eda Cheste Verde, que adem\u00e1s de otorgar el trofeo correspondiente a cada uno de los premiados y premiadas, consistente en un bons\u00e1i, tuvo una menci\u00f3n especial para el Centro de Educaci\u00f3n Especial Virgen de La Esperanza, que agradeci\u00f3 su implicaci\u00f3n en la iniciativa con una emotiva carta que explicaba lo que significan las actividades de Educaci\u00f3n Ambiental para el alumnado. El centro present\u00f3 una serie de fotograf\u00edas relacionadas con las abejas para poner en valor su importancia para la conservaci\u00f3n de la biodiversidad. Todas las fotograf\u00edas estuvieron expuestas durante la celebraci\u00f3n de la feria.<\/p>\n\n\n\n<p>\u201cAgradezco a la gente el \u00e9xito de asistencia, a los responsables de los stands su participaci\u00f3n, a los grupos de m\u00fasica, a los t\u00e9cnicos y t\u00e9cnicas municipales y a las empresas su aportaci\u00f3n, ya que entre todos y todas han hecho posible que este feria se celebre por segunda vez, llegando m\u00e1s lejos\u201d, apuntaba Pujals.<\/p>\n\n\n\n<figure class=\"wp-block-gallery columns-2 is-cropped wp-block-gallery-1 is-layout-flex wp-block-gallery-is-layout-flex\"><ul class=\"blocks-gallery-grid\"><li class=\"blocks-gallery-item\"><figure><img loading=\"lazy\" decoding=\"async\" width=\"1024\" height=\"682\" src=\"https:\/\/www.tucomarca.com\/wordpress\/segunda\/wp-content\/uploads\/2022\/05\/ChesteFeriaMedioAmbiente01-1024x682.jpg\" alt=\"\" data-id=\"157777\" data-full-url=\"https:\/\/www.tucomarca.com\/wordpress\/segunda\/wp-content\/uploads\/2022\/05\/ChesteFeriaMedioAmbiente01.jpg\" data-link=\"https:\/\/www.tucomarca.com\/wordpress\/segunda\/?attachment_id=157777\" class=\"wp-image-157777\" srcset=\"https:\/\/www.tucomarca.com\/wordpress\/segunda\/wp-content\/uploads\/2022\/05\/ChesteFeriaMedioAmbiente01-1024x682.jpg 1024w, https:\/\/www.tucomarca.com\/wordpress\/segunda\/wp-content\/uploads\/2022\/05\/ChesteFeriaMedioAmbiente01-300x200.jpg 300w, https:\/\/www.tucomarca.com\/wordpress\/segunda\/wp-content\/uploads\/2022\/05\/ChesteFeriaMedioAmbiente01-768x512.jpg 768w, https:\/\/www.tucomarca.com\/wordpress\/segunda\/wp-content\/uploads\/2022\/05\/ChesteFeriaMedioAmbiente01.jpg 1181w\" sizes=\"auto, (max-width: 1024px) 100vw, 1024px\" \/><\/figure><\/li><li class=\"blocks-gallery-item\"><figure><img loading=\"lazy\" decoding=\"async\" width=\"1024\" height=\"682\" src=\"https:\/\/www.tucomarca.com\/wordpress\/segunda\/wp-content\/uploads\/2022\/05\/ChesteFeriaMedioAmbiente02-1024x682.jpg\" alt=\"\" data-id=\"157779\" data-full-url=\"https:\/\/www.tucomarca.com\/wordpress\/segunda\/wp-content\/uploads\/2022\/05\/ChesteFeriaMedioAmbiente02.jpg\" data-link=\"https:\/\/www.tucomarca.com\/wordpress\/segunda\/?attachment_id=157779\" class=\"wp-image-157779\" srcset=\"https:\/\/www.tucomarca.com\/wordpress\/segunda\/wp-content\/uploads\/2022\/05\/ChesteFeriaMedioAmbiente02-1024x682.jpg 1024w, https:\/\/www.tucomarca.com\/wordpress\/segunda\/wp-content\/uploads\/2022\/05\/ChesteFeriaMedioAmbiente02-300x200.jpg 300w, https:\/\/www.tucomarca.com\/wordpress\/segunda\/wp-content\/uploads\/2022\/05\/ChesteFeriaMedioAmbiente02-768x512.jpg 768w, https:\/\/www.tucomarca.com\/wordpress\/segunda\/wp-content\/uploads\/2022\/05\/ChesteFeriaMedioAmbiente02.jpg 1181w\" sizes=\"auto, (max-width: 1024px) 100vw, 1024px\" \/><\/figure><\/li><li class=\"blocks-gallery-item\"><figure><img loading=\"lazy\" decoding=\"async\" width=\"1024\" height=\"682\" src=\"https:\/\/www.tucomarca.com\/wordpress\/segunda\/wp-content\/uploads\/2022\/05\/ChesteFeriaMedioAmbiente03-1024x682.jpg\" alt=\"\" data-id=\"157781\" data-full-url=\"https:\/\/www.tucomarca.com\/wordpress\/segunda\/wp-content\/uploads\/2022\/05\/ChesteFeriaMedioAmbiente03.jpg\" data-link=\"https:\/\/www.tucomarca.com\/wordpress\/segunda\/?attachment_id=157781\" class=\"wp-image-157781\" srcset=\"https:\/\/www.tucomarca.com\/wordpress\/segunda\/wp-content\/uploads\/2022\/05\/ChesteFeriaMedioAmbiente03-1024x682.jpg 1024w, https:\/\/www.tucomarca.com\/wordpress\/segunda\/wp-content\/uploads\/2022\/05\/ChesteFeriaMedioAmbiente03-300x200.jpg 300w, https:\/\/www.tucomarca.com\/wordpress\/segunda\/wp-content\/uploads\/2022\/05\/ChesteFeriaMedioAmbiente03-768x512.jpg 768w, https:\/\/www.tucomarca.com\/wordpress\/segunda\/wp-content\/uploads\/2022\/05\/ChesteFeriaMedioAmbiente03.jpg 1181w\" sizes=\"auto, (max-width: 1024px) 100vw, 1024px\" \/><\/figure><\/li><li class=\"blocks-gallery-item\"><figure><img loading=\"lazy\" decoding=\"async\" width=\"1024\" height=\"682\" src=\"https:\/\/www.tucomarca.com\/wordpress\/segunda\/wp-content\/uploads\/2022\/05\/ChesteFeriaMedioAmbiente04-1024x682.jpg\" alt=\"\" data-id=\"157783\" data-full-url=\"https:\/\/www.tucomarca.com\/wordpress\/segunda\/wp-content\/uploads\/2022\/05\/ChesteFeriaMedioAmbiente04.jpg\" data-link=\"https:\/\/www.tucomarca.com\/wordpress\/segunda\/?attachment_id=157783\" class=\"wp-image-157783\" srcset=\"https:\/\/www.tucomarca.com\/wordpress\/segunda\/wp-content\/uploads\/2022\/05\/ChesteFeriaMedioAmbiente04-1024x682.jpg 1024w, https:\/\/www.tucomarca.com\/wordpress\/segunda\/wp-content\/uploads\/2022\/05\/ChesteFeriaMedioAmbiente04-300x200.jpg 300w, https:\/\/www.tucomarca.com\/wordpress\/segunda\/wp-content\/uploads\/2022\/05\/ChesteFeriaMedioAmbiente04-768x512.jpg 768w, https:\/\/www.tucomarca.com\/wordpress\/segunda\/wp-content\/uploads\/2022\/05\/ChesteFeriaMedioAmbiente04.jpg 1181w\" sizes=\"auto, (max-width: 1024px) 100vw, 1024px\" \/><\/figure><\/li><li class=\"blocks-gallery-item\"><figure><img loading=\"lazy\" decoding=\"async\" width=\"1024\" height=\"682\" src=\"https:\/\/www.tucomarca.com\/wordpress\/segunda\/wp-content\/uploads\/2022\/05\/ChesteFeriaMedioAmbiente05-1024x682.jpg\" alt=\"\" data-id=\"157785\" data-full-url=\"https:\/\/www.tucomarca.com\/wordpress\/segunda\/wp-content\/uploads\/2022\/05\/ChesteFeriaMedioAmbiente05.jpg\" data-link=\"https:\/\/www.tucomarca.com\/wordpress\/segunda\/?attachment_id=157785\" class=\"wp-image-157785\" srcset=\"https:\/\/www.tucomarca.com\/wordpress\/segunda\/wp-content\/uploads\/2022\/05\/ChesteFeriaMedioAmbiente05-1024x682.jpg 1024w, https:\/\/www.tucomarca.com\/wordpress\/segunda\/wp-content\/uploads\/2022\/05\/ChesteFeriaMedioAmbiente05-300x200.jpg 300w, https:\/\/www.tucomarca.com\/wordpress\/segunda\/wp-content\/uploads\/2022\/05\/ChesteFeriaMedioAmbiente05-768x512.jpg 768w, https:\/\/www.tucomarca.com\/wordpress\/segunda\/wp-content\/uploads\/2022\/05\/ChesteFeriaMedioAmbiente05.jpg 1181w\" sizes=\"auto, (max-width: 1024px) 100vw, 1024px\" \/><\/figure><\/li><li class=\"blocks-gallery-item\"><figure><img loading=\"lazy\" decoding=\"async\" width=\"1024\" height=\"682\" src=\"https:\/\/www.tucomarca.com\/wordpress\/segunda\/wp-content\/uploads\/2022\/05\/ChesteFeriaMedioAmbiente06-1024x682.jpg\" alt=\"\" data-id=\"157787\" data-full-url=\"https:\/\/www.tucomarca.com\/wordpress\/segunda\/wp-content\/uploads\/2022\/05\/ChesteFeriaMedioAmbiente06.jpg\" data-link=\"https:\/\/www.tucomarca.com\/wordpress\/segunda\/?attachment_id=157787\" class=\"wp-image-157787\" srcset=\"https:\/\/www.tucomarca.com\/wordpress\/segunda\/wp-content\/uploads\/2022\/05\/ChesteFeriaMedioAmbiente06-1024x682.jpg 1024w, https:\/\/www.tucomarca.com\/wordpress\/segunda\/wp-content\/uploads\/2022\/05\/ChesteFeriaMedioAmbiente06-300x200.jpg 300w, https:\/\/www.tucomarca.com\/wordpress\/segunda\/wp-content\/uploads\/2022\/05\/ChesteFeriaMedioAmbiente06-768x512.jpg 768w, https:\/\/www.tucomarca.com\/wordpress\/segunda\/wp-content\/uploads\/2022\/05\/ChesteFeriaMedioAmbiente06.jpg 1181w\" sizes=\"auto, (max-width: 1024px) 100vw, 1024px\" \/><\/figure><\/li><li class=\"blocks-gallery-item\"><figure><img loading=\"lazy\" decoding=\"async\" width=\"1024\" height=\"682\" src=\"https:\/\/www.tucomarca.com\/wordpress\/segunda\/wp-content\/uploads\/2022\/05\/ChesteFeriaMedioAmbiente07-1024x682.jpg\" alt=\"\" data-id=\"157789\" data-full-url=\"https:\/\/www.tucomarca.com\/wordpress\/segunda\/wp-content\/uploads\/2022\/05\/ChesteFeriaMedioAmbiente07.jpg\" data-link=\"https:\/\/www.tucomarca.com\/wordpress\/segunda\/?attachment_id=157789\" class=\"wp-image-157789\" srcset=\"https:\/\/www.tucomarca.com\/wordpress\/segunda\/wp-content\/uploads\/2022\/05\/ChesteFeriaMedioAmbiente07-1024x682.jpg 1024w, https:\/\/www.tucomarca.com\/wordpress\/segunda\/wp-content\/uploads\/2022\/05\/ChesteFeriaMedioAmbiente07-300x200.jpg 300w, https:\/\/www.tucomarca.com\/wordpress\/segunda\/wp-content\/uploads\/2022\/05\/ChesteFeriaMedioAmbiente07-768x512.jpg 768w, https:\/\/www.tucomarca.com\/wordpress\/segunda\/wp-content\/uploads\/2022\/05\/ChesteFeriaMedioAmbiente07.jpg 1181w\" sizes=\"auto, (max-width: 1024px) 100vw, 1024px\" \/><\/figure><\/li><li class=\"blocks-gallery-item\"><figure><img loading=\"lazy\" decoding=\"async\" width=\"1024\" height=\"682\" src=\"https:\/\/www.tucomarca.com\/wordpress\/segunda\/wp-content\/uploads\/2022\/05\/ChesteFeriaMedioAmbiente08-1024x682.jpg\" alt=\"\" data-id=\"157791\" data-full-url=\"https:\/\/www.tucomarca.com\/wordpress\/segunda\/wp-content\/uploads\/2022\/05\/ChesteFeriaMedioAmbiente08.jpg\" data-link=\"https:\/\/www.tucomarca.com\/wordpress\/segunda\/?attachment_id=157791\" class=\"wp-image-157791\" srcset=\"https:\/\/www.tucomarca.com\/wordpress\/segunda\/wp-content\/uploads\/2022\/05\/ChesteFeriaMedioAmbiente08-1024x682.jpg 1024w, https:\/\/www.tucomarca.com\/wordpress\/segunda\/wp-content\/uploads\/2022\/05\/ChesteFeriaMedioAmbiente08-300x200.jpg 300w, https:\/\/www.tucomarca.com\/wordpress\/segunda\/wp-content\/uploads\/2022\/05\/ChesteFeriaMedioAmbiente08-768x512.jpg 768w, https:\/\/www.tucomarca.com\/wordpress\/segunda\/wp-content\/uploads\/2022\/05\/ChesteFeriaMedioAmbiente08.jpg 1181w\" sizes=\"auto, (max-width: 1024px) 100vw, 1024px\" \/><\/figure><\/li><li class=\"blocks-gallery-item\"><figure><img loading=\"lazy\" decoding=\"async\" width=\"1024\" height=\"682\" src=\"https:\/\/www.tucomarca.com\/wordpress\/segunda\/wp-content\/uploads\/2022\/05\/ChesteFeriaMedioAmbiente09-1024x682.jpg\" alt=\"\" data-id=\"157793\" data-full-url=\"https:\/\/www.tucomarca.com\/wordpress\/segunda\/wp-content\/uploads\/2022\/05\/ChesteFeriaMedioAmbiente09.jpg\" data-link=\"https:\/\/www.tucomarca.com\/wordpress\/segunda\/?attachment_id=157793\" class=\"wp-image-157793\" srcset=\"https:\/\/www.tucomarca.com\/wordpress\/segunda\/wp-content\/uploads\/2022\/05\/ChesteFeriaMedioAmbiente09-1024x682.jpg 1024w, https:\/\/www.tucomarca.com\/wordpress\/segunda\/wp-content\/uploads\/2022\/05\/ChesteFeriaMedioAmbiente09-300x200.jpg 300w, https:\/\/www.tucomarca.com\/wordpress\/segunda\/wp-content\/uploads\/2022\/05\/ChesteFeriaMedioAmbiente09-768x512.jpg 768w, https:\/\/www.tucomarca.com\/wordpress\/segunda\/wp-content\/uploads\/2022\/05\/ChesteFeriaMedioAmbiente09.jpg 1181w\" sizes=\"auto, (max-width: 1024px) 100vw, 1024px\" \/><\/figure><\/li><li class=\"blocks-gallery-item\"><figure><img loading=\"lazy\" decoding=\"async\" width=\"1024\" height=\"682\" src=\"https:\/\/www.tucomarca.com\/wordpress\/segunda\/wp-content\/uploads\/2022\/05\/ChesteFeriaMedioAmbiente10-1024x682.jpg\" alt=\"\" data-id=\"157795\" data-full-url=\"https:\/\/www.tucomarca.com\/wordpress\/segunda\/wp-content\/uploads\/2022\/05\/ChesteFeriaMedioAmbiente10.jpg\" data-link=\"https:\/\/www.tucomarca.com\/wordpress\/segunda\/?attachment_id=157795\" class=\"wp-image-157795\" srcset=\"https:\/\/www.tucomarca.com\/wordpress\/segunda\/wp-content\/uploads\/2022\/05\/ChesteFeriaMedioAmbiente10-1024x682.jpg 1024w, https:\/\/www.tucomarca.com\/wordpress\/segunda\/wp-content\/uploads\/2022\/05\/ChesteFeriaMedioAmbiente10-300x200.jpg 300w, https:\/\/www.tucomarca.com\/wordpress\/segunda\/wp-content\/uploads\/2022\/05\/ChesteFeriaMedioAmbiente10-768x512.jpg 768w, https:\/\/www.tucomarca.com\/wordpress\/segunda\/wp-content\/uploads\/2022\/05\/ChesteFeriaMedioAmbiente10.jpg 1181w\" sizes=\"auto, (max-width: 1024px) 100vw, 1024px\" \/><\/figure><\/li><li class=\"blocks-gallery-item\"><figure><img loading=\"lazy\" decoding=\"async\" width=\"1024\" height=\"682\" src=\"https:\/\/www.tucomarca.com\/wordpress\/segunda\/wp-content\/uploads\/2022\/05\/ChesteFeriaMedioAmbiente11-1024x682.jpg\" alt=\"\" data-id=\"157797\" data-full-url=\"https:\/\/www.tucomarca.com\/wordpress\/segunda\/wp-content\/uploads\/2022\/05\/ChesteFeriaMedioAmbiente11.jpg\" data-link=\"https:\/\/www.tucomarca.com\/wordpress\/segunda\/?attachment_id=157797\" class=\"wp-image-157797\" srcset=\"https:\/\/www.tucomarca.com\/wordpress\/segunda\/wp-content\/uploads\/2022\/05\/ChesteFeriaMedioAmbiente11-1024x682.jpg 1024w, https:\/\/www.tucomarca.com\/wordpress\/segunda\/wp-content\/uploads\/2022\/05\/ChesteFeriaMedioAmbiente11-300x200.jpg 300w, https:\/\/www.tucomarca.com\/wordpress\/segunda\/wp-content\/uploads\/2022\/05\/ChesteFeriaMedioAmbiente11-768x512.jpg 768w, https:\/\/www.tucomarca.com\/wordpress\/segunda\/wp-content\/uploads\/2022\/05\/ChesteFeriaMedioAmbiente11.jpg 1181w\" sizes=\"auto, (max-width: 1024px) 100vw, 1024px\" \/><\/figure><\/li><li class=\"blocks-gallery-item\"><figure><img loading=\"lazy\" decoding=\"async\" width=\"1024\" height=\"682\" src=\"https:\/\/www.tucomarca.com\/wordpress\/segunda\/wp-content\/uploads\/2022\/05\/ChesteFeriaMedioAmbiente12-1024x682.jpg\" alt=\"\" data-id=\"157799\" data-full-url=\"https:\/\/www.tucomarca.com\/wordpress\/segunda\/wp-content\/uploads\/2022\/05\/ChesteFeriaMedioAmbiente12.jpg\" data-link=\"https:\/\/www.tucomarca.com\/wordpress\/segunda\/?attachment_id=157799\" class=\"wp-image-157799\" srcset=\"https:\/\/www.tucomarca.com\/wordpress\/segunda\/wp-content\/uploads\/2022\/05\/ChesteFeriaMedioAmbiente12-1024x682.jpg 1024w, https:\/\/www.tucomarca.com\/wordpress\/segunda\/wp-content\/uploads\/2022\/05\/ChesteFeriaMedioAmbiente12-300x200.jpg 300w, https:\/\/www.tucomarca.com\/wordpress\/segunda\/wp-content\/uploads\/2022\/05\/ChesteFeriaMedioAmbiente12-768x512.jpg 768w, https:\/\/www.tucomarca.com\/wordpress\/segunda\/wp-content\/uploads\/2022\/05\/ChesteFeriaMedioAmbiente12.jpg 1181w\" sizes=\"auto, (max-width: 1024px) 100vw, 1024px\" \/><\/figure><\/li><li class=\"blocks-gallery-item\"><figure><img loading=\"lazy\" decoding=\"async\" width=\"1024\" height=\"575\" src=\"https:\/\/www.tucomarca.com\/wordpress\/segunda\/wp-content\/uploads\/2022\/05\/ChesteFeriaMedioAmbiente13-1024x575.jpg\" alt=\"\" data-id=\"157801\" data-full-url=\"https:\/\/www.tucomarca.com\/wordpress\/segunda\/wp-content\/uploads\/2022\/05\/ChesteFeriaMedioAmbiente13.jpg\" data-link=\"https:\/\/www.tucomarca.com\/wordpress\/segunda\/?attachment_id=157801\" class=\"wp-image-157801\" srcset=\"https:\/\/www.tucomarca.com\/wordpress\/segunda\/wp-content\/uploads\/2022\/05\/ChesteFeriaMedioAmbiente13-1024x575.jpg 1024w, https:\/\/www.tucomarca.com\/wordpress\/segunda\/wp-content\/uploads\/2022\/05\/ChesteFeriaMedioAmbiente13-300x168.jpg 300w, https:\/\/www.tucomarca.com\/wordpress\/segunda\/wp-content\/uploads\/2022\/05\/ChesteFeriaMedioAmbiente13-768x431.jpg 768w, https:\/\/www.tucomarca.com\/wordpress\/segunda\/wp-content\/uploads\/2022\/05\/ChesteFeriaMedioAmbiente13-678x381.jpg 678w, https:\/\/www.tucomarca.com\/wordpress\/segunda\/wp-content\/uploads\/2022\/05\/ChesteFeriaMedioAmbiente13.jpg 1181w\" sizes=\"auto, (max-width: 1024px) 100vw, 1024px\" \/><\/figure><\/li><li class=\"blocks-gallery-item\"><figure><img loading=\"lazy\" decoding=\"async\" width=\"1024\" height=\"549\" src=\"https:\/\/www.tucomarca.com\/wordpress\/segunda\/wp-content\/uploads\/2022\/05\/ChesteFeriaMedioAmbiente14-1024x549.jpg\" alt=\"\" data-id=\"157803\" data-full-url=\"https:\/\/www.tucomarca.com\/wordpress\/segunda\/wp-content\/uploads\/2022\/05\/ChesteFeriaMedioAmbiente14.jpg\" data-link=\"https:\/\/www.tucomarca.com\/wordpress\/segunda\/?attachment_id=157803\" class=\"wp-image-157803\" srcset=\"https:\/\/www.tucomarca.com\/wordpress\/segunda\/wp-content\/uploads\/2022\/05\/ChesteFeriaMedioAmbiente14-1024x549.jpg 1024w, https:\/\/www.tucomarca.com\/wordpress\/segunda\/wp-content\/uploads\/2022\/05\/ChesteFeriaMedioAmbiente14-300x161.jpg 300w, https:\/\/www.tucomarca.com\/wordpress\/segunda\/wp-content\/uploads\/2022\/05\/ChesteFeriaMedioAmbiente14-768x412.jpg 768w, https:\/\/www.tucomarca.com\/wordpress\/segunda\/wp-content\/uploads\/2022\/05\/ChesteFeriaMedioAmbiente14.jpg 1181w\" sizes=\"auto, (max-width: 1024px) 100vw, 1024px\" \/><\/figure><\/li><\/ul><\/figure>\n","protected":false},"excerpt":{"rendered":"<div class=\"mh-excerpt\">El parque de la Lomiquia durante el pasado fin de semana ha albergado la II Feria de Medio Ambiente de Cheste, que ha contado con 23 stands con propuestas de concienciaci\u00f3n ambiental a trav\u00e9s de <a class=\"mh-excerpt-more\" href=\"https:\/\/www.tucomarca.com\/wordpress\/segunda\/la-ii-feria-de-medio-ambiente-de-cheste-llena-el-parque-de-la-lomiquia-con-talleres-puestos-y-musica-en-directo\/\" title=\"La II Feria de Medio Ambiente de Cheste llena el Parque de La Lomiquia con talleres, puestos y m\u00fasica en directo\">[+] <\/a><\/div>\n","protected":false},"author":12,"featured_media":157799,"comment_status":"open","ping_status":"open","sticky":false,"template":"","format":"gallery","meta":{"footnotes":""},"categories":[17,8,10,117,7,3],"tags":[339,13679,17126,5952],"class_list":{"0":"post-157770","1":"post","2":"type-post","3":"status-publish","4":"format-gallery","5":"has-post-thumbnail","7":"category-cheste","8":"category-la-comarca","9":"category-la-hoya","10":"category-medio-ambiente-la-comarca","11":"category-ocio-y-cultura","12":"category-seccion","13":"tag-cheste-2","14":"tag-cheste-verde","15":"tag-ii-feria-de-medio-ambiente","16":"tag-la-hoya-de-bunol-chiva","17":"post_format-post-format-gallery"},"_links":{"self":[{"href":"https:\/\/www.tucomarca.com\/wordpress\/segunda\/wp-json\/wp\/v2\/posts\/157770","targetHints":{"allow":["GET"]}}],"collection":[{"href":"https:\/\/www.tucomarca.com\/wordpress\/segunda\/wp-json\/wp\/v2\/posts"}],"about":[{"href":"https:\/\/www.tucomarca.com\/wordpress\/segunda\/wp-json\/wp\/v2\/types\/post"}],"author":[{"embeddable":true,"href":"https:\/\/www.tucomarca.com\/wordpress\/segunda\/wp-json\/wp\/v2\/users\/12"}],"replies":[{"embeddable":true,"href":"https:\/\/www.tucomarca.com\/wordpress\/segunda\/wp-json\/wp\/v2\/comments?post=157770"}],"version-history":[{"count":0,"href":"https:\/\/www.tucomarca.com\/wordpress\/segunda\/wp-json\/wp\/v2\/posts\/157770\/revisions"}],"wp:featuredmedia":[{"embeddable":true,"href":"https:\/\/www.tucomarca.com\/wordpress\/segunda\/wp-json\/wp\/v2\/media\/157799"}],"wp:attachment":[{"href":"https:\/\/www.tucomarca.com\/wordpress\/segunda\/wp-json\/wp\/v2\/media?parent=157770"}],"wp:term":[{"taxonomy":"category","embeddable":true,"href":"https:\/\/www.tucomarca.com\/wordpress\/segunda\/wp-json\/wp\/v2\/categories?post=157770"},{"taxonomy":"post_tag","embeddable":true,"href":"https:\/\/www.tucomarca.com\/wordpress\/segunda\/wp-json\/wp\/v2\/tags?post=157770"}],"curies":[{"name":"wp","href":"https:\/\/api.w.org\/{rel}","templated":true}]}}