{"id":157830,"date":"2022-05-23T08:55:00","date_gmt":"2022-05-23T06:55:00","guid":{"rendered":"http:\/\/www.tucomarca.com\/wordpress\/segunda\/?p=157830"},"modified":"2022-05-23T22:07:20","modified_gmt":"2022-05-23T20:07:20","slug":"el-ciclo-musica-en-primavera-lleva-al-liceo-de-cheste-un-encuentro-de-bandas-juveniles-y-el-espectaculo-divina-aberracion-de-cashalada","status":"publish","type":"post","link":"https:\/\/www.tucomarca.com\/wordpress\/segunda\/el-ciclo-musica-en-primavera-lleva-al-liceo-de-cheste-un-encuentro-de-bandas-juveniles-y-el-espectaculo-divina-aberracion-de-cashalada\/","title":{"rendered":"El ciclo M\u00fasica en Primavera lleva al Liceo de Cheste un encuentro de bandas juveniles y el espect\u00e1culo \u00abDivina Aberraci\u00f3n\u00bb de Cashalada"},"content":{"rendered":"\n<h4 class=\"wp-block-heading\">Continuan las actuaciones del ciclo M\u00fasica en Primavera, organizado por la concejal\u00eda de Cultura del Ayuntamiento de Cheste.<\/h4>\n\n\n\n<p>El s\u00e1bado, 21 de mayo, las agrupaciones juveniles de las asociaciones musicales La Primitiva de Ll\u00edria y La Lira de Cheste ofrecieron un concierto en el teatro Liceo que atrajo a p\u00fablico de las dos poblaciones.<\/p>\n\n\n\n<p>En la primera parte, la banda juvenil edetana interpret\u00f3 <em>Pepita Greus,<\/em> de Pascual P\u00e9rez; <em>Blue Overture,<\/em> de Xavier Zamorano; <em>The Beatles in Concert,<\/em> de John Lennon y Paul McCartney y <em>La m\u00e1scara del zorro<\/em>, de James Horner. Por su parte, la banda juvenil de Cheste interpret\u00f3 en la segunda parte del concierto <em>Youth Music<\/em>, de Frank Cogollos; <em>Bolero per a Llu\u00eds<\/em>, de Azael Tormo; <em>Baghira, <\/em>de Ferrer Ferr\u00e1n y <em>Coliseum<\/em>, de Hugo Chinesta.<\/p>\n\n\n\n<p>El evento cont\u00f3 con la presencia del presidente de la Banda Primitiva de Ll\u00edria, Jos\u00e9 Luis P\u00e9rez Veses, quien recibi\u00f3 un detalle de manos del presidente de la asociaci\u00f3n anfitriona, Gerardo P\u00e9rez Checa.<\/p>\n\n\n\n<p>El domingo, 22 de mayo, la compa\u00f1\u00eda valenciana Cashalada puso en escena su espect\u00e1culo <em>Divina aberraci\u00f3n<\/em>. Bajo la direcci\u00f3n de Joan Font, el d\u00fao formado por No\u00e8lia P\u00e9rez y Josep Zapater plante\u00f3 un canto a la debilidad humana, cuestionando el bien y el mal a trav\u00e9s de momentos musicales y dramat\u00fargicos construidos con una mirada amplia, abierta y gamberra que no dej\u00f3 impasible al p\u00fablico.<\/p>\n\n\n\n<p><strong>Pr\u00f3ximas actuaciones<\/strong><\/p>\n\n\n\n<p>El ciclo musical continuar\u00e1 el domingo, 29 de mayo, con la actuaci\u00f3n de Triapas\u00f3n y su montaje Sobrepasadas. A las 19:00 en el teatro Liceo.<\/p>\n\n\n\n<figure class=\"wp-block-gallery columns-2 is-cropped wp-block-gallery-1 is-layout-flex wp-block-gallery-is-layout-flex\"><ul class=\"blocks-gallery-grid\"><li class=\"blocks-gallery-item\"><figure><img loading=\"lazy\" decoding=\"async\" width=\"1024\" height=\"682\" src=\"https:\/\/www.tucomarca.com\/wordpress\/segunda\/wp-content\/uploads\/2022\/05\/ChesteConciertoBandasJuveniles02-1024x682.jpg\" alt=\"\" data-id=\"157837\" data-full-url=\"https:\/\/www.tucomarca.com\/wordpress\/segunda\/wp-content\/uploads\/2022\/05\/ChesteConciertoBandasJuveniles02.jpg\" data-link=\"https:\/\/www.tucomarca.com\/wordpress\/segunda\/?attachment_id=157837\" class=\"wp-image-157837\" srcset=\"https:\/\/www.tucomarca.com\/wordpress\/segunda\/wp-content\/uploads\/2022\/05\/ChesteConciertoBandasJuveniles02-1024x682.jpg 1024w, https:\/\/www.tucomarca.com\/wordpress\/segunda\/wp-content\/uploads\/2022\/05\/ChesteConciertoBandasJuveniles02-300x200.jpg 300w, https:\/\/www.tucomarca.com\/wordpress\/segunda\/wp-content\/uploads\/2022\/05\/ChesteConciertoBandasJuveniles02-768x512.jpg 768w, https:\/\/www.tucomarca.com\/wordpress\/segunda\/wp-content\/uploads\/2022\/05\/ChesteConciertoBandasJuveniles02.jpg 1181w\" sizes=\"auto, (max-width: 1024px) 100vw, 1024px\" \/><\/figure><\/li><li class=\"blocks-gallery-item\"><figure><img loading=\"lazy\" decoding=\"async\" width=\"1024\" height=\"682\" src=\"https:\/\/www.tucomarca.com\/wordpress\/segunda\/wp-content\/uploads\/2022\/05\/ChesteConciertoBandasJuveniles03-1024x682.jpg\" alt=\"\" data-id=\"157833\" data-full-url=\"https:\/\/www.tucomarca.com\/wordpress\/segunda\/wp-content\/uploads\/2022\/05\/ChesteConciertoBandasJuveniles03.jpg\" data-link=\"https:\/\/www.tucomarca.com\/wordpress\/segunda\/?attachment_id=157833\" class=\"wp-image-157833\" srcset=\"https:\/\/www.tucomarca.com\/wordpress\/segunda\/wp-content\/uploads\/2022\/05\/ChesteConciertoBandasJuveniles03-1024x682.jpg 1024w, https:\/\/www.tucomarca.com\/wordpress\/segunda\/wp-content\/uploads\/2022\/05\/ChesteConciertoBandasJuveniles03-300x200.jpg 300w, https:\/\/www.tucomarca.com\/wordpress\/segunda\/wp-content\/uploads\/2022\/05\/ChesteConciertoBandasJuveniles03-768x512.jpg 768w, https:\/\/www.tucomarca.com\/wordpress\/segunda\/wp-content\/uploads\/2022\/05\/ChesteConciertoBandasJuveniles03.jpg 1181w\" sizes=\"auto, (max-width: 1024px) 100vw, 1024px\" \/><\/figure><\/li><li class=\"blocks-gallery-item\"><figure><img loading=\"lazy\" decoding=\"async\" width=\"1024\" height=\"682\" src=\"https:\/\/www.tucomarca.com\/wordpress\/segunda\/wp-content\/uploads\/2022\/05\/ChesteConciertoBandasJuveniles04-1024x682.jpg\" alt=\"\" data-id=\"157835\" data-full-url=\"https:\/\/www.tucomarca.com\/wordpress\/segunda\/wp-content\/uploads\/2022\/05\/ChesteConciertoBandasJuveniles04.jpg\" data-link=\"https:\/\/www.tucomarca.com\/wordpress\/segunda\/?attachment_id=157835\" class=\"wp-image-157835\" srcset=\"https:\/\/www.tucomarca.com\/wordpress\/segunda\/wp-content\/uploads\/2022\/05\/ChesteConciertoBandasJuveniles04-1024x682.jpg 1024w, https:\/\/www.tucomarca.com\/wordpress\/segunda\/wp-content\/uploads\/2022\/05\/ChesteConciertoBandasJuveniles04-300x200.jpg 300w, https:\/\/www.tucomarca.com\/wordpress\/segunda\/wp-content\/uploads\/2022\/05\/ChesteConciertoBandasJuveniles04-768x512.jpg 768w, https:\/\/www.tucomarca.com\/wordpress\/segunda\/wp-content\/uploads\/2022\/05\/ChesteConciertoBandasJuveniles04.jpg 1181w\" sizes=\"auto, (max-width: 1024px) 100vw, 1024px\" \/><\/figure><\/li><\/ul><\/figure>\n","protected":false},"excerpt":{"rendered":"<div class=\"mh-excerpt\">Continuan las actuaciones del ciclo M\u00fasica en Primavera, organizado por la concejal\u00eda de Cultura del Ayuntamiento de Cheste. El s\u00e1bado, 21 de mayo, las agrupaciones juveniles de las asociaciones musicales La Primitiva de Ll\u00edria y <a class=\"mh-excerpt-more\" href=\"https:\/\/www.tucomarca.com\/wordpress\/segunda\/el-ciclo-musica-en-primavera-lleva-al-liceo-de-cheste-un-encuentro-de-bandas-juveniles-y-el-espectaculo-divina-aberracion-de-cashalada\/\" title=\"El ciclo M\u00fasica en Primavera lleva al Liceo de Cheste un encuentro de bandas juveniles y el espect\u00e1culo \u00abDivina Aberraci\u00f3n\u00bb de Cashalada\">[+] <\/a><\/div>\n","protected":false},"author":12,"featured_media":157839,"comment_status":"open","ping_status":"open","sticky":false,"template":"","format":"gallery","meta":{"footnotes":""},"categories":[66,17,8,10,7,3],"tags":[339,4446,5952,10487,17185],"class_list":{"0":"post-157830","1":"post","2":"type-post","3":"status-publish","4":"format-gallery","5":"has-post-thumbnail","7":"category-musica","8":"category-cheste","9":"category-la-comarca","10":"category-la-hoya","11":"category-ocio-y-cultura","12":"category-seccion","13":"tag-cheste-2","14":"tag-ciclo-musica-en-primavera","15":"tag-la-hoya-de-bunol-chiva","16":"tag-la-lira-de-cheste","17":"tag-la-primitiva-de-lliria","18":"post_format-post-format-gallery"},"_links":{"self":[{"href":"https:\/\/www.tucomarca.com\/wordpress\/segunda\/wp-json\/wp\/v2\/posts\/157830","targetHints":{"allow":["GET"]}}],"collection":[{"href":"https:\/\/www.tucomarca.com\/wordpress\/segunda\/wp-json\/wp\/v2\/posts"}],"about":[{"href":"https:\/\/www.tucomarca.com\/wordpress\/segunda\/wp-json\/wp\/v2\/types\/post"}],"author":[{"embeddable":true,"href":"https:\/\/www.tucomarca.com\/wordpress\/segunda\/wp-json\/wp\/v2\/users\/12"}],"replies":[{"embeddable":true,"href":"https:\/\/www.tucomarca.com\/wordpress\/segunda\/wp-json\/wp\/v2\/comments?post=157830"}],"version-history":[{"count":0,"href":"https:\/\/www.tucomarca.com\/wordpress\/segunda\/wp-json\/wp\/v2\/posts\/157830\/revisions"}],"wp:featuredmedia":[{"embeddable":true,"href":"https:\/\/www.tucomarca.com\/wordpress\/segunda\/wp-json\/wp\/v2\/media\/157839"}],"wp:attachment":[{"href":"https:\/\/www.tucomarca.com\/wordpress\/segunda\/wp-json\/wp\/v2\/media?parent=157830"}],"wp:term":[{"taxonomy":"category","embeddable":true,"href":"https:\/\/www.tucomarca.com\/wordpress\/segunda\/wp-json\/wp\/v2\/categories?post=157830"},{"taxonomy":"post_tag","embeddable":true,"href":"https:\/\/www.tucomarca.com\/wordpress\/segunda\/wp-json\/wp\/v2\/tags?post=157830"}],"curies":[{"name":"wp","href":"https:\/\/api.w.org\/{rel}","templated":true}]}}