{"id":157934,"date":"2022-05-24T17:15:00","date_gmt":"2022-05-24T15:15:00","guid":{"rendered":"http:\/\/www.tucomarca.com\/wordpress\/segunda\/?p=157934"},"modified":"2022-05-24T21:24:37","modified_gmt":"2022-05-24T19:24:37","slug":"mompo-reclama-mejores-servicios-e-infraestructuras-para-la-comarca-de-requena-utiel","status":"publish","type":"post","link":"https:\/\/www.tucomarca.com\/wordpress\/segunda\/mompo-reclama-mejores-servicios-e-infraestructuras-para-la-comarca-de-requena-utiel\/","title":{"rendered":"Momp\u00f3 reclama mejores servicios e infraestructuras para la comarca de Requena-Utiel"},"content":{"rendered":"\n<h4 class=\"wp-block-heading\">El presidente del Partido Popular en la provincia de Valencia ha visitado la comarca Requena-Utiel, donde ha reivindicado mejores servicios e infraestructuras.&nbsp;<\/h4>\n\n\n\n<p>En su visita, Momp\u00f3, acompa\u00f1ado por el senador, Fernando de Rosa, el diputado nacional, Vicente Betoret, y&nbsp; el coordinador de la comarca Requena-Utiel, Alberto Garc\u00eda, entre otros cargos institucionales y org\u00e1nicos del Partido Popular, ha recorrido los museos de la Vendimia y&nbsp; de la Semana Santa de Requena, para despu\u00e9s detenerse en la estaci\u00f3n de ferrocarril de \u2018Las Cuevas de Utiel\u2019 , donde ha reivindicado el restablecimiento de esta estaci\u00f3n que el Gobierno ha suprimido junto a la de Camporrobles.&nbsp;<\/p>\n\n\n\n<p>Momp\u00f3 ha reiterado \u00abla necesidad de servicios e infraestructuras para frenar la despoblaci\u00f3n de los municipios de interior\u201d y ha recordado que su grupo solicit\u00f3 en el \u00faltimo pleno de la Diputaci\u00f3n de Valencia \u201crestablecer el tren que conectaba Utiel con Cuenca\u201d. \u201cAnualmente circulaban 2.277 trenes con una utilizaci\u00f3n media de 44 pasajeros. Es una decisi\u00f3n que afecta a Camporrobles, a pedan\u00edas de Utiel y a otros municipios contiguos que utilizaban estas estaciones para sus viajes, como Villagordo del Cabriel o Fuenterrobles\u201d, ha detallado.<\/p>\n\n\n\n<p>Por otro parte, Momp\u00f3 ha lamentado el estado en el que se encuentra la antigua Nacional III en el tramo que da servicio a Caudete y Utiel. \u201cLos habitantes de estos municipios llevan desde 2019 esperando la rehabilitaci\u00f3n de esta carretera que, adem\u00e1s se trata de una v\u00eda muy transitada\u201d, ha criticado.<\/p>\n\n\n\n<p>\u201cNos negamos a que el Gobierno quiera hacer comarcas de primera y de segunda\u201d, ha apuntado. \u201cEl d\u00e9ficit de infraestructuras en las zonas rurales de nuestra provincia est\u00e1 lastrando su crecimiento. Existe una carencia de servicios que son imprescindibles y las vecinas y vecinos de estos municipios no pueden seguir as\u00ed. El plan de Ximo Puig y S\u00e1nchez para frenar la p\u00e9rdida de habitantes est\u00e1 siendo un fracaso y, por si fuera poco, ahora se dedican a eliminar transportes ferroviarios\u201d, ha criticado Momp\u00f3.<\/p>\n\n\n\n<p>La visita ha concluido con una comida en el Mol\u00f3n de Camporrobles a la que han asistido m\u00e1s de 100 afiliados y simpatizantes. Informa, Luis Ib\u00e1\u00f1ez.<\/p>\n","protected":false},"excerpt":{"rendered":"<div class=\"mh-excerpt\">El presidente del Partido Popular en la provincia de Valencia ha visitado la comarca Requena-Utiel, donde ha reivindicado mejores servicios e infraestructuras.&nbsp; En su visita, Momp\u00f3, acompa\u00f1ado por el senador, Fernando de Rosa, el diputado <a class=\"mh-excerpt-more\" href=\"https:\/\/www.tucomarca.com\/wordpress\/segunda\/mompo-reclama-mejores-servicios-e-infraestructuras-para-la-comarca-de-requena-utiel\/\" title=\"Momp\u00f3 reclama mejores servicios e infraestructuras para la comarca de Requena-Utiel\">[+] <\/a><\/div>\n","protected":false},"author":12,"featured_media":157936,"comment_status":"open","ping_status":"open","sticky":false,"template":"","format":"standard","meta":{"footnotes":""},"categories":[236,128,8,111,142,28,27,3,29,45],"tags":[7279,16791,10388,10387],"class_list":{"0":"post-157934","1":"post","2":"type-post","3":"status-publish","4":"format-standard","5":"has-post-thumbnail","7":"category-camporrobles","8":"category-infraestructuras","9":"category-la-comarca","10":"category-las-cuevas","11":"category-politica-la-comarca","12":"category-requena","13":"category-requena-utiel","14":"category-seccion","15":"category-utiel","16":"category-ventana","17":"tag-partido-popular","18":"tag-pp-de-requena-utiel","19":"tag-requena","20":"tag-requena-utiel"},"_links":{"self":[{"href":"https:\/\/www.tucomarca.com\/wordpress\/segunda\/wp-json\/wp\/v2\/posts\/157934","targetHints":{"allow":["GET"]}}],"collection":[{"href":"https:\/\/www.tucomarca.com\/wordpress\/segunda\/wp-json\/wp\/v2\/posts"}],"about":[{"href":"https:\/\/www.tucomarca.com\/wordpress\/segunda\/wp-json\/wp\/v2\/types\/post"}],"author":[{"embeddable":true,"href":"https:\/\/www.tucomarca.com\/wordpress\/segunda\/wp-json\/wp\/v2\/users\/12"}],"replies":[{"embeddable":true,"href":"https:\/\/www.tucomarca.com\/wordpress\/segunda\/wp-json\/wp\/v2\/comments?post=157934"}],"version-history":[{"count":0,"href":"https:\/\/www.tucomarca.com\/wordpress\/segunda\/wp-json\/wp\/v2\/posts\/157934\/revisions"}],"wp:featuredmedia":[{"embeddable":true,"href":"https:\/\/www.tucomarca.com\/wordpress\/segunda\/wp-json\/wp\/v2\/media\/157936"}],"wp:attachment":[{"href":"https:\/\/www.tucomarca.com\/wordpress\/segunda\/wp-json\/wp\/v2\/media?parent=157934"}],"wp:term":[{"taxonomy":"category","embeddable":true,"href":"https:\/\/www.tucomarca.com\/wordpress\/segunda\/wp-json\/wp\/v2\/categories?post=157934"},{"taxonomy":"post_tag","embeddable":true,"href":"https:\/\/www.tucomarca.com\/wordpress\/segunda\/wp-json\/wp\/v2\/tags?post=157934"}],"curies":[{"name":"wp","href":"https:\/\/api.w.org\/{rel}","templated":true}]}}