{"id":158258,"date":"2022-05-30T12:30:00","date_gmt":"2022-05-30T10:30:00","guid":{"rendered":"http:\/\/www.tucomarca.com\/wordpress\/segunda\/?p=158258"},"modified":"2022-05-31T11:38:00","modified_gmt":"2022-05-31T09:38:00","slug":"vuelve-el-mercadillo-solidario-a-cheste","status":"publish","type":"post","link":"https:\/\/www.tucomarca.com\/wordpress\/segunda\/vuelve-el-mercadillo-solidario-a-cheste\/","title":{"rendered":"Vuelve el mercadillo solidario a Cheste"},"content":{"rendered":"\n<p>El pasado viernes, 27 de mayo, la plaza Doctor Cajal fue una vez m\u00e1s, despu\u00e9s del par\u00f3n de la pandemia, el escenario para la celebraci\u00f3n del mercadillo solidario que organiza la concejal\u00eda de Educaci\u00f3n con la implicaci\u00f3n de los centros educativos de Cheste.<\/p>\n\n\n\n<p>A primera hora de la ma\u00f1ana los colegios montaron sus puestos de venta con artesan\u00eda realizada por el alumnado y el profesorado y objetos propios en desuso. La colaboraci\u00f3n en la iniciativa fue muy alta y sobre las 12:30 de la ma\u00f1ana ya estaba vendido casi todo, logrando una recaudaci\u00f3n de 1.405 euros, que en esta ocasi\u00f3n se ha destinado a C\u00e1ritas Cheste.<\/p>\n\n\n\n<figure class=\"wp-block-gallery columns-2 is-cropped wp-block-gallery-1 is-layout-flex wp-block-gallery-is-layout-flex\"><ul class=\"blocks-gallery-grid\"><li class=\"blocks-gallery-item\"><figure><img loading=\"lazy\" decoding=\"async\" width=\"1024\" height=\"682\" src=\"https:\/\/www.tucomarca.com\/wordpress\/segunda\/wp-content\/uploads\/2022\/05\/ChesteMercadilloSolidario_03-1024x682.jpg\" alt=\"\" data-id=\"158264\" data-full-url=\"https:\/\/www.tucomarca.com\/wordpress\/segunda\/wp-content\/uploads\/2022\/05\/ChesteMercadilloSolidario_03.jpg\" data-link=\"https:\/\/www.tucomarca.com\/wordpress\/segunda\/?attachment_id=158264\" class=\"wp-image-158264\" srcset=\"https:\/\/www.tucomarca.com\/wordpress\/segunda\/wp-content\/uploads\/2022\/05\/ChesteMercadilloSolidario_03-1024x682.jpg 1024w, https:\/\/www.tucomarca.com\/wordpress\/segunda\/wp-content\/uploads\/2022\/05\/ChesteMercadilloSolidario_03-300x200.jpg 300w, https:\/\/www.tucomarca.com\/wordpress\/segunda\/wp-content\/uploads\/2022\/05\/ChesteMercadilloSolidario_03-768x512.jpg 768w, https:\/\/www.tucomarca.com\/wordpress\/segunda\/wp-content\/uploads\/2022\/05\/ChesteMercadilloSolidario_03.jpg 1181w\" sizes=\"auto, (max-width: 1024px) 100vw, 1024px\" \/><\/figure><\/li><li class=\"blocks-gallery-item\"><figure><img loading=\"lazy\" decoding=\"async\" width=\"1024\" height=\"682\" src=\"https:\/\/www.tucomarca.com\/wordpress\/segunda\/wp-content\/uploads\/2022\/05\/ChesteMercadilloSolidario_01-1024x682.jpg\" alt=\"\" data-id=\"158260\" data-full-url=\"https:\/\/www.tucomarca.com\/wordpress\/segunda\/wp-content\/uploads\/2022\/05\/ChesteMercadilloSolidario_01.jpg\" data-link=\"https:\/\/www.tucomarca.com\/wordpress\/segunda\/?attachment_id=158260\" class=\"wp-image-158260\" srcset=\"https:\/\/www.tucomarca.com\/wordpress\/segunda\/wp-content\/uploads\/2022\/05\/ChesteMercadilloSolidario_01-1024x682.jpg 1024w, https:\/\/www.tucomarca.com\/wordpress\/segunda\/wp-content\/uploads\/2022\/05\/ChesteMercadilloSolidario_01-300x200.jpg 300w, https:\/\/www.tucomarca.com\/wordpress\/segunda\/wp-content\/uploads\/2022\/05\/ChesteMercadilloSolidario_01-768x512.jpg 768w, https:\/\/www.tucomarca.com\/wordpress\/segunda\/wp-content\/uploads\/2022\/05\/ChesteMercadilloSolidario_01.jpg 1181w\" sizes=\"auto, (max-width: 1024px) 100vw, 1024px\" \/><\/figure><\/li><li class=\"blocks-gallery-item\"><figure><img loading=\"lazy\" decoding=\"async\" width=\"1024\" height=\"682\" src=\"https:\/\/www.tucomarca.com\/wordpress\/segunda\/wp-content\/uploads\/2022\/05\/ChesteMercadilloSolidario_05-1024x682.jpg\" alt=\"\" data-id=\"158268\" data-full-url=\"https:\/\/www.tucomarca.com\/wordpress\/segunda\/wp-content\/uploads\/2022\/05\/ChesteMercadilloSolidario_05.jpg\" data-link=\"https:\/\/www.tucomarca.com\/wordpress\/segunda\/?attachment_id=158268\" class=\"wp-image-158268\" srcset=\"https:\/\/www.tucomarca.com\/wordpress\/segunda\/wp-content\/uploads\/2022\/05\/ChesteMercadilloSolidario_05-1024x682.jpg 1024w, https:\/\/www.tucomarca.com\/wordpress\/segunda\/wp-content\/uploads\/2022\/05\/ChesteMercadilloSolidario_05-300x200.jpg 300w, https:\/\/www.tucomarca.com\/wordpress\/segunda\/wp-content\/uploads\/2022\/05\/ChesteMercadilloSolidario_05-768x512.jpg 768w, https:\/\/www.tucomarca.com\/wordpress\/segunda\/wp-content\/uploads\/2022\/05\/ChesteMercadilloSolidario_05.jpg 1181w\" sizes=\"auto, (max-width: 1024px) 100vw, 1024px\" \/><\/figure><\/li><li class=\"blocks-gallery-item\"><figure><img loading=\"lazy\" decoding=\"async\" width=\"1024\" height=\"682\" src=\"https:\/\/www.tucomarca.com\/wordpress\/segunda\/wp-content\/uploads\/2022\/05\/ChesteMercadilloSolidario_02-1024x682.jpg\" alt=\"\" data-id=\"158262\" data-full-url=\"https:\/\/www.tucomarca.com\/wordpress\/segunda\/wp-content\/uploads\/2022\/05\/ChesteMercadilloSolidario_02.jpg\" data-link=\"https:\/\/www.tucomarca.com\/wordpress\/segunda\/?attachment_id=158262\" class=\"wp-image-158262\" srcset=\"https:\/\/www.tucomarca.com\/wordpress\/segunda\/wp-content\/uploads\/2022\/05\/ChesteMercadilloSolidario_02-1024x682.jpg 1024w, https:\/\/www.tucomarca.com\/wordpress\/segunda\/wp-content\/uploads\/2022\/05\/ChesteMercadilloSolidario_02-300x200.jpg 300w, https:\/\/www.tucomarca.com\/wordpress\/segunda\/wp-content\/uploads\/2022\/05\/ChesteMercadilloSolidario_02-768x512.jpg 768w, https:\/\/www.tucomarca.com\/wordpress\/segunda\/wp-content\/uploads\/2022\/05\/ChesteMercadilloSolidario_02.jpg 1181w\" sizes=\"auto, (max-width: 1024px) 100vw, 1024px\" \/><\/figure><\/li><li class=\"blocks-gallery-item\"><figure><img loading=\"lazy\" decoding=\"async\" width=\"1024\" height=\"682\" src=\"https:\/\/www.tucomarca.com\/wordpress\/segunda\/wp-content\/uploads\/2022\/05\/ChesteMercadilloSolidario_06-1024x682.jpg\" alt=\"\" data-id=\"158270\" data-full-url=\"https:\/\/www.tucomarca.com\/wordpress\/segunda\/wp-content\/uploads\/2022\/05\/ChesteMercadilloSolidario_06.jpg\" data-link=\"https:\/\/www.tucomarca.com\/wordpress\/segunda\/?attachment_id=158270\" class=\"wp-image-158270\" srcset=\"https:\/\/www.tucomarca.com\/wordpress\/segunda\/wp-content\/uploads\/2022\/05\/ChesteMercadilloSolidario_06-1024x682.jpg 1024w, https:\/\/www.tucomarca.com\/wordpress\/segunda\/wp-content\/uploads\/2022\/05\/ChesteMercadilloSolidario_06-300x200.jpg 300w, https:\/\/www.tucomarca.com\/wordpress\/segunda\/wp-content\/uploads\/2022\/05\/ChesteMercadilloSolidario_06-768x512.jpg 768w, https:\/\/www.tucomarca.com\/wordpress\/segunda\/wp-content\/uploads\/2022\/05\/ChesteMercadilloSolidario_06.jpg 1181w\" sizes=\"auto, (max-width: 1024px) 100vw, 1024px\" \/><\/figure><\/li><\/ul><\/figure>\n\n\n\n<p>El alumnado del CEIP Vicente Blasco Ib\u00e1\u00f1ez ofreci\u00f3 los pendientes y pulseras que no pudieron vender a causa de la pandemia y, adem\u00e1s, sumaron dos talleres, uno de corte y confecci\u00f3n de monederos medievales y otro de creaci\u00f3n de posavasos con teselas reutilizadas, que tuvieron mucho \u00e9xito. Por su parte, el CEIP Ana Lluch vendi\u00f3 diferentes objetos realizados artesanalmente por todo el alumnado del centro, entre los que destacaban curiosos llaveros y originales pinzas decoradas. El CEIP Francisco Giner de los R\u00edos y el colegio San Jos\u00e9 de la Monta\u00f1a optaron por traer juguetes, pel\u00edculas y otros materiales propios para darles una segunda vida.<\/p>\n\n\n\n<p>\u201cLa reanudaci\u00f3n del mercadillo solidario ha sido un \u00e9xito de participaci\u00f3n y los trabajos que han presentado los ni\u00f1os y ni\u00f1as, una maravilla\u201d, apuntaba la concejala de Educaci\u00f3n, M\u00aa \u00c1ngeles Llorente. \u201cEl objetivo de esta iniciativa es fomentar la solidaridad en los m\u00e1s peque\u00f1os con aquellas causas que creemos que son importantes; C\u00e1ritas hace una gran labor y por eso los centros han decidido destinarles la recaudaci\u00f3n este a\u00f1o\u201d.<\/p>\n\n\n\n<p>Al finalizar la ma\u00f1ana, parte del alumnado participante hizo entrega de las huchas con lo recaudado a los y las representantes de C\u00e1ritas.<\/p>\n\n\n\n<p>\u201cTodos los donativos que recibimos los destinamos \u00fanicamente a comprar comida no perecedera y bienes de primera necesidad para las cerca de 50 familias que recurren todas las semanas a nosotros. Ahora, con la subida de los precios, el dinero nos cunde mucho menos y tenemos que renunciar a comprar productos m\u00e1s caros, como el aceite, y optar por otros m\u00e1s econ\u00f3micos, como los huevos\u201d, explicaba Juan Arag\u00f3, desde la ONG C\u00e1ritas. \u201cOtro problema con el que nos encontramos es la falta de implicaci\u00f3n en la organizaci\u00f3n de gente m\u00e1s joven; vemos que con nosotros esto se acaba y no queremos que sea as\u00ed\u201d.<\/p>\n","protected":false},"excerpt":{"rendered":"<div class=\"mh-excerpt\">El pasado viernes, 27 de mayo, la plaza Doctor Cajal fue una vez m\u00e1s, despu\u00e9s del par\u00f3n de la pandemia, el escenario para la celebraci\u00f3n del mercadillo solidario que organiza la concejal\u00eda de Educaci\u00f3n con <a class=\"mh-excerpt-more\" href=\"https:\/\/www.tucomarca.com\/wordpress\/segunda\/vuelve-el-mercadillo-solidario-a-cheste\/\" title=\"Vuelve el mercadillo solidario a Cheste\">[+] <\/a><\/div>\n","protected":false},"author":12,"featured_media":158266,"comment_status":"open","ping_status":"open","sticky":false,"template":"","format":"gallery","meta":{"footnotes":""},"categories":[17,128,8,10,7,3],"tags":[339,5952,17239],"class_list":{"0":"post-158258","1":"post","2":"type-post","3":"status-publish","4":"format-gallery","5":"has-post-thumbnail","7":"category-cheste","8":"category-infraestructuras","9":"category-la-comarca","10":"category-la-hoya","11":"category-ocio-y-cultura","12":"category-seccion","13":"tag-cheste-2","14":"tag-la-hoya-de-bunol-chiva","15":"tag-mercadillo-solidario","16":"post_format-post-format-gallery"},"_links":{"self":[{"href":"https:\/\/www.tucomarca.com\/wordpress\/segunda\/wp-json\/wp\/v2\/posts\/158258","targetHints":{"allow":["GET"]}}],"collection":[{"href":"https:\/\/www.tucomarca.com\/wordpress\/segunda\/wp-json\/wp\/v2\/posts"}],"about":[{"href":"https:\/\/www.tucomarca.com\/wordpress\/segunda\/wp-json\/wp\/v2\/types\/post"}],"author":[{"embeddable":true,"href":"https:\/\/www.tucomarca.com\/wordpress\/segunda\/wp-json\/wp\/v2\/users\/12"}],"replies":[{"embeddable":true,"href":"https:\/\/www.tucomarca.com\/wordpress\/segunda\/wp-json\/wp\/v2\/comments?post=158258"}],"version-history":[{"count":0,"href":"https:\/\/www.tucomarca.com\/wordpress\/segunda\/wp-json\/wp\/v2\/posts\/158258\/revisions"}],"wp:featuredmedia":[{"embeddable":true,"href":"https:\/\/www.tucomarca.com\/wordpress\/segunda\/wp-json\/wp\/v2\/media\/158266"}],"wp:attachment":[{"href":"https:\/\/www.tucomarca.com\/wordpress\/segunda\/wp-json\/wp\/v2\/media?parent=158258"}],"wp:term":[{"taxonomy":"category","embeddable":true,"href":"https:\/\/www.tucomarca.com\/wordpress\/segunda\/wp-json\/wp\/v2\/categories?post=158258"},{"taxonomy":"post_tag","embeddable":true,"href":"https:\/\/www.tucomarca.com\/wordpress\/segunda\/wp-json\/wp\/v2\/tags?post=158258"}],"curies":[{"name":"wp","href":"https:\/\/api.w.org\/{rel}","templated":true}]}}