{"id":15847,"date":"2013-06-27T10:45:57","date_gmt":"2013-06-27T07:45:57","guid":{"rendered":"http:\/\/www.tucomarca.com\/wordpress\/segunda\/?p=15847"},"modified":"2013-06-27T10:45:57","modified_gmt":"2013-06-27T07:45:57","slug":"la-escuela-de-musica-de-%c2%abla-artistica%c2%bb-de-chiva-prepara-su-segundo-curso-de-verano","status":"publish","type":"post","link":"https:\/\/www.tucomarca.com\/wordpress\/segunda\/la-escuela-de-musica-de-%c2%abla-artistica%c2%bb-de-chiva-prepara-su-segundo-curso-de-verano\/","title":{"rendered":"La Escuela de M\u00fasica de \u00abLa Art\u00edstica\u00bb de Chiva prepara su segundo curso de verano"},"content":{"rendered":"<p>Como adelant\u00f3 este semanario en su edici\u00f3n impresa, la Escuela de M\u00fasica Maestro Garc\u00eda Navarro de la Sociedad Musical \u00abLa Art\u00edstica\u00bb de Chiva desarrollar\u00e1 del 1 al 6 de julio su II Curso de Verano en el que, como se ha confirmado a este semanario, se ofertar\u00e1n clases individuales, de m\u00fasica de c\u00e1mara, de iniciaci\u00f3n musical y clases de Batucada.<br \/>\nQuienes se inscriban para participar en esta experiencia musical tendr\u00e1n la oportunidad de realizar trabajos espec\u00edficos como el de respiraci\u00f3n, postura, t\u00e9cnica y afinaci\u00f3n en el apartado instrumental, a lo que se une el trabajo en ensemble; en este caso con trabajos en grupos de c\u00e1mara de viento-madera, viento-metal, cuerda y percusi\u00f3n.<br \/>\nTodo esto se completar\u00e1 con audiciones en diversos espacios con las que se quiere incentivar tanto al m\u00fasico como a los ciudadanos que tengan la oportunidad de escucharles.<br \/>\nComo se ha detallado desde la escuela de m\u00fasica chivana, el  precio del curso para los alumnos de iniciaci\u00f3n musical es de 40 euros, mientras que quienes se inscriban en el apartado instrumental deber\u00e1n abonar 50.<br \/>\nEl hecho de contar con reconocidos profesionales es otro de los alicientes de este II Curso de Verano.<\/p>\n","protected":false},"excerpt":{"rendered":"<div class=\"mh-excerpt\">Como adelant\u00f3 este semanario en su edici\u00f3n impresa, la Escuela de M\u00fasica Maestro Garc\u00eda Navarro de la Sociedad Musical \u00abLa Art\u00edstica\u00bb de Chiva desarrollar\u00e1 del 1 al 6 de julio su II Curso de Verano <a class=\"mh-excerpt-more\" href=\"https:\/\/www.tucomarca.com\/wordpress\/segunda\/la-escuela-de-musica-de-%c2%abla-artistica%c2%bb-de-chiva-prepara-su-segundo-curso-de-verano\/\" title=\"La Escuela de M\u00fasica de \u00abLa Art\u00edstica\u00bb de Chiva prepara su segundo curso de verano\">[+] <\/a><\/div>\n","protected":false},"author":2,"featured_media":0,"comment_status":"open","ping_status":"open","sticky":false,"template":"","format":"standard","meta":{"footnotes":""},"categories":[66,16,10,7,3],"tags":[627,10384,819,889],"class_list":{"0":"post-15847","1":"post","2":"type-post","3":"status-publish","4":"format-standard","6":"category-musica","7":"category-chiva","8":"category-la-hoya","9":"category-ocio-y-cultura","10":"category-seccion","11":"tag-artistica","12":"tag-chiva","13":"tag-escuela","14":"tag-verano"},"_links":{"self":[{"href":"https:\/\/www.tucomarca.com\/wordpress\/segunda\/wp-json\/wp\/v2\/posts\/15847","targetHints":{"allow":["GET"]}}],"collection":[{"href":"https:\/\/www.tucomarca.com\/wordpress\/segunda\/wp-json\/wp\/v2\/posts"}],"about":[{"href":"https:\/\/www.tucomarca.com\/wordpress\/segunda\/wp-json\/wp\/v2\/types\/post"}],"author":[{"embeddable":true,"href":"https:\/\/www.tucomarca.com\/wordpress\/segunda\/wp-json\/wp\/v2\/users\/2"}],"replies":[{"embeddable":true,"href":"https:\/\/www.tucomarca.com\/wordpress\/segunda\/wp-json\/wp\/v2\/comments?post=15847"}],"version-history":[{"count":0,"href":"https:\/\/www.tucomarca.com\/wordpress\/segunda\/wp-json\/wp\/v2\/posts\/15847\/revisions"}],"wp:attachment":[{"href":"https:\/\/www.tucomarca.com\/wordpress\/segunda\/wp-json\/wp\/v2\/media?parent=15847"}],"wp:term":[{"taxonomy":"category","embeddable":true,"href":"https:\/\/www.tucomarca.com\/wordpress\/segunda\/wp-json\/wp\/v2\/categories?post=15847"},{"taxonomy":"post_tag","embeddable":true,"href":"https:\/\/www.tucomarca.com\/wordpress\/segunda\/wp-json\/wp\/v2\/tags?post=15847"}],"curies":[{"name":"wp","href":"https:\/\/api.w.org\/{rel}","templated":true}]}}