{"id":158508,"date":"2022-06-02T20:00:00","date_gmt":"2022-06-02T18:00:00","guid":{"rendered":"http:\/\/www.tucomarca.com\/wordpress\/segunda\/?p=158508"},"modified":"2022-06-03T16:54:06","modified_gmt":"2022-06-03T14:54:06","slug":"el-club-gimnasia-ritmica-bunol-turis-vall-dels-alcalans-organiza-este-sabado-en-el-planell-el-campeonato-provincial-copa-comunidad-valenciana-de-conjuntos-y-el-provincial-federacion-avanzado","status":"publish","type":"post","link":"https:\/\/www.tucomarca.com\/wordpress\/segunda\/el-club-gimnasia-ritmica-bunol-turis-vall-dels-alcalans-organiza-este-sabado-en-el-planell-el-campeonato-provincial-copa-comunidad-valenciana-de-conjuntos-y-el-provincial-federacion-avanzado\/","title":{"rendered":"El Club Gimnasia R\u00edtmica Bu\u00f1ol-Tur\u00eds-Vall dels Alcalans organiza este s\u00e1bado en El Planell el Campeonato Provincial Copa Comunidad Valenciana de Conjuntos y el Provincial Federaci\u00f3n Avanzado"},"content":{"rendered":"\n<p>El Club Gimnasia R\u00edtmica Bu\u00f1ol-Tur\u00eds-Vall dels Alcalans organiza este s\u00e1bado en el Polideportivo El Planell Pablo Cus\u00ed Sierra de Bu\u00f1ol el Campeonato Provincial Copa Comunidad Valenciana de Conjuntos y el Provincial Federaci\u00f3n Avanzado. En esta competici\u00f3n participan los conjuntos del club bu\u00f1olense Prebenjam\u00edn, Cadete y Juvenil, adem\u00e1s de Eva Oliva, en Individual Senior. El horario de la competici\u00f3n es desde las 9h hasta las 19:45h.<\/p>\n\n\n\n<p>Este club tambi\u00e9n participa el domingo en Cullera en el Provincial Federaci\u00f3n B\u00e1sico y Medio Individual y Equipos. Ah\u00ed participan:&nbsp;<\/p>\n\n\n\n<p>-Ana Mar\u00eda Hodoroaba, categor\u00eda Subsiete individual&nbsp;<\/p>\n\n\n\n<p>&#8211; Olivia Ferriol, categor\u00eda Subsiete individual<\/p>\n\n\n\n<p>&#8211; Anna Isabel Mar\u00eda, Alevin individual&nbsp;<\/p>\n\n\n\n<p>-Karla Clemente y Alejandra Brudan, infantil equipo&nbsp;<\/p>\n\n\n\n<p>-Rita Folch, cedida al club Benimaclet infantil equipo<\/p>\n\n\n\n<p>Todas ellas intentar\u00e1n la clasificaci\u00f3n al auton\u00f3mico, que ser\u00e1 en las pr\u00f3ximas semanas. Fin de semana muy completo de competiciones oficiales. As\u00ed se pone rumbo final a esta magn\u00edfica temporada.<\/p>\n\n\n\n<figure class=\"wp-block-gallery columns-2 is-cropped wp-block-gallery-1 is-layout-flex wp-block-gallery-is-layout-flex\"><ul class=\"blocks-gallery-grid\"><li class=\"blocks-gallery-item\"><figure><img loading=\"lazy\" decoding=\"async\" width=\"1024\" height=\"768\" src=\"https:\/\/www.tucomarca.com\/wordpress\/segunda\/wp-content\/uploads\/2022\/06\/49e7b80c-1975-401c-b6bd-d929b59f6794-2.jpg\" alt=\"\" data-id=\"158522\" data-full-url=\"https:\/\/www.tucomarca.com\/wordpress\/segunda\/wp-content\/uploads\/2022\/06\/49e7b80c-1975-401c-b6bd-d929b59f6794-2.jpg\" data-link=\"https:\/\/www.tucomarca.com\/wordpress\/segunda\/?attachment_id=158522\" class=\"wp-image-158522\" srcset=\"https:\/\/www.tucomarca.com\/wordpress\/segunda\/wp-content\/uploads\/2022\/06\/49e7b80c-1975-401c-b6bd-d929b59f6794-2.jpg 1024w, https:\/\/www.tucomarca.com\/wordpress\/segunda\/wp-content\/uploads\/2022\/06\/49e7b80c-1975-401c-b6bd-d929b59f6794-2-300x225.jpg 300w, https:\/\/www.tucomarca.com\/wordpress\/segunda\/wp-content\/uploads\/2022\/06\/49e7b80c-1975-401c-b6bd-d929b59f6794-2-768x576.jpg 768w, https:\/\/www.tucomarca.com\/wordpress\/segunda\/wp-content\/uploads\/2022\/06\/49e7b80c-1975-401c-b6bd-d929b59f6794-2-678x509.jpg 678w, https:\/\/www.tucomarca.com\/wordpress\/segunda\/wp-content\/uploads\/2022\/06\/49e7b80c-1975-401c-b6bd-d929b59f6794-2-326x245.jpg 326w, https:\/\/www.tucomarca.com\/wordpress\/segunda\/wp-content\/uploads\/2022\/06\/49e7b80c-1975-401c-b6bd-d929b59f6794-2-80x60.jpg 80w\" sizes=\"auto, (max-width: 1024px) 100vw, 1024px\" \/><\/figure><\/li><li class=\"blocks-gallery-item\"><figure><img loading=\"lazy\" decoding=\"async\" width=\"940\" height=\"1024\" src=\"https:\/\/www.tucomarca.com\/wordpress\/segunda\/wp-content\/uploads\/2022\/06\/bd373580-2e73-4e19-94fe-7a0592266a10-1.jpg\" alt=\"\" data-id=\"158524\" data-full-url=\"https:\/\/www.tucomarca.com\/wordpress\/segunda\/wp-content\/uploads\/2022\/06\/bd373580-2e73-4e19-94fe-7a0592266a10-1.jpg\" data-link=\"https:\/\/www.tucomarca.com\/wordpress\/segunda\/?attachment_id=158524\" class=\"wp-image-158524\" srcset=\"https:\/\/www.tucomarca.com\/wordpress\/segunda\/wp-content\/uploads\/2022\/06\/bd373580-2e73-4e19-94fe-7a0592266a10-1.jpg 940w, https:\/\/www.tucomarca.com\/wordpress\/segunda\/wp-content\/uploads\/2022\/06\/bd373580-2e73-4e19-94fe-7a0592266a10-1-275x300.jpg 275w, https:\/\/www.tucomarca.com\/wordpress\/segunda\/wp-content\/uploads\/2022\/06\/bd373580-2e73-4e19-94fe-7a0592266a10-1-768x837.jpg 768w\" sizes=\"auto, (max-width: 940px) 100vw, 940px\" \/><\/figure><\/li><\/ul><\/figure>\n","protected":false},"excerpt":{"rendered":"<div class=\"mh-excerpt\">El Club Gimnasia R\u00edtmica Bu\u00f1ol-Tur\u00eds-Vall dels Alcalans organiza este s\u00e1bado en el Polideportivo El Planell Pablo Cus\u00ed Sierra de Bu\u00f1ol el Campeonato Provincial Copa Comunidad Valenciana de Conjuntos y el Provincial Federaci\u00f3n Avanzado. En esta <a class=\"mh-excerpt-more\" href=\"https:\/\/www.tucomarca.com\/wordpress\/segunda\/el-club-gimnasia-ritmica-bunol-turis-vall-dels-alcalans-organiza-este-sabado-en-el-planell-el-campeonato-provincial-copa-comunidad-valenciana-de-conjuntos-y-el-provincial-federacion-avanzado\/\" title=\"El Club Gimnasia R\u00edtmica Bu\u00f1ol-Tur\u00eds-Vall dels Alcalans organiza este s\u00e1bado en El Planell el Campeonato Provincial Copa Comunidad Valenciana de Conjuntos y el Provincial Federaci\u00f3n Avanzado\">[+] <\/a><\/div>\n","protected":false},"author":12,"featured_media":158513,"comment_status":"open","ping_status":"open","sticky":false,"template":"","format":"standard","meta":{"footnotes":""},"categories":[4,18,6,10,42,199,3,43],"tags":[10385,170,5952,3640,10394],"class_list":{"0":"post-158508","1":"post","2":"type-post","3":"status-publish","4":"format-standard","5":"has-post-thumbnail","7":"category-agenda","8":"category-bunol","9":"category-deportes","10":"category-la-hoya","11":"category-la-ribera","12":"category-polideportivo","13":"category-seccion","14":"category-turis","15":"tag-bunol","16":"tag-gimnasia-ritmica","17":"tag-la-hoya-de-bunol-chiva","18":"tag-la-ribera-alta","19":"tag-turis"},"_links":{"self":[{"href":"https:\/\/www.tucomarca.com\/wordpress\/segunda\/wp-json\/wp\/v2\/posts\/158508","targetHints":{"allow":["GET"]}}],"collection":[{"href":"https:\/\/www.tucomarca.com\/wordpress\/segunda\/wp-json\/wp\/v2\/posts"}],"about":[{"href":"https:\/\/www.tucomarca.com\/wordpress\/segunda\/wp-json\/wp\/v2\/types\/post"}],"author":[{"embeddable":true,"href":"https:\/\/www.tucomarca.com\/wordpress\/segunda\/wp-json\/wp\/v2\/users\/12"}],"replies":[{"embeddable":true,"href":"https:\/\/www.tucomarca.com\/wordpress\/segunda\/wp-json\/wp\/v2\/comments?post=158508"}],"version-history":[{"count":0,"href":"https:\/\/www.tucomarca.com\/wordpress\/segunda\/wp-json\/wp\/v2\/posts\/158508\/revisions"}],"wp:featuredmedia":[{"embeddable":true,"href":"https:\/\/www.tucomarca.com\/wordpress\/segunda\/wp-json\/wp\/v2\/media\/158513"}],"wp:attachment":[{"href":"https:\/\/www.tucomarca.com\/wordpress\/segunda\/wp-json\/wp\/v2\/media?parent=158508"}],"wp:term":[{"taxonomy":"category","embeddable":true,"href":"https:\/\/www.tucomarca.com\/wordpress\/segunda\/wp-json\/wp\/v2\/categories?post=158508"},{"taxonomy":"post_tag","embeddable":true,"href":"https:\/\/www.tucomarca.com\/wordpress\/segunda\/wp-json\/wp\/v2\/tags?post=158508"}],"curies":[{"name":"wp","href":"https:\/\/api.w.org\/{rel}","templated":true}]}}