{"id":158576,"date":"2022-06-03T14:00:00","date_gmt":"2022-06-03T12:00:00","guid":{"rendered":"http:\/\/www.tucomarca.com\/wordpress\/segunda\/?p=158576"},"modified":"2022-06-03T17:06:08","modified_gmt":"2022-06-03T15:06:08","slug":"csif-alerta-de-temperaturas-de-30-grados-en-la-tesoreria-general-en-requena-que-incumplen-la-normativa-de-prevencion","status":"publish","type":"post","link":"https:\/\/www.tucomarca.com\/wordpress\/segunda\/csif-alerta-de-temperaturas-de-30-grados-en-la-tesoreria-general-en-requena-que-incumplen-la-normativa-de-prevencion\/","title":{"rendered":"CSIF alerta de temperaturas de 30 grados en la Tesorer\u00eda General en Requena que incumplen la normativa de prevenci\u00f3n"},"content":{"rendered":"\n<h4 class=\"wp-block-heading\">El sindicato reclama al Ministerio de Seguridad Social que repare con urgencia la refrigeraci\u00f3n de este recinto que atiende a usuarios de toda la comarca<\/h4>\n\n\n\n<p>El sindicato CSIF alerta de temperaturas de 30 grados en el interior de la oficina de Tesorer\u00eda General de la Seguridad Social (TGSS) en Requena, que atiende a los vecinos de toda la comarca y que cuenta con una plantilla total de 14 trabajadores. Esa temperatura incumple la normativa en prevenci\u00f3n, que fija un m\u00e1ximo de 27 grados. El sindicato exige soluciones al Ministerio de Seguridad Social.<\/p>\n\n\n\n<p>La Central Sindical Independiente y de Funcionarios (CSIF) explica que durante ayer y hoy las temperaturas en el interior de este recinto de atenci\u00f3n y servicio al p\u00fablico est\u00e1n alcanzando los 30 grados. Este hecho incumple el Real Decreto 486\/1997, de 14 de abril, que establece las disposiciones m\u00ednimas de seguridad y salud en el trabajo, y que marca un m\u00e1ximo de 27 grados en el interior de los recintos laborales.<\/p>\n\n\n\n<p>El sindicato se\u00f1ala que la causa de estas altas temperaturas consiste en el retraso en la reparaci\u00f3n de la refrigeraci\u00f3n, que sufre una falta de gas que le impide entrar en funcionamiento, por lo que permanece apagada. Esta circunstancia deriva en elevadas temperaturas en el interior de la sede de TGSS en Requena, que aumentar\u00e1n previsiblemente conforme se acerque el verano. Ante esta situaci\u00f3n, CSIF reclama soluciones urgentes.<\/p>\n\n\n\n<p>El sindicato explica que Tesorer\u00eda General de la Seguridad Social atiende numerosas cuestiones y solventa tr\u00e1mites de recaudaci\u00f3n, muchos de ellos vinculados a la labor de gestor\u00edas que se instalan en sus inmediaciones para agilizar altas y bajas de trabajadores o cuestiones de cotizaciones a la Seguridad Social.<\/p>\n","protected":false},"excerpt":{"rendered":"<div class=\"mh-excerpt\">El sindicato reclama al Ministerio de Seguridad Social que repare con urgencia la refrigeraci\u00f3n de este recinto que atiende a usuarios de toda la comarca El sindicato CSIF alerta de temperaturas de 30 grados en <a class=\"mh-excerpt-more\" href=\"https:\/\/www.tucomarca.com\/wordpress\/segunda\/csif-alerta-de-temperaturas-de-30-grados-en-la-tesoreria-general-en-requena-que-incumplen-la-normativa-de-prevencion\/\" title=\"CSIF alerta de temperaturas de 30 grados en la Tesorer\u00eda General en Requena que incumplen la normativa de prevenci\u00f3n\">[+] <\/a><\/div>\n","protected":false},"author":12,"featured_media":158578,"comment_status":"open","ping_status":"open","sticky":false,"template":"","format":"standard","meta":{"footnotes":""},"categories":[128,8,142,28,27,3],"tags":[381,17291,10388,10387,17290],"class_list":{"0":"post-158576","1":"post","2":"type-post","3":"status-publish","4":"format-standard","5":"has-post-thumbnail","7":"category-infraestructuras","8":"category-la-comarca","9":"category-politica-la-comarca","10":"category-requena","11":"category-requena-utiel","12":"category-seccion","13":"tag-csif","14":"tag-ministerio-de-seguridad-social","15":"tag-requena","16":"tag-requena-utiel","17":"tag-tesoreria-general-requena"},"_links":{"self":[{"href":"https:\/\/www.tucomarca.com\/wordpress\/segunda\/wp-json\/wp\/v2\/posts\/158576","targetHints":{"allow":["GET"]}}],"collection":[{"href":"https:\/\/www.tucomarca.com\/wordpress\/segunda\/wp-json\/wp\/v2\/posts"}],"about":[{"href":"https:\/\/www.tucomarca.com\/wordpress\/segunda\/wp-json\/wp\/v2\/types\/post"}],"author":[{"embeddable":true,"href":"https:\/\/www.tucomarca.com\/wordpress\/segunda\/wp-json\/wp\/v2\/users\/12"}],"replies":[{"embeddable":true,"href":"https:\/\/www.tucomarca.com\/wordpress\/segunda\/wp-json\/wp\/v2\/comments?post=158576"}],"version-history":[{"count":0,"href":"https:\/\/www.tucomarca.com\/wordpress\/segunda\/wp-json\/wp\/v2\/posts\/158576\/revisions"}],"wp:featuredmedia":[{"embeddable":true,"href":"https:\/\/www.tucomarca.com\/wordpress\/segunda\/wp-json\/wp\/v2\/media\/158578"}],"wp:attachment":[{"href":"https:\/\/www.tucomarca.com\/wordpress\/segunda\/wp-json\/wp\/v2\/media?parent=158576"}],"wp:term":[{"taxonomy":"category","embeddable":true,"href":"https:\/\/www.tucomarca.com\/wordpress\/segunda\/wp-json\/wp\/v2\/categories?post=158576"},{"taxonomy":"post_tag","embeddable":true,"href":"https:\/\/www.tucomarca.com\/wordpress\/segunda\/wp-json\/wp\/v2\/tags?post=158576"}],"curies":[{"name":"wp","href":"https:\/\/api.w.org\/{rel}","templated":true}]}}