{"id":1586,"date":"2012-05-14T15:15:21","date_gmt":"2012-05-14T15:15:21","guid":{"rendered":"http:\/\/www.tucomarca.com\/wordpress\/segunda\/?p=1586"},"modified":"2012-05-15T08:43:13","modified_gmt":"2012-05-15T07:43:13","slug":"entrega-de-los-premios-del-xvii-concurso-de-aceites-ciudad-de-utiel","status":"publish","type":"post","link":"https:\/\/www.tucomarca.com\/wordpress\/segunda\/entrega-de-los-premios-del-xvii-concurso-de-aceites-ciudad-de-utiel\/","title":{"rendered":"Entrega de los premios del XVII concurso de aceites Ciudad de Utiel"},"content":{"rendered":"<figure id=\"attachment_1620\" aria-describedby=\"caption-attachment-1620\" style=\"width: 212px\" class=\"wp-caption alignleft\"><a href=\"https:\/\/www.tucomarca.com\/wordpress\/segunda\/wp-content\/uploads\/2012\/05\/CartelAceite12.jpg\"><img loading=\"lazy\" decoding=\"async\" class=\"size-medium wp-image-1620\" title=\"CartelAceite12\" src=\"https:\/\/www.tucomarca.com\/wordpress\/segunda\/wp-content\/uploads\/2012\/05\/CartelAceite12-212x300.jpg\" alt=\"Cartel anunciador del concurso de Utiel.\" width=\"212\" height=\"300\" srcset=\"https:\/\/www.tucomarca.com\/wordpress\/segunda\/wp-content\/uploads\/2012\/05\/CartelAceite12-212x300.jpg 212w, https:\/\/www.tucomarca.com\/wordpress\/segunda\/wp-content\/uploads\/2012\/05\/CartelAceite12.jpg 612w\" sizes=\"auto, (max-width: 212px) 100vw, 212px\" \/><\/a><figcaption id=\"caption-attachment-1620\" class=\"wp-caption-text\">Cartel anunciador del concurso de Utiel.<\/figcaption><\/figure>\n<p>La consellera de Agricultura, Pesca, Alimentaci\u00f3n y Agua del Gobierno valenciano, Maritina Hern\u00e1ndez, ha presidido el acto de entrega de premios del XVII Concurso de Aceites de Oliva V\u00edrgenes y VI de Aceites de Oliva V\u00edrgenes Ecol\u00f3gicos \u2018Ciudad de Utiel\u2019.<\/p>\n<p>La Consellera ha destacado que el aceite de la Comunitat Valenciana se ha consolidado como un producto de calidad y diferenciado muy apreciado por el consumidor, \u00abcomo refleja el comportamiento de las ventas a nivel internacional, cuyo valor en 2011 fue de m\u00e1s de 16 millones de euros, lo que supuso un incremento del 17% respecto al ejercicio anterior\u00bb, seg\u00fan ha subrayado.<\/p>\n<p>\u00abEstos datos refrendan la apuesta emprendida por las empresas y cooperativas del sector ole\u00edcola valenciano en su proceso de modernizaci\u00f3n mediante investigaci\u00f3n e innovaci\u00f3n, que ha permitido ofertar un producto diferenciado, as\u00ed como a nivel de promoci\u00f3n y comercializaci\u00f3n\u00bb, ha a\u00f1adido la responsable de Agricultura en el gobierno valenciano.<\/p>\n<p>La titular de Agricultura\u00a0 ha resaltado la colaboraci\u00f3n de la Generalitat en este \u00e1mbito, fruto de la cual se han recuperado y entregado al sector dos nuevos clones de las variedades de aceituna aut\u00f3ctonas como son la Farga y Serrana, de las que se extrae un alimento de especial calidad y cualidades nutritivas.<\/p>\n<p>La consellera tambi\u00e9n ha subrayado que el cultivo del olivar, \u00abmuy arraigado en la agricultura de muchas de nuestras comarcas, constituye un valor econ\u00f3mico, social, paisaj\u00edstico y medioambiental de primer nivel para el desarrollo socioecon\u00f3mico de muchos de nuestros municipios y comarcas de interior\u00bb.<\/p>\n<p>En este sentido, la superficie ole\u00edcola de la Comunitat Valenciana supera las 93.000 hect\u00e1reas, distribuidas en 395 municipios de las tres provincias, con una producci\u00f3n anual de aceite de oliva en alrededor de 21.300 hect\u00e1reas. De este modo, el olivar forma parte inherente de nuestro paisaje mediterr\u00e1neo y preserva nuestro patrimonio medioambiental, adem\u00e1s de representar una buena parte de la superficie cultivo de nuestro territorio.<\/p>\n<p>Maritina Hern\u00e1ndez ha agradecido la labor del Ayuntamiento de Utiel y la empresa Aceites de las Heras, organizadores del concurso, \u00abya que con su iniciativa se pone en valor al sector ole\u00edcola de la Comunitat en su conjunto y convierte a esta localidad por unos d\u00edas en la capital de la cultura del aceite de oliva de nuestro territorio\u00bb.<\/p>\n<p>Los premiados en esta edici\u00f3n han sido Mas\u00eda El Altet, en la categor\u00eda de mejor aceite de oliva virgen extra de frutado verde, la Cooperativa Agr\u00edcola San Isidro de Segorbe, que ha obtenido el reconocimiento al mejor aceite de oliva virgen extra de frutado maduro y tambi\u00e9n el galard\u00f3n como mejor aceite de oliva virgen extra con D.O. \u201cAceites de la Comunitat Valenciana, y Font Negre, con el premio especial al mejor aceite ecol\u00f3gico.<\/p>\n","protected":false},"excerpt":{"rendered":"<div class=\"mh-excerpt\">La consellera de Agricultura, Pesca, Alimentaci\u00f3n y Agua del Gobierno valenciano, Maritina Hern\u00e1ndez, ha presidido el acto de entrega de premios del XVII Concurso de Aceites de Oliva V\u00edrgenes y VI de Aceites de Oliva <a class=\"mh-excerpt-more\" href=\"https:\/\/www.tucomarca.com\/wordpress\/segunda\/entrega-de-los-premios-del-xvii-concurso-de-aceites-ciudad-de-utiel\/\" title=\"Entrega de los premios del XVII concurso de aceites Ciudad de Utiel\">[+] <\/a><\/div>\n","protected":false},"author":1,"featured_media":1620,"comment_status":"open","ping_status":"open","sticky":false,"template":"","format":"standard","meta":{"footnotes":""},"categories":[169,8,117,27,29],"tags":[],"class_list":{"0":"post-1586","1":"post","2":"type-post","3":"status-publish","4":"format-standard","5":"has-post-thumbnail","7":"category-agricultura-la-comarca","8":"category-la-comarca","9":"category-medio-ambiente-la-comarca","10":"category-requena-utiel","11":"category-utiel"},"_links":{"self":[{"href":"https:\/\/www.tucomarca.com\/wordpress\/segunda\/wp-json\/wp\/v2\/posts\/1586","targetHints":{"allow":["GET"]}}],"collection":[{"href":"https:\/\/www.tucomarca.com\/wordpress\/segunda\/wp-json\/wp\/v2\/posts"}],"about":[{"href":"https:\/\/www.tucomarca.com\/wordpress\/segunda\/wp-json\/wp\/v2\/types\/post"}],"author":[{"embeddable":true,"href":"https:\/\/www.tucomarca.com\/wordpress\/segunda\/wp-json\/wp\/v2\/users\/1"}],"replies":[{"embeddable":true,"href":"https:\/\/www.tucomarca.com\/wordpress\/segunda\/wp-json\/wp\/v2\/comments?post=1586"}],"version-history":[{"count":0,"href":"https:\/\/www.tucomarca.com\/wordpress\/segunda\/wp-json\/wp\/v2\/posts\/1586\/revisions"}],"wp:featuredmedia":[{"embeddable":true,"href":"https:\/\/www.tucomarca.com\/wordpress\/segunda\/wp-json\/wp\/v2\/media\/1620"}],"wp:attachment":[{"href":"https:\/\/www.tucomarca.com\/wordpress\/segunda\/wp-json\/wp\/v2\/media?parent=1586"}],"wp:term":[{"taxonomy":"category","embeddable":true,"href":"https:\/\/www.tucomarca.com\/wordpress\/segunda\/wp-json\/wp\/v2\/categories?post=1586"},{"taxonomy":"post_tag","embeddable":true,"href":"https:\/\/www.tucomarca.com\/wordpress\/segunda\/wp-json\/wp\/v2\/tags?post=1586"}],"curies":[{"name":"wp","href":"https:\/\/api.w.org\/{rel}","templated":true}]}}