{"id":158615,"date":"2022-06-03T22:00:00","date_gmt":"2022-06-03T20:00:00","guid":{"rendered":"http:\/\/www.tucomarca.com\/wordpress\/segunda\/?p=158615"},"modified":"2022-06-04T10:33:47","modified_gmt":"2022-06-04T08:33:47","slug":"sanidad-notifica-17-fallecimientos-y-3-326-nuevos-casos-de-coronavirus-en-la-comunitat-valenciana-1-486-de-ellos-en-personas-mayores-de-60-anos","status":"publish","type":"post","link":"https:\/\/www.tucomarca.com\/wordpress\/segunda\/sanidad-notifica-17-fallecimientos-y-3-326-nuevos-casos-de-coronavirus-en-la-comunitat-valenciana-1-486-de-ellos-en-personas-mayores-de-60-anos\/","title":{"rendered":"Sanidad notifica 17 fallecimientos y 3.326 nuevos casos de coronavirus en la Comunitat Valenciana, 1.486 de ellos en personas mayores de 60 a\u00f1os"},"content":{"rendered":"\n<p><strong>Los hospitales valencianos tienen 652 personas ingresadas, 34 de ellas en la UCI<\/strong><\/p>\n\n\n\n<p>La Conselleria de Sanidad Universal y Salud P\u00fablica ha notificado un total de 3.326 nuevos casos de coronavirus confirmados por prueba PCR o a trav\u00e9s de test de ant\u00edgenos desde la \u00faltima actualizaci\u00f3n. Los nuevos casos por provincias son 406 en Castell\u00f3n (176.961 en total), 1.074 en Alicante (494.763 en total) y 1.846 en Valencia (770.682 en total).<\/p>\n\n\n\n<p>De ellos, 1.486 son de personas mayores de 60 a\u00f1os. Por provincias: 234 de Castell\u00f3n, 514 de Alicante y 738 de Valencia.<\/p>\n\n\n\n<p>Los hospitales valencianos tienen, actualmente 652 personas ingresadas, 34 de ellas en la UCI: 129 en la provincia de Castell\u00f3n, 2 en UCI; 202 en la provincia de Alicante, 15 de ellas en la UCI; y 321 en la provincia de Valencia, 17 en UCI.&nbsp;<\/p>\n\n\n\n<p>Se han notificado 17 fallecimientos por coronavirus desde la \u00faltima actualizaci\u00f3n, con fecha de defunci\u00f3n en los \u00faltimos 15 d\u00edas. Se trata de 6 mujeres, de entre 81 y 96 a\u00f1os, y 11 hombres, de entre 55 y 90 a\u00f1os. El total de decesos desde el inicio de la pandemia asciende a 9.433: 1.103 en la provincia de Castell\u00f3n, 3.586 en la de Alicante y 4.744 en la de Valencia.<\/p>\n","protected":false},"excerpt":{"rendered":"<div class=\"mh-excerpt\">Los hospitales valencianos tienen 652 personas ingresadas, 34 de ellas en la UCI La Conselleria de Sanidad Universal y Salud P\u00fablica ha notificado un total de 3.326 nuevos casos de coronavirus confirmados por prueba PCR <a class=\"mh-excerpt-more\" href=\"https:\/\/www.tucomarca.com\/wordpress\/segunda\/sanidad-notifica-17-fallecimientos-y-3-326-nuevos-casos-de-coronavirus-en-la-comunitat-valenciana-1-486-de-ellos-en-personas-mayores-de-60-anos\/\" title=\"Sanidad notifica 17 fallecimientos y 3.326 nuevos casos de coronavirus en la Comunitat Valenciana, 1.486 de ellos en personas mayores de 60 a\u00f1os\">[+] <\/a><\/div>\n","protected":false},"author":1,"featured_media":141875,"comment_status":"open","ping_status":"open","sticky":false,"template":"","format":"standard","meta":{"footnotes":""},"categories":[119,12201,128,8,72,117,142,3,116,45],"tags":[11937,11938,2142],"class_list":{"0":"post-158615","1":"post","2":"type-post","3":"status-publish","4":"format-standard","5":"has-post-thumbnail","7":"category-sanidad-la-comarca","8":"category-covid-19","9":"category-infraestructuras","10":"category-la-comarca","11":"category-sin-categorizar","12":"category-medio-ambiente-la-comarca","13":"category-politica-la-comarca","14":"category-seccion","15":"category-sucesos-la-comarca","16":"category-ventana","17":"tag-coronavirus","18":"tag-covid-19","19":"tag-la-comunitat"},"_links":{"self":[{"href":"https:\/\/www.tucomarca.com\/wordpress\/segunda\/wp-json\/wp\/v2\/posts\/158615","targetHints":{"allow":["GET"]}}],"collection":[{"href":"https:\/\/www.tucomarca.com\/wordpress\/segunda\/wp-json\/wp\/v2\/posts"}],"about":[{"href":"https:\/\/www.tucomarca.com\/wordpress\/segunda\/wp-json\/wp\/v2\/types\/post"}],"author":[{"embeddable":true,"href":"https:\/\/www.tucomarca.com\/wordpress\/segunda\/wp-json\/wp\/v2\/users\/1"}],"replies":[{"embeddable":true,"href":"https:\/\/www.tucomarca.com\/wordpress\/segunda\/wp-json\/wp\/v2\/comments?post=158615"}],"version-history":[{"count":0,"href":"https:\/\/www.tucomarca.com\/wordpress\/segunda\/wp-json\/wp\/v2\/posts\/158615\/revisions"}],"wp:featuredmedia":[{"embeddable":true,"href":"https:\/\/www.tucomarca.com\/wordpress\/segunda\/wp-json\/wp\/v2\/media\/141875"}],"wp:attachment":[{"href":"https:\/\/www.tucomarca.com\/wordpress\/segunda\/wp-json\/wp\/v2\/media?parent=158615"}],"wp:term":[{"taxonomy":"category","embeddable":true,"href":"https:\/\/www.tucomarca.com\/wordpress\/segunda\/wp-json\/wp\/v2\/categories?post=158615"},{"taxonomy":"post_tag","embeddable":true,"href":"https:\/\/www.tucomarca.com\/wordpress\/segunda\/wp-json\/wp\/v2\/tags?post=158615"}],"curies":[{"name":"wp","href":"https:\/\/api.w.org\/{rel}","templated":true}]}}