{"id":158640,"date":"2022-06-06T09:00:00","date_gmt":"2022-06-06T07:00:00","guid":{"rendered":"http:\/\/www.tucomarca.com\/wordpress\/segunda\/?p=158640"},"modified":"2022-06-06T11:12:08","modified_gmt":"2022-06-06T09:12:08","slug":"opinion-a-bocajarro-por-joseh-larrazabal-8","status":"publish","type":"post","link":"https:\/\/www.tucomarca.com\/wordpress\/segunda\/opinion-a-bocajarro-por-joseh-larrazabal-8\/","title":{"rendered":"Opini\u00f3n: \u00abA Bocajarro\u00bb, por J\u00f3seh Larraz\u00e1bal"},"content":{"rendered":"\n<h2 class=\"wp-block-heading\">El ascenso llegar\u00e1!!<\/h2>\n\n\n\n<figure class=\"wp-block-image size-large is-resized\"><img loading=\"lazy\" decoding=\"async\" src=\"https:\/\/www.tucomarca.com\/wordpress\/segunda\/wp-content\/uploads\/2021\/07\/JoseLarrazabal-1024x1024.jpg\" alt=\"\" class=\"wp-image-136627\" width=\"158\" height=\"158\" srcset=\"https:\/\/www.tucomarca.com\/wordpress\/segunda\/wp-content\/uploads\/2021\/07\/JoseLarrazabal-1024x1024.jpg 1024w, https:\/\/www.tucomarca.com\/wordpress\/segunda\/wp-content\/uploads\/2021\/07\/JoseLarrazabal-300x300.jpg 300w, https:\/\/www.tucomarca.com\/wordpress\/segunda\/wp-content\/uploads\/2021\/07\/JoseLarrazabal-290x290.jpg 290w, https:\/\/www.tucomarca.com\/wordpress\/segunda\/wp-content\/uploads\/2021\/07\/JoseLarrazabal-768x768.jpg 768w, https:\/\/www.tucomarca.com\/wordpress\/segunda\/wp-content\/uploads\/2021\/07\/JoseLarrazabal.jpg 1086w\" sizes=\"auto, (max-width: 158px) 100vw, 158px\" \/><\/figure>\n\n\n\n<p>No pudo ser; a la tercera no fue la vencida.<br>Tristeza, lamentaciones, depresi\u00f3n y derrota, adem\u00e1s de orgullo por la actitud y la trayectoria del CD Bu\u00f1ol, es lo que siente la fiel afici\u00f3n bu\u00f1olense.<br>Una trayectoria inmaculada en la que s\u00f3lo el Patacona ha podido arrebatarle el primer puesto en la fase regular a nuestro CD Bu\u00f1ol.<br>Algo que, m\u00e1s all\u00e1 de la satisfaccion deportiva, no tiene demasiada repercusi\u00f3n, ya que tambi\u00e9n los segundos jugaban las fase de ascenso a 3\u00aa RFEF.<br>El Bu\u00f1ol cumpli\u00f3 con creces su objetivo, no solo en la fase de grupos sino en la primera ronda del play off, venciendo y eliminando brillantemente a la UD Valld&#8217;ux\u00f3.<br>Pero en la final no pudo ser.<br>No se pudo conseguir la ansiada victoria que hubiera conducido a nuestro hist\u00f3rico club a la 3 divisi\u00f3n.<br>Y no pudo ser porque el CD Bu\u00f1ol a pesar de su orgullo su honor y su entrega no pudo, solo por 1 gol, vencer a un Gand\u00eda con mucho m\u00e1s presupuesto.<br>Un Gand\u00eda cuya poblaci\u00f3n cuenta con 75.000 habitantes frente a un Bu\u00f1ol con apenas 9.500.<br>Era David contra Goliat.<br>Es la tercera vez consecutiva que nos quedamos en puertas del ansiado ascenso y no se consigue.<br>Miren, en el f\u00fatbol no existen los milagros, si no las heroicidades, pero \u00e9stas, a menudo, no bastan.<br>En el f\u00fatbol, como en tantos \u00f3rdenes de la vida, manda el capital, y eso es una verdad irrefutable. Eso s\u00ed, en el campo son 11 contra 11 y a veces la vida y el futbol te pueden dar sorpresas.<br>El Bu\u00f1ol se levantar\u00e1, ya lo habr\u00e1 hecho, una y Mil veces. Ese es el esp\u00edritu de nuestro CD Bu\u00f1ol.<br>El ascenso llegar\u00e1 tarde o temprano.<br>Pero habr\u00e1 que tener paciencia y seguir trabajando duro y sin desmayo.<br>La 3\u00aa RFEF est\u00e1 en nuestro destino.<br>Llegar\u00e1. \u00bfEl a\u00f1o que viene? Es posible y sin\u00f3 al otro o al otro.<br>Mientras tanto sigamos trabajando y disfrutemos da la Primera preferente un a\u00f1o m\u00e1s.<br>Paciencia.<br>Vamos Bu\u00f1ol!<br>&#x1f4aa;&#x1f4aa;&#x1f4aa; &#x1f3c6;&#x1f3c6;&#x1f3c6;<\/p>\n","protected":false},"excerpt":{"rendered":"<div class=\"mh-excerpt\">El ascenso llegar\u00e1!! No pudo ser; a la tercera no fue la vencida.Tristeza, lamentaciones, depresi\u00f3n y derrota, adem\u00e1s de orgullo por la actitud y la trayectoria del CD Bu\u00f1ol, es lo que siente la fiel <a class=\"mh-excerpt-more\" href=\"https:\/\/www.tucomarca.com\/wordpress\/segunda\/opinion-a-bocajarro-por-joseh-larrazabal-8\/\" title=\"Opini\u00f3n: \u00abA Bocajarro\u00bb, por J\u00f3seh Larraz\u00e1bal\">[+] <\/a><\/div>\n","protected":false},"author":1,"featured_media":136627,"comment_status":"open","ping_status":"open","sticky":false,"template":"","format":"standard","meta":{"footnotes":""},"categories":[18,50,6,8,72,10,30,90,3],"tags":[10385,537,10379,10661,44,5952],"class_list":{"0":"post-158640","1":"post","2":"type-post","3":"status-publish","4":"format-standard","5":"has-post-thumbnail","7":"category-bunol","8":"category-futbol-deportes","9":"category-deportes","10":"category-la-comarca","11":"category-sin-categorizar","12":"category-la-hoya","13":"category-opinion","14":"category-opinion-opinion","15":"category-seccion","16":"tag-bunol","17":"tag-cd-bunol","18":"tag-deportes","19":"tag-esports","20":"tag-futbol","21":"tag-la-hoya-de-bunol-chiva"},"_links":{"self":[{"href":"https:\/\/www.tucomarca.com\/wordpress\/segunda\/wp-json\/wp\/v2\/posts\/158640","targetHints":{"allow":["GET"]}}],"collection":[{"href":"https:\/\/www.tucomarca.com\/wordpress\/segunda\/wp-json\/wp\/v2\/posts"}],"about":[{"href":"https:\/\/www.tucomarca.com\/wordpress\/segunda\/wp-json\/wp\/v2\/types\/post"}],"author":[{"embeddable":true,"href":"https:\/\/www.tucomarca.com\/wordpress\/segunda\/wp-json\/wp\/v2\/users\/1"}],"replies":[{"embeddable":true,"href":"https:\/\/www.tucomarca.com\/wordpress\/segunda\/wp-json\/wp\/v2\/comments?post=158640"}],"version-history":[{"count":0,"href":"https:\/\/www.tucomarca.com\/wordpress\/segunda\/wp-json\/wp\/v2\/posts\/158640\/revisions"}],"wp:featuredmedia":[{"embeddable":true,"href":"https:\/\/www.tucomarca.com\/wordpress\/segunda\/wp-json\/wp\/v2\/media\/136627"}],"wp:attachment":[{"href":"https:\/\/www.tucomarca.com\/wordpress\/segunda\/wp-json\/wp\/v2\/media?parent=158640"}],"wp:term":[{"taxonomy":"category","embeddable":true,"href":"https:\/\/www.tucomarca.com\/wordpress\/segunda\/wp-json\/wp\/v2\/categories?post=158640"},{"taxonomy":"post_tag","embeddable":true,"href":"https:\/\/www.tucomarca.com\/wordpress\/segunda\/wp-json\/wp\/v2\/tags?post=158640"}],"curies":[{"name":"wp","href":"https:\/\/api.w.org\/{rel}","templated":true}]}}