{"id":158641,"date":"2022-06-06T17:30:00","date_gmt":"2022-06-06T15:30:00","guid":{"rendered":"http:\/\/www.tucomarca.com\/wordpress\/segunda\/?p=158641"},"modified":"2022-06-07T10:21:44","modified_gmt":"2022-06-07T08:21:44","slug":"cheste-presenta-graffitea-2022-con-una-ruta-guiada-y-un-concierto","status":"publish","type":"post","link":"https:\/\/www.tucomarca.com\/wordpress\/segunda\/cheste-presenta-graffitea-2022-con-una-ruta-guiada-y-un-concierto\/","title":{"rendered":"Cheste presenta Graffitea 2022 con una ruta guiada y un concierto"},"content":{"rendered":"\n<p>Se ha presentado en Cheste la s\u00e9ptima edici\u00f3n de Graffitea, a cargo de su impulsora, la concejala de Cultura, M\u00aa \u00c1ngeles Llorente Cort\u00e9s, y el artista Toni Espinar, organizador del festival. El acto de presentaci\u00f3n ha tenido lugar este pasado viernes, 3 de junio.<\/p>\n\n\n\n<figure class=\"wp-block-gallery columns-2 is-cropped wp-block-gallery-1 is-layout-flex wp-block-gallery-is-layout-flex\"><ul class=\"blocks-gallery-grid\"><li class=\"blocks-gallery-item\"><figure><img loading=\"lazy\" decoding=\"async\" width=\"1024\" height=\"682\" src=\"https:\/\/www.tucomarca.com\/wordpress\/segunda\/wp-content\/uploads\/2022\/06\/ChestePresentGraffitea22_2-1024x682.jpg\" alt=\"\" data-id=\"158648\" data-full-url=\"https:\/\/www.tucomarca.com\/wordpress\/segunda\/wp-content\/uploads\/2022\/06\/ChestePresentGraffitea22_2.jpg\" data-link=\"https:\/\/www.tucomarca.com\/wordpress\/segunda\/?attachment_id=158648\" class=\"wp-image-158648\" srcset=\"https:\/\/www.tucomarca.com\/wordpress\/segunda\/wp-content\/uploads\/2022\/06\/ChestePresentGraffitea22_2-1024x682.jpg 1024w, https:\/\/www.tucomarca.com\/wordpress\/segunda\/wp-content\/uploads\/2022\/06\/ChestePresentGraffitea22_2-300x200.jpg 300w, https:\/\/www.tucomarca.com\/wordpress\/segunda\/wp-content\/uploads\/2022\/06\/ChestePresentGraffitea22_2-768x512.jpg 768w, https:\/\/www.tucomarca.com\/wordpress\/segunda\/wp-content\/uploads\/2022\/06\/ChestePresentGraffitea22_2.jpg 1181w\" sizes=\"auto, (max-width: 1024px) 100vw, 1024px\" \/><\/figure><\/li><li class=\"blocks-gallery-item\"><figure><img loading=\"lazy\" decoding=\"async\" width=\"1024\" height=\"682\" src=\"https:\/\/www.tucomarca.com\/wordpress\/segunda\/wp-content\/uploads\/2022\/06\/ChestePresentGraffitea22_3-1024x682.jpg\" alt=\"\" data-id=\"158650\" data-full-url=\"https:\/\/www.tucomarca.com\/wordpress\/segunda\/wp-content\/uploads\/2022\/06\/ChestePresentGraffitea22_3.jpg\" data-link=\"https:\/\/www.tucomarca.com\/wordpress\/segunda\/?attachment_id=158650\" class=\"wp-image-158650\" srcset=\"https:\/\/www.tucomarca.com\/wordpress\/segunda\/wp-content\/uploads\/2022\/06\/ChestePresentGraffitea22_3-1024x682.jpg 1024w, https:\/\/www.tucomarca.com\/wordpress\/segunda\/wp-content\/uploads\/2022\/06\/ChestePresentGraffitea22_3-300x200.jpg 300w, https:\/\/www.tucomarca.com\/wordpress\/segunda\/wp-content\/uploads\/2022\/06\/ChestePresentGraffitea22_3-768x512.jpg 768w, https:\/\/www.tucomarca.com\/wordpress\/segunda\/wp-content\/uploads\/2022\/06\/ChestePresentGraffitea22_3.jpg 1181w\" sizes=\"auto, (max-width: 1024px) 100vw, 1024px\" \/><\/figure><\/li><\/ul><\/figure>\n\n\n\n<p>\u201cEs un orgullo haber llegado a la s\u00e9ptima edici\u00f3n con m\u00e1s de 100 muros en la poblaci\u00f3n y haber contado con m\u00e1s de 100 artistas, a quienes quiero agradecer la calidad de su trabajo y que nos hayan dejado aqu\u00ed sus obras de una forma muy generosa. Por otra parte, quiero destacar que es posible realizar este festival gracias a que los centros educativos nos dejan sus instalaciones para pintar en sus muros y muchas personas ceden sus fachadas para que los y las artistas puedan hacer sus intervenciones. Quiero agradecerles el haber querido que sus paredes se conviertan en ventanas abiertas al arte y la cultura\u201d, manifestaba Llorente.<\/p>\n\n\n\n<p>Por su parte, Espinar desgran\u00f3 el programa de la presente edici\u00f3n y detall\u00f3 el trabajo que ya han comenzado a realizar los y las artistas participantes Graffitea 2022, invitando a la poblaci\u00f3n a disfrutar del proceso art\u00edstico que se est\u00e1 llevando a cabo en distintos puntos de la localidad. \u201cContamos con artistas&nbsp; que hacen trabajos de mucha calidad y este a\u00f1o, como novedad, contamos con tres artistas locales: Pablo PIR, Juantxo y Victoria Sinistra. Sin duda, la concepci\u00f3n del pueblo de Cheste&nbsp; hacia el arte urbano ha ido cambiando a\u00f1o a a\u00f1o y creo que hemos conseguido que haya un patrimonio art\u00edstico del que el pueblo se siente orgulloso, y no solo eso, del que se puede sacar un atractivo cultural y tur\u00edstico\u201d, declaraba Espinar.<\/p>\n\n\n\n<p>En la misma l\u00ednea, la concejala afirm\u00f3 que el festival ha ido adquiriendo cada vez m\u00e1s alcance con el paso de los a\u00f1os. \u201cLos medios cada vez tienen cada a\u00f1o m\u00e1s inter\u00e9s por Graffitea y viene gente de fuera a visitar los murales. Por otra parte, desde la organizaci\u00f3n intentamos darle la m\u00e1xima difusi\u00f3n, tenemos editadas gu\u00edas con los murales de cada a\u00f1o, hemos instalado c\u00f3digos QR en todas las obras y contamos con la empresa Tarasca Turisme que se encarga de hacer rutas a un precio muy asequible todos los fines de semana. Tambi\u00e9n cabe subrayar las sinergias que ha establecido el festival con centros art\u00edsticos de referencia, como La Beneficencia, el IVAM, o el Centro del Carmen de Cultura Contempor\u00e1nea\u201d, a\u00f1ad\u00eda Llorente.<\/p>\n\n\n\n<p>Previo a la presentaci\u00f3n, se realiz\u00f3 una ruta guiada por Tarasca Turisme, en la que se visitaron algunos de los murales de las pasadas ediciones, para concluir con la intervenci\u00f3n realizada este 2022 por Toni Espinar, donde se reivindica la Educaci\u00f3n P\u00fablica, con el lema \u201cEducaci\u00f3n P\u00fablica es libertad e igualdad\u201d. Tal y como explic\u00f3 el autor, esta obra pertenece a una trilog\u00eda que comenz\u00f3 el a\u00f1o pasado dentro de la iniciativa Muros Conscientes, donde plasm\u00f3 la reivindicaci\u00f3n de una Sanidad P\u00fablica en un muro adyacente al que ha intervenido este a\u00f1o.<\/p>\n\n\n\n<p>Para finalizar la jornada, tuvo lugar un concierto a cargo del grupo local Wireboyzz en la calle Acequia. Ma\u00f1ana, domingo 5 de junio, a las 19:00, el teatro Liceo acoger\u00e1 la clausura del festival, con la proyecci\u00f3n del documental <em>Segrelles, un ilustrador universal<\/em>. Despu\u00e9s, habr\u00e1 un \u00e1gape para todas las personas asistentes y se despedir\u00e1 a los y las artistas participantes en la s\u00e9ptima edici\u00f3n de Graffitea.<\/p>\n\n\n\n<p><strong>Sobre Graffitea Cheste<\/strong><\/p>\n\n\n\n<p>El festival ya cuenta con una p\u00e1gina web propia en la que se puede consultar todo lo relativo a la presente edici\u00f3n (programa, ubicaci\u00f3n de los muros, presentaci\u00f3n de los artistas, etc), y a las ediciones anteriores. Adem\u00e1s, se pueden hacer las reservas a las rutas culturales que se realizan durante gran parte de los fines de semana del a\u00f1o por parte de la empresa especializada Tarasca Turisme, as\u00ed como acceder a los perfiles de Facebook e Instagram de proyecto.&nbsp;<\/p>\n\n\n\n<p>El proyecto forma parte desde 2017 de la Red de Centros de Arte Contempor\u00e1neo en el entorno rural de la Agencia Valenciana de Turismo de la Comunidad Valenciana y, en 2020, recibi\u00f3 el premio al Buen Gobierno de la Federaci\u00f3n Valenciana de Municipios y Provincias como mejor iniciativa cultural.<\/p>\n\n\n\n<p>El festival integra desde 2020 la iniciativa Feminist Art, en la que el colectivo de artistas feministas que lo forman pinta durante toda una jornada en un espacio concreto de la localidad. En 2021 se puso en marcha tambi\u00e9n Muros Conscientes, con el objetivo de reivindicar los servicios p\u00fablicos esenciales.&nbsp;<\/p>\n\n\n\n<p>El programa completo de la 7\u00aa edici\u00f3n de Graffitea est\u00e1 disponible en la web municipal cheste.es y en la web del festival graffiteacheste.com<\/p>\n","protected":false},"excerpt":{"rendered":"<div class=\"mh-excerpt\">Se ha presentado en Cheste la s\u00e9ptima edici\u00f3n de Graffitea, a cargo de su impulsora, la concejala de Cultura, M\u00aa \u00c1ngeles Llorente Cort\u00e9s, y el artista Toni Espinar, organizador del festival. El acto de presentaci\u00f3n <a class=\"mh-excerpt-more\" href=\"https:\/\/www.tucomarca.com\/wordpress\/segunda\/cheste-presenta-graffitea-2022-con-una-ruta-guiada-y-un-concierto\/\" title=\"Cheste presenta Graffitea 2022 con una ruta guiada y un concierto\">[+] <\/a><\/div>\n","protected":false},"author":12,"featured_media":158646,"comment_status":"open","ping_status":"open","sticky":false,"template":"","format":"standard","meta":{"footnotes":""},"categories":[17,8,10,7,92,3],"tags":[339,14513,16254,5952],"class_list":{"0":"post-158641","1":"post","2":"type-post","3":"status-publish","4":"format-standard","5":"has-post-thumbnail","7":"category-cheste","8":"category-la-comarca","9":"category-la-hoya","10":"category-ocio-y-cultura","11":"category-pintura","12":"category-seccion","13":"tag-cheste-2","14":"tag-festival-de-street-art-graffitea","15":"tag-graffitea-2022","16":"tag-la-hoya-de-bunol-chiva"},"_links":{"self":[{"href":"https:\/\/www.tucomarca.com\/wordpress\/segunda\/wp-json\/wp\/v2\/posts\/158641","targetHints":{"allow":["GET"]}}],"collection":[{"href":"https:\/\/www.tucomarca.com\/wordpress\/segunda\/wp-json\/wp\/v2\/posts"}],"about":[{"href":"https:\/\/www.tucomarca.com\/wordpress\/segunda\/wp-json\/wp\/v2\/types\/post"}],"author":[{"embeddable":true,"href":"https:\/\/www.tucomarca.com\/wordpress\/segunda\/wp-json\/wp\/v2\/users\/12"}],"replies":[{"embeddable":true,"href":"https:\/\/www.tucomarca.com\/wordpress\/segunda\/wp-json\/wp\/v2\/comments?post=158641"}],"version-history":[{"count":0,"href":"https:\/\/www.tucomarca.com\/wordpress\/segunda\/wp-json\/wp\/v2\/posts\/158641\/revisions"}],"wp:featuredmedia":[{"embeddable":true,"href":"https:\/\/www.tucomarca.com\/wordpress\/segunda\/wp-json\/wp\/v2\/media\/158646"}],"wp:attachment":[{"href":"https:\/\/www.tucomarca.com\/wordpress\/segunda\/wp-json\/wp\/v2\/media?parent=158641"}],"wp:term":[{"taxonomy":"category","embeddable":true,"href":"https:\/\/www.tucomarca.com\/wordpress\/segunda\/wp-json\/wp\/v2\/categories?post=158641"},{"taxonomy":"post_tag","embeddable":true,"href":"https:\/\/www.tucomarca.com\/wordpress\/segunda\/wp-json\/wp\/v2\/tags?post=158641"}],"curies":[{"name":"wp","href":"https:\/\/api.w.org\/{rel}","templated":true}]}}