{"id":158655,"date":"2022-06-05T12:00:00","date_gmt":"2022-06-05T10:00:00","guid":{"rendered":"http:\/\/www.tucomarca.com\/wordpress\/segunda\/?p=158655"},"modified":"2022-06-06T14:03:00","modified_gmt":"2022-06-06T12:03:00","slug":"el-pleno-de-riba-roja-de-turia-ratifica-su-compromiso-con-la-igualdad-los-derechos-de-las-personas-lgtbi-y-la-erradicacion-de-la-violencia-contra-este-colectivo","status":"publish","type":"post","link":"https:\/\/www.tucomarca.com\/wordpress\/segunda\/el-pleno-de-riba-roja-de-turia-ratifica-su-compromiso-con-la-igualdad-los-derechos-de-las-personas-lgtbi-y-la-erradicacion-de-la-violencia-contra-este-colectivo\/","title":{"rendered":"El pleno de Riba-roja de T\u00faria ratifica su compromiso con la igualdad, los derechos de las personas LGTBI y la erradicaci\u00f3n de la violencia contra este colectivo"},"content":{"rendered":"\n<h4 class=\"wp-block-heading\">La sesi\u00f3n plenaria aprueba un compromiso por llevar a cabo un plan de formaci\u00f3n de los agentes sociales que intervienen con el colectivo para atender la realidad de las personas LGTBI&nbsp;<\/h4>\n\n\n\n<p>El pleno del Ayuntamiento de Riba-roja de T\u00faria ha ratificado su compromiso p\u00fablico sobre la igualdad, sobre la consecuci\u00f3n de los derechos de las personas que forman parte del colectivo LGTBI y la erradicaci\u00f3n de cualquier tipo de violencia contra estas personas. El acuerdo plenario ha sido aprobado por el PSPV, PP y Comprom\u00eds como partidos firmantes de la moci\u00f3n, a los que se han unido Podem Riba-roja Pot, Esquerra Unida y Ciudadanos y el voto en contra de Vox.&nbsp;<\/p>\n\n\n\n<p>El texto aprobado por el pleno de Riba-roja de T\u00faria \u2013una moci\u00f3n conjunta entre el PSPV, Partido Popular y Comprom\u00eds- hace constar un incremento de las agresiones LGTBI f\u00f3bicas en el \u00e1mbito de Espa\u00f1a, de acuerdo a los datos publicados por el Ministerio de Interior, en el que los delitos de odio denunciados han aumentado en un 8\u20196% en total. Los datos de los Observatorios Contra la Homofobia reflejan, adem\u00e1s, un incremento del n\u00famero de incidentes en este \u00e1mbito y, seg\u00fan todos los par\u00e1metros manejados, se trata de una tendencia constante en los \u00faltimos tiempos.<\/p>\n\n\n\n<p>La moci\u00f3n aprobada recuerda que d\u00eda tras d\u00eda \u201cse conocen nuevos casos de LGTBI fobia en Espa\u00f1a, un pa\u00eds pionero en el reconocimiento y en la protecci\u00f3n de los derechos civiles y un referente en el resto del mundo en cuanto a la defensa de las personas lesbianas, gays, personas trans y bisexuales\u201d. Adem\u00e1s, se alerta de la posibilidad de que algunas situaciones de agresiones no se denuncien y, por tanto, las cifras que se manejan podr\u00edan ser mayores.&nbsp;<\/p>\n\n\n\n<p>La situaci\u00f3n se agrava en el caso de los municipios, especialmente los peque\u00f1os, en los que persiste el miedo a denunciar por temor a sufrir represalias o ser se\u00f1alados como integrantes de este colectivo y el consiguiente estigma social. Seg\u00fan la moci\u00f3n aprobada por el pleno, este tipo de situaciones se podr\u00edan estar viviendo actualmente en Riba-roja de T\u00faria y, por ello, esta iniciativa pretende terminar con esta realidad social.&nbsp;<\/p>\n\n\n\n<p>Los partidos firmantes de la moci\u00f3n de Riba-roja de T\u00faria advierten de que la discriminaci\u00f3n por razones de orientaci\u00f3n sexual y de identidad de g\u00e9nero es una triste realidad que debe ser erradicada mediante el compromiso social de todos, por lo que se hace necesario continuar trabajando a favor de la igualdad y el respecto a la diversidad afectivo-sexual, al tiempo que se reafirma el compromiso activo con los derechos de las lesbianas, los gays, intersexuales, transexuales y bisexuales y una condena rotunda contra todas las conductas que supongan una discriminaci\u00f3n e intolerancia que a d\u00eda de hoy sufren las personas que forman parte del colectivo LGTBI. &nbsp;<\/p>\n\n\n\n<p>\u201cEn Riba-roja de T\u00faria no tiene cabida la discriminaci\u00f3n de unas personas hacia otras por motivos de sexo, g\u00e9nero u orientaci\u00f3n sexual, porque como municipio abierto, respetuoso y educado debemos reafirmar nuestro compromiso con el derecho de las personas de ser libres en aquellos aspectos que as\u00ed lo deseen\u201d, se subraya en la moci\u00f3n municipal.&nbsp;<\/p>\n\n\n\n<p>Por \u00faltimo, el pleno considera que Riba-roja de T\u00faria debe comprometerse de manera visible con el trabajo en el respeto a la diversidad en el sentido m\u00e1s amplio, en el marco de la libertad y en el respeto y debe manifestar su compromiso por la igualdad real entre las personas y la no discriminaci\u00f3n por razones de orientaci\u00f3n sexual, con personas que puedan vivir libres y en igualdad de condiciones entre ellos. Se aboga por incluir informaci\u00f3n sobre la LGTIB en las actividades dels Consells de Participaci\u00f3n que tengan que ver con la igualdad y los derechos sociales.&nbsp;<\/p>\n","protected":false},"excerpt":{"rendered":"<div class=\"mh-excerpt\">La sesi\u00f3n plenaria aprueba un compromiso por llevar a cabo un plan de formaci\u00f3n de los agentes sociales que intervienen con el colectivo para atender la realidad de las personas LGTBI&nbsp; El pleno del Ayuntamiento <a class=\"mh-excerpt-more\" href=\"https:\/\/www.tucomarca.com\/wordpress\/segunda\/el-pleno-de-riba-roja-de-turia-ratifica-su-compromiso-con-la-igualdad-los-derechos-de-las-personas-lgtbi-y-la-erradicacion-de-la-violencia-contra-este-colectivo\/\" title=\"El pleno de Riba-roja de T\u00faria ratifica su compromiso con la igualdad, los derechos de las personas LGTBI y la erradicaci\u00f3n de la violencia contra este colectivo\">[+] <\/a><\/div>\n","protected":false},"author":12,"featured_media":158658,"comment_status":"open","ping_status":"open","sticky":false,"template":"","format":"standard","meta":{"footnotes":""},"categories":[46,128,8,142,182,3],"tags":[15296,17296,15023],"class_list":{"0":"post-158655","1":"post","2":"type-post","3":"status-publish","4":"format-standard","5":"has-post-thumbnail","7":"category-camp-de-turia","8":"category-infraestructuras","9":"category-la-comarca","10":"category-politica-la-comarca","11":"category-riba-roja","12":"category-seccion","13":"tag-camp-de-turia-2","14":"tag-derechos-de-las-personas-lgtbi","15":"tag-riba-roja-de-turia"},"_links":{"self":[{"href":"https:\/\/www.tucomarca.com\/wordpress\/segunda\/wp-json\/wp\/v2\/posts\/158655","targetHints":{"allow":["GET"]}}],"collection":[{"href":"https:\/\/www.tucomarca.com\/wordpress\/segunda\/wp-json\/wp\/v2\/posts"}],"about":[{"href":"https:\/\/www.tucomarca.com\/wordpress\/segunda\/wp-json\/wp\/v2\/types\/post"}],"author":[{"embeddable":true,"href":"https:\/\/www.tucomarca.com\/wordpress\/segunda\/wp-json\/wp\/v2\/users\/12"}],"replies":[{"embeddable":true,"href":"https:\/\/www.tucomarca.com\/wordpress\/segunda\/wp-json\/wp\/v2\/comments?post=158655"}],"version-history":[{"count":0,"href":"https:\/\/www.tucomarca.com\/wordpress\/segunda\/wp-json\/wp\/v2\/posts\/158655\/revisions"}],"wp:featuredmedia":[{"embeddable":true,"href":"https:\/\/www.tucomarca.com\/wordpress\/segunda\/wp-json\/wp\/v2\/media\/158658"}],"wp:attachment":[{"href":"https:\/\/www.tucomarca.com\/wordpress\/segunda\/wp-json\/wp\/v2\/media?parent=158655"}],"wp:term":[{"taxonomy":"category","embeddable":true,"href":"https:\/\/www.tucomarca.com\/wordpress\/segunda\/wp-json\/wp\/v2\/categories?post=158655"},{"taxonomy":"post_tag","embeddable":true,"href":"https:\/\/www.tucomarca.com\/wordpress\/segunda\/wp-json\/wp\/v2\/tags?post=158655"}],"curies":[{"name":"wp","href":"https:\/\/api.w.org\/{rel}","templated":true}]}}