{"id":158687,"date":"2022-06-04T09:00:00","date_gmt":"2022-06-04T07:00:00","guid":{"rendered":"http:\/\/www.tucomarca.com\/wordpress\/segunda\/?p=158687"},"modified":"2022-06-06T13:54:41","modified_gmt":"2022-06-06T11:54:41","slug":"fallece-un-camionero-al-incendiase-la-cabina-en-un-accidente-en-la-a-3-a-la-altura-de-riba-roja","status":"publish","type":"post","link":"https:\/\/www.tucomarca.com\/wordpress\/segunda\/fallece-un-camionero-al-incendiase-la-cabina-en-un-accidente-en-la-a-3-a-la-altura-de-riba-roja\/","title":{"rendered":"Fallece un camionero al incendiase la cabina en un accidente en la A-3 a la altura de Riba-roja"},"content":{"rendered":"\n<p>El conductor de un cami\u00f3n ha fallecido este viernes por la tarde en un accidente que ha ocurrido en la A-3 a la altura del t\u00e9rmino municipal de Riba-roja en el que se han visto implicados dos camiones.<\/p>\n\n\n\n<p>Hasta el lugar del siniestro se han desplazado tres dotaciones de bomberos de los parques de Paterna y Chiva, un sargento y un oficial de guardia del Consorcio se han movilizado alrededor de las seis de la tarde tras recibir el aviso del siniestro.<\/p>\n\n\n\n<p>Al parecer, uno de los dos camines ha impactado por detr\u00e1s al de delante y la cabina del cami\u00f3n de atr\u00e1s se ha incendiado motivando que el conductor haya perdido la vida, seg\u00fan han informado fuentes del Consorcio Provincial de Bomberos.<\/p>\n","protected":false},"excerpt":{"rendered":"<div class=\"mh-excerpt\">El conductor de un cami\u00f3n ha fallecido este viernes por la tarde en un accidente que ha ocurrido en la A-3 a la altura del t\u00e9rmino municipal de Riba-roja en el que se han visto <a class=\"mh-excerpt-more\" href=\"https:\/\/www.tucomarca.com\/wordpress\/segunda\/fallece-un-camionero-al-incendiase-la-cabina-en-un-accidente-en-la-a-3-a-la-altura-de-riba-roja\/\" title=\"Fallece un camionero al incendiase la cabina en un accidente en la A-3 a la altura de Riba-roja\">[+] <\/a><\/div>\n","protected":false},"author":1,"featured_media":158689,"comment_status":"open","ping_status":"open","sticky":false,"template":"","format":"standard","meta":{"footnotes":""},"categories":[46,128,8,182,3,116,45],"tags":[10395,1504,33],"class_list":{"0":"post-158687","1":"post","2":"type-post","3":"status-publish","4":"format-standard","5":"has-post-thumbnail","7":"category-camp-de-turia","8":"category-infraestructuras","9":"category-la-comarca","10":"category-riba-roja","11":"category-seccion","12":"category-sucesos-la-comarca","13":"category-ventana","14":"tag-camp-de-turia","15":"tag-riba-roja-2","16":"tag-sucesos"},"_links":{"self":[{"href":"https:\/\/www.tucomarca.com\/wordpress\/segunda\/wp-json\/wp\/v2\/posts\/158687","targetHints":{"allow":["GET"]}}],"collection":[{"href":"https:\/\/www.tucomarca.com\/wordpress\/segunda\/wp-json\/wp\/v2\/posts"}],"about":[{"href":"https:\/\/www.tucomarca.com\/wordpress\/segunda\/wp-json\/wp\/v2\/types\/post"}],"author":[{"embeddable":true,"href":"https:\/\/www.tucomarca.com\/wordpress\/segunda\/wp-json\/wp\/v2\/users\/1"}],"replies":[{"embeddable":true,"href":"https:\/\/www.tucomarca.com\/wordpress\/segunda\/wp-json\/wp\/v2\/comments?post=158687"}],"version-history":[{"count":0,"href":"https:\/\/www.tucomarca.com\/wordpress\/segunda\/wp-json\/wp\/v2\/posts\/158687\/revisions"}],"wp:featuredmedia":[{"embeddable":true,"href":"https:\/\/www.tucomarca.com\/wordpress\/segunda\/wp-json\/wp\/v2\/media\/158689"}],"wp:attachment":[{"href":"https:\/\/www.tucomarca.com\/wordpress\/segunda\/wp-json\/wp\/v2\/media?parent=158687"}],"wp:term":[{"taxonomy":"category","embeddable":true,"href":"https:\/\/www.tucomarca.com\/wordpress\/segunda\/wp-json\/wp\/v2\/categories?post=158687"},{"taxonomy":"post_tag","embeddable":true,"href":"https:\/\/www.tucomarca.com\/wordpress\/segunda\/wp-json\/wp\/v2\/tags?post=158687"}],"curies":[{"name":"wp","href":"https:\/\/api.w.org\/{rel}","templated":true}]}}